{"id":19730,"date":"2019-08-21T14:54:43","date_gmt":"2019-08-21T14:54:43","guid":{"rendered":"http:\/\/www.itmina.edu.mx\/portal\/?p=3714"},"modified":"2022-12-30T20:23:31","modified_gmt":"2022-12-31T02:23:31","slug":"ceremonia-de-inicio-de-cursos-agosto-2019-enero-2020","status":"publish","type":"post","link":"https:\/\/minatitlan.tecnm.mx\/index.php\/ceremonia-de-inicio-de-cursos-agosto-2019-enero-2020\/","title":{"rendered":"CEREMONIA DE INICIO DE CURSOS  AGOSTO 2019 &#8211; ENERO 2020"},"content":{"rendered":"<h6><button id=\"listenButton1\" class=\"responsivevoice-button\" type=\"button\" value=\"Play\" title=\"ResponsiveVoice Tap to Start\/Stop Speech\"><span>&#128266; Clic para Narrar Texto<\/span><\/button>\n        <script>\n            listenButton1.onclick = function(){\n                if(responsiveVoice.isPlaying()){\n                    responsiveVoice.cancel();\n                }else{\n                    responsiveVoice.speak(\"M.C. Gelacio Montes Roa, Director del Instituto Tecnol\u00f3gico de Minatitl\u00e1n acompa\u00f1ado de autoridades Municipales, Civiles y Militares que integraron el pres\u00eddium. El mi\u00e9rcoles 21 de agosto del a\u00f1o en curso, el M.C. Gelacio Montes Roa, Director del Instituto Tecnol\u00f3gico de Minatitl\u00e1n, acompa\u00f1ado de autoridades Municipales, Civiles, Educativas y Militares de la ciudad de Cosoleacaque y de Minatitl\u00e1n fueron testigos de la ceremonia de inicio de cursos\u00a0 del semestre Agosto 2019 - Enero 2020. Durante su discurso de Bienvenida, el Director del Tec Mina, destac\u00f3 la importancia y el compromiso del Tecnol\u00f3gico Nacional de M\u00e9xico de brindar una educaci\u00f3n de calidad para el desarrollo econ\u00f3mico y cultural de M\u00e9xico. \\\"J\u00f3venes sean bienvenidos a este nuevo ciclo escolar Agosto 2019 - Enero 2020. Es un gusto para m\u00ed recibirlos deseando que disfruten cada d\u00eda, pongan todo su inter\u00e9s y empe\u00f1o en sus estudios. Nosotros como docentes y personal administrativo estamos haciendo nuestro mejor esfuerzo y con las mejores intenciones de brindarles un buen servicio y formar buenos profesionistas, buenos ciudadanos, \u00fatiles para la regi\u00f3n sur del Estado de Veracruz\\\" afirm\u00f3 el M.C. Gelacio Montes Roa, Director del TecMina. Correspondi\u00f3 al Presidente Constitucional del Municipio de Cosoleacaque, Lic. Cirilo V\u00e1zquez Parissi, realizar la declaratoria inaugural del semestre, \u201cLa educaci\u00f3n aumenta las oportunidades de trabajos leg\u00edtimos, ofrece una mejor calidad de vida y reduce el \u00edndice delictivo\u201d. \u00a0\u00a0Lic. Cirilo V\u00e1zquez Parissi, Presidente Municipal de Cosolecaque, Veracruz fue el encargado de dar la declaratoria inaugural al semestre Agosto 2019 \u2013 Enero 2010. Posteriormente se hizo entrega de reconocimientos a los estudiantes que obtuvieron los mejores promedios en el semestre Enero - Junio 2019. Meza Mart\u00ednez Ver\u00f3nica, de Ingenier\u00eda Ambiental con 92.08 de Promedio. Santiago Morales Luis Pablo, de Ingenier\u00eda Electromec\u00e1nica, 93.63. Sosa Garnica Ricardo, de Ingenier\u00eda Qu\u00edmica, 96.53. Palomino Soberanis Edgar Jair, de Ingenier\u00eda en Gesti\u00f3n Empresarial, 96.63. Olivares \u00c1lvarez Sadia Zoared, de Ingenier\u00eda en Sistemas, 96.67. Contreras Morales Lilian Gisel, de Licenciatura en Administraci\u00f3n, 97.18. Antonio V\u00e1zquez Paola Yestin\u00e9, de Ingenier\u00eda Industrial, 98.18. Roma Arroyave Heydi Giselle, de Ingenier\u00eda Electr\u00f3nica, 99.83. Alumnos con mejor promedio durante el semestre Enero- Junio 2019 recibieron reconocimiento durante Ceremonia de Inicio de Cursos. El Tecnol\u00f3gico Nacional de M\u00e9xico cuenta con una matr\u00edcula de 620 mil estudiantes en las 32 entidades federativas del pa\u00eds. El 13% de la matr\u00edcula de nivel superior en el pa\u00eds son del TecNM. El 43% de los egresados de Ingenier\u00eda son del TecNM. M\u00e1s de 29,000 mil profesores forman parte de la plantilla de personal activo del TecNM y 877 acad\u00e9micos forman parte del Sistema Nacional de Investigadores.\", \"Spanish Latin American Female\");\n                }\n            };\n        <\/script>\n    <\/h6>\n<h6 style=\"text-align: center;\"><strong>M.C. Gelacio Montes Roa, Director del Instituto Tecnol\u00f3gico de Minatitl\u00e1n acompa\u00f1ado de autoridades Municipales, Civiles y Militares que integraron el pres\u00eddium.<\/strong><\/h6>\n<p style=\"text-align: justify;\">El mi\u00e9rcoles 21 de agosto del a\u00f1o en curso, el M.C. Gelacio Montes Roa, Director del Instituto Tecnol\u00f3gico de Minatitl\u00e1n, acompa\u00f1ado de autoridades Municipales, Civiles, Educativas y Militares de la ciudad de Cosoleacaque y de Minatitl\u00e1n fueron testigos de la ceremonia de inicio de cursos\u00a0 del semestre Agosto 2019 &#8211; Enero 2020.<\/p>\n<p style=\"text-align: justify;\">Durante su discurso de Bienvenida, el Director del Tec Mina, destac\u00f3 la importancia y el compromiso del Tecnol\u00f3gico Nacional de M\u00e9xico de brindar una educaci\u00f3n de calidad para el desarrollo econ\u00f3mico y cultural de M\u00e9xico.<\/p>\n<h4 style=\"text-align: justify;\">&#8220;J\u00f3venes sean bienvenidos a este nuevo ciclo escolar Agosto 2019 &#8211; Enero 2020. Es un gusto para m\u00ed recibirlos deseando que disfruten cada d\u00eda, pongan todo su inter\u00e9s y empe\u00f1o en sus estudios. Nosotros como docentes y personal administrativo estamos haciendo nuestro mejor esfuerzo y con las mejores intenciones de brindarles un buen servicio y formar buenos profesionistas, buenos ciudadanos, \u00fatiles para la regi\u00f3n sur del Estado de Veracruz&#8221; afirm\u00f3 el M.C. Gelacio Montes Roa, Director del TecMina.<\/h4>\n<p style=\"text-align: justify;\">Correspondi\u00f3 al Presidente Constitucional del Municipio de Cosoleacaque, Lic. Cirilo V\u00e1zquez Parissi, realizar la declaratoria inaugural del semestre, \u201cLa educaci\u00f3n aumenta las oportunidades de trabajos leg\u00edtimos, ofrece una mejor calidad de vida y reduce el \u00edndice delictivo\u201d.<\/p>\n<h6 style=\"text-align: center;\"><strong>\u00a0<img loading=\"lazy\" decoding=\"async\" class=\"aligncenter size-full wp-image-3716\" src=\"http:\/\/minatitlan.tecnm.mx\/wp-content\/uploads\/2019\/08\/Imagen-3.png\" alt=\"\" width=\"775\" height=\"552\" \/><\/strong><strong>\u00a0<\/strong><strong>Lic. Cirilo V\u00e1zquez Parissi, Presidente Municipal de Cosolecaque, Veracruz fue el encargado de dar la declaratoria inaugural al semestre Agosto 2019 \u2013 Enero 2010.<\/strong><\/h6>\n<p style=\"text-align: justify;\">Posteriormente se hizo entrega de reconocimientos a los estudiantes que obtuvieron los mejores promedios en el semestre Enero &#8211; Junio 2019.<\/p>\n<ul>\n<li>Meza Mart\u00ednez Ver\u00f3nica, de Ingenier\u00eda Ambiental con 92.08 de Promedio.<\/li>\n<li>Santiago Morales Luis Pablo, de Ingenier\u00eda Electromec\u00e1nica, 93.63.<\/li>\n<li>Sosa Garnica Ricardo, de Ingenier\u00eda Qu\u00edmica, 96.53.<\/li>\n<li>Palomino Soberanis Edgar Jair, de Ingenier\u00eda en Gesti\u00f3n Empresarial, 96.63.<\/li>\n<li>Olivares \u00c1lvarez Sadia Zoared, de Ingenier\u00eda en Sistemas, 96.67.<\/li>\n<li>Contreras Morales Lilian Gisel, de Licenciatura en Administraci\u00f3n, 97.18.<\/li>\n<li>Antonio V\u00e1zquez Paola Yestin\u00e9, de Ingenier\u00eda Industrial, 98.18.<\/li>\n<li>Roma Arroyave Heydi Giselle, de Ingenier\u00eda Electr\u00f3nica, 99.83.<\/li>\n<\/ul>\n<h6 style=\"text-align: center;\"><img loading=\"lazy\" decoding=\"async\" class=\"aligncenter size-full wp-image-3717\" src=\"http:\/\/minatitlan.tecnm.mx\/wp-content\/uploads\/2019\/08\/Imagen-4.png\" alt=\"\" width=\"818\" height=\"491\" \/><strong>Alumnos con mejor promedio durante el semestre Enero- Junio 2019 recibieron reconocimiento durante Ceremonia de Inicio de Cursos.<\/strong><\/h6>\n<p style=\"text-align: justify;\">El Tecnol\u00f3gico Nacional de M\u00e9xico cuenta con una matr\u00edcula de 620 mil estudiantes en las 32 entidades federativas del pa\u00eds. El 13% de la matr\u00edcula de nivel superior en el pa\u00eds son del TecNM. El 43% de los egresados de Ingenier\u00eda son del TecNM. M\u00e1s de 29,000 mil profesores forman parte de la plantilla de personal activo del TecNM y 877 acad\u00e9micos forman parte del Sistema Nacional de Investigadores.<\/p>\n","protected":false},"excerpt":{"rendered":"<p>M.C. Gelacio Montes Roa, Director del Instituto Tecnol\u00f3gico de Minatitl\u00e1n acompa\u00f1ado de autoridades Municipales, Civiles y Militares que integraron el pres\u00eddium. El mi\u00e9rcoles 21 de agosto del a\u00f1o en curso, el M.C. Gelacio Montes Roa, Director del Instituto Tecnol\u00f3gico de Minatitl\u00e1n, acompa\u00f1ado de autoridades Municipales, Civiles, Educativas y Militares de la ciudad de Cosoleacaque y [&hellip;]<\/p>\n","protected":false},"author":2,"featured_media":19733,"comment_status":"closed","ping_status":"open","sticky":false,"template":"","format":"standard","meta":{"advgb_blocks_editor_width":"","advgb_blocks_columns_visual_guide":"","footnotes":""},"categories":[12],"tags":[],"class_list":["post-19730","post","type-post","status-publish","format-standard","has-post-thumbnail","hentry","category-noticias"],"author_meta":{"display_name":"Comunicaci\u00f3n y Difusi\u00f3n","author_link":"https:\/\/minatitlan.tecnm.mx\/index.php\/author\/comunicacion-y-difusion\/"},"featured_img":"https:\/\/minatitlan.tecnm.mx\/wp-content\/uploads\/2019\/08\/Imagen-2-300x206.png","coauthors":[],"tax_additional":{"categories":{"linked":["<a href=\"https:\/\/minatitlan.tecnm.mx\/index.php\/category\/noticias\/\" class=\"advgb-post-tax-term\">noticias<\/a>"],"unlinked":["<span class=\"advgb-post-tax-term\">noticias<\/span>"]}},"comment_count":"0","relative_dates":{"created":"Publicado 7 a\u00f1os hace","modified":"Actualizado 4 a\u00f1os hace"},"absolute_dates":{"created":"Publicado el 21 agosto, 2019","modified":"Actualizado el 30 diciembre, 2022"},"absolute_dates_time":{"created":"Publicado el 21 agosto, 2019 2:54 pm","modified":"Actualizado el 30 diciembre, 2022 8:23 pm"},"featured_img_caption":"","series_order":"","_links":{"self":[{"href":"https:\/\/minatitlan.tecnm.mx\/index.php\/wp-json\/wp\/v2\/posts\/19730","targetHints":{"allow":["GET"]}}],"collection":[{"href":"https:\/\/minatitlan.tecnm.mx\/index.php\/wp-json\/wp\/v2\/posts"}],"about":[{"href":"https:\/\/minatitlan.tecnm.mx\/index.php\/wp-json\/wp\/v2\/types\/post"}],"author":[{"embeddable":true,"href":"https:\/\/minatitlan.tecnm.mx\/index.php\/wp-json\/wp\/v2\/users\/2"}],"replies":[{"embeddable":true,"href":"https:\/\/minatitlan.tecnm.mx\/index.php\/wp-json\/wp\/v2\/comments?post=19730"}],"version-history":[{"count":1,"href":"https:\/\/minatitlan.tecnm.mx\/index.php\/wp-json\/wp\/v2\/posts\/19730\/revisions"}],"predecessor-version":[{"id":25444,"href":"https:\/\/minatitlan.tecnm.mx\/index.php\/wp-json\/wp\/v2\/posts\/19730\/revisions\/25444"}],"wp:featuredmedia":[{"embeddable":true,"href":"https:\/\/minatitlan.tecnm.mx\/index.php\/wp-json\/wp\/v2\/media\/19733"}],"wp:attachment":[{"href":"https:\/\/minatitlan.tecnm.mx\/index.php\/wp-json\/wp\/v2\/media?parent=19730"}],"wp:term":[{"taxonomy":"category","embeddable":true,"href":"https:\/\/minatitlan.tecnm.mx\/index.php\/wp-json\/wp\/v2\/categories?post=19730"},{"taxonomy":"post_tag","embeddable":true,"href":"https:\/\/minatitlan.tecnm.mx\/index.php\/wp-json\/wp\/v2\/tags?post=19730"}],"curies":[{"name":"wp","href":"https:\/\/api.w.org\/{rel}","templated":true}]}}