{"id":19734,"date":"2019-08-19T14:48:23","date_gmt":"2019-08-19T14:48:23","guid":{"rendered":"http:\/\/www.itmina.edu.mx\/portal\/?p=3710"},"modified":"2022-12-30T20:23:31","modified_gmt":"2022-12-31T02:23:31","slug":"inicio-de-clases-periodo-agosto-2019-enero-2020","status":"publish","type":"post","link":"https:\/\/minatitlan.tecnm.mx\/index.php\/inicio-de-clases-periodo-agosto-2019-enero-2020\/","title":{"rendered":"INICIO DE CLASES PERIODO AGOSTO 2019 &#8211; ENERO 2020"},"content":{"rendered":"<h6><button id=\"listenButton1\" class=\"responsivevoice-button\" type=\"button\" value=\"Play\" title=\"ResponsiveVoice Tap to Start\/Stop Speech\"><span>&#128266; Clic para Narrar Texto<\/span><\/button>\n        <script>\n            listenButton1.onclick = function(){\n                if(responsiveVoice.isPlaying()){\n                    responsiveVoice.cancel();\n                }else{\n                    responsiveVoice.speak(\"M.C. Gelacio Montes Roa, Director del Instituto Tecnol\u00f3gico de Minatitl\u00e1n recibe a cuerpo estudiantil inscrito al nuevo ciclo escolar Agosto 2019 - Enero 2020. El M.C. Gelacio Montes Roa, Director del Instituto Tecnol\u00f3gico de Minatitl\u00e1n acompa\u00f1ado por la Subdirectora Acad\u00e9mica, Ing. Carmen Cabrera Mart\u00ednez y el Mtro. Manuel Gracida Aguirre, Subdirector de Planeaci\u00f3n y Vinculaci\u00f3n, realiz\u00f3 un recorrido por todas las aulas del plantel con la finalidad de verificar el funcionamiento de los climas, puertas, ventanas e instalaci\u00f3n el\u00e9ctrica as\u00ed como verificar la limpieza de las instalaciones para iniciar clases e incentivar a los m\u00e1s de 4 mil estudiantes matriculados en esta casa de estudios.\", \"Spanish Latin American Female\");\n                }\n            };\n        <\/script>\n    <\/h6>\n<h6 style=\"text-align: center;\"><em>M.C. Gelacio Montes Roa, Director del Instituto Tecnol\u00f3gico de Minatitl\u00e1n recibe a cuerpo estudiantil inscrito al nuevo ciclo escolar Agosto 2019 &#8211; Enero 2020.<\/em><\/h6>\n<p style=\"text-align: justify;\"><span style=\"font-weight: 400;\">El M.C. Gelacio Montes Roa, Director del Instituto Tecnol\u00f3gico de Minatitl\u00e1n acompa\u00f1ado por la Subdirectora Acad\u00e9mica, Ing. Carmen Cabrera Mart\u00ednez y el Mtro. Manuel Gracida Aguirre, Subdirector de Planeaci\u00f3n y Vinculaci\u00f3n, realiz\u00f3 un recorrido por todas las aulas del plantel con la finalidad de verificar el funcionamiento de los climas, puertas, ventanas e instalaci\u00f3n el\u00e9ctrica as\u00ed como verificar la limpieza de las instalaciones para iniciar clases e incentivar a los m\u00e1s de 4 mil estudiantes matriculados en esta casa de estudios.<\/span><\/p>\n","protected":false},"excerpt":{"rendered":"<p>M.C. Gelacio Montes Roa, Director del Instituto Tecnol\u00f3gico de Minatitl\u00e1n recibe a cuerpo estudiantil inscrito al nuevo ciclo escolar Agosto 2019 &#8211; Enero 2020. El M.C. Gelacio Montes Roa, Director del Instituto Tecnol\u00f3gico de Minatitl\u00e1n acompa\u00f1ado por la Subdirectora Acad\u00e9mica, Ing. Carmen Cabrera Mart\u00ednez y el Mtro. Manuel Gracida Aguirre, Subdirector de Planeaci\u00f3n y Vinculaci\u00f3n, [&hellip;]<\/p>\n","protected":false},"author":2,"featured_media":19735,"comment_status":"closed","ping_status":"open","sticky":false,"template":"","format":"standard","meta":{"advgb_blocks_editor_width":"","advgb_blocks_columns_visual_guide":"","footnotes":""},"categories":[12],"tags":[],"class_list":["post-19734","post","type-post","status-publish","format-standard","has-post-thumbnail","hentry","category-noticias"],"author_meta":{"display_name":"Comunicaci\u00f3n y Difusi\u00f3n","author_link":"https:\/\/minatitlan.tecnm.mx\/index.php\/author\/comunicacion-y-difusion\/"},"featured_img":"https:\/\/minatitlan.tecnm.mx\/wp-content\/uploads\/2019\/08\/Imagen-1-300x225.png","coauthors":[],"tax_additional":{"categories":{"linked":["<a href=\"https:\/\/minatitlan.tecnm.mx\/index.php\/category\/noticias\/\" class=\"advgb-post-tax-term\">noticias<\/a>"],"unlinked":["<span class=\"advgb-post-tax-term\">noticias<\/span>"]}},"comment_count":"0","relative_dates":{"created":"Publicado 7 a\u00f1os hace","modified":"Actualizado 4 a\u00f1os hace"},"absolute_dates":{"created":"Publicado el 19 agosto, 2019","modified":"Actualizado el 30 diciembre, 2022"},"absolute_dates_time":{"created":"Publicado el 19 agosto, 2019 2:48 pm","modified":"Actualizado el 30 diciembre, 2022 8:23 pm"},"featured_img_caption":"","series_order":"","_links":{"self":[{"href":"https:\/\/minatitlan.tecnm.mx\/index.php\/wp-json\/wp\/v2\/posts\/19734","targetHints":{"allow":["GET"]}}],"collection":[{"href":"https:\/\/minatitlan.tecnm.mx\/index.php\/wp-json\/wp\/v2\/posts"}],"about":[{"href":"https:\/\/minatitlan.tecnm.mx\/index.php\/wp-json\/wp\/v2\/types\/post"}],"author":[{"embeddable":true,"href":"https:\/\/minatitlan.tecnm.mx\/index.php\/wp-json\/wp\/v2\/users\/2"}],"replies":[{"embeddable":true,"href":"https:\/\/minatitlan.tecnm.mx\/index.php\/wp-json\/wp\/v2\/comments?post=19734"}],"version-history":[{"count":1,"href":"https:\/\/minatitlan.tecnm.mx\/index.php\/wp-json\/wp\/v2\/posts\/19734\/revisions"}],"predecessor-version":[{"id":25445,"href":"https:\/\/minatitlan.tecnm.mx\/index.php\/wp-json\/wp\/v2\/posts\/19734\/revisions\/25445"}],"wp:featuredmedia":[{"embeddable":true,"href":"https:\/\/minatitlan.tecnm.mx\/index.php\/wp-json\/wp\/v2\/media\/19735"}],"wp:attachment":[{"href":"https:\/\/minatitlan.tecnm.mx\/index.php\/wp-json\/wp\/v2\/media?parent=19734"}],"wp:term":[{"taxonomy":"category","embeddable":true,"href":"https:\/\/minatitlan.tecnm.mx\/index.php\/wp-json\/wp\/v2\/categories?post=19734"},{"taxonomy":"post_tag","embeddable":true,"href":"https:\/\/minatitlan.tecnm.mx\/index.php\/wp-json\/wp\/v2\/tags?post=19734"}],"curies":[{"name":"wp","href":"https:\/\/api.w.org\/{rel}","templated":true}]}}