{"id":20153,"date":"2021-03-08T14:48:48","date_gmt":"2021-03-08T14:48:48","guid":{"rendered":"http:\/\/www.itmina.edu.mx\/portal\/?p=5550"},"modified":"2022-12-30T21:37:08","modified_gmt":"2022-12-31T03:37:08","slug":"8-de-marzo","status":"publish","type":"post","link":"https:\/\/minatitlan.tecnm.mx\/index.php\/8-de-marzo\/","title":{"rendered":"8 DE MARZO"},"content":{"rendered":"<button id=\"listenButton1\" class=\"responsivevoice-button\" type=\"button\" value=\"Play\" title=\"ResponsiveVoice Tap to Start\/Stop Speech\"><span>&#128266; Clic para Narrar Texto<\/span><\/button>\n        <script>\n            listenButton1.onclick = function(){\n                if(responsiveVoice.isPlaying()){\n                    responsiveVoice.cancel();\n                }else{\n                    responsiveVoice.speak(\"Las mujeres del mundo desean y merecen un futuro igualitario sin estigma, estereotipos ni violencia; un futuro que sea sostenible, pac\u00edfico, con igualdad de derechos y oportunidades para todas las personas. Este a\u00f1o, el tema del D\u00eda Internacional de la Mujer (8 de marzo), \u201cMujeres l\u00edderes: Por un futuro igualitario en el mundo de la Covid-19\u201d, celebra los enormes esfuerzos realizados por mujeres y ni\u00f1as de todo el mundo a la hora de definir un futuro m\u00e1s igualitario y la recuperaci\u00f3n ante la pandemia de Covid-19, y resalta las deficiencias que persisten. Fuente:https:\/\/www.unwomen.org\/es\/news\/in-focus\/international-womens-day\", \"Spanish Latin American Female\");\n                }\n            };\n        <\/script>\n    \n<p>Las mujeres del mundo desean y merecen un futuro igualitario sin estigma, estereotipos ni violencia; un futuro que sea sostenible, pac\u00edfico, con igualdad de derechos y oportunidades para todas las personas.<\/p>\n<p>Este a\u00f1o, el tema del D\u00eda Internacional de la Mujer (8 de marzo), \u201cMujeres l\u00edderes: Por un futuro igualitario en el mundo de la Covid-19\u201d, celebra los enormes esfuerzos realizados por mujeres y ni\u00f1as de todo el mundo a la hora de definir un futuro m\u00e1s igualitario y la recuperaci\u00f3n ante la pandemia de Covid-19, y resalta las deficiencias que persisten.<\/p>\n<h6>Fuente:https:\/\/www.unwomen.org\/es\/news\/in-focus\/international-womens-day<\/h6>\n","protected":false},"excerpt":{"rendered":"<p>Las mujeres del mundo desean y merecen un futuro igualitario sin estigma, estereotipos ni violencia; un futuro que sea sostenible, pac\u00edfico, con igualdad de derechos y oportunidades para todas las personas. Este a\u00f1o, el tema del D\u00eda Internacional de la Mujer (8 de marzo), \u201cMujeres l\u00edderes: Por un futuro igualitario en el mundo de la [&hellip;]<\/p>\n","protected":false},"author":2,"featured_media":20154,"comment_status":"closed","ping_status":"open","sticky":false,"template":"","format":"standard","meta":{"advgb_blocks_editor_width":"","advgb_blocks_columns_visual_guide":"","footnotes":""},"categories":[12],"tags":[],"class_list":["post-20153","post","type-post","status-publish","format-standard","has-post-thumbnail","hentry","category-noticias"],"author_meta":{"display_name":"Comunicaci\u00f3n y Difusi\u00f3n","author_link":"https:\/\/minatitlan.tecnm.mx\/index.php\/author\/comunicacion-y-difusion\/"},"featured_img":"https:\/\/minatitlan.tecnm.mx\/wp-content\/uploads\/2021\/03\/8M-300x300.png","coauthors":[],"tax_additional":{"categories":{"linked":["<a href=\"https:\/\/minatitlan.tecnm.mx\/index.php\/category\/noticias\/\" class=\"advgb-post-tax-term\">noticias<\/a>"],"unlinked":["<span class=\"advgb-post-tax-term\">noticias<\/span>"]}},"comment_count":"0","relative_dates":{"created":"Publicado 5 a\u00f1os hace","modified":"Actualizado 3 a\u00f1os hace"},"absolute_dates":{"created":"Publicado el 8 marzo, 2021","modified":"Actualizado el 30 diciembre, 2022"},"absolute_dates_time":{"created":"Publicado el 8 marzo, 2021 2:48 pm","modified":"Actualizado el 30 diciembre, 2022 9:37 pm"},"featured_img_caption":"","series_order":"","_links":{"self":[{"href":"https:\/\/minatitlan.tecnm.mx\/index.php\/wp-json\/wp\/v2\/posts\/20153","targetHints":{"allow":["GET"]}}],"collection":[{"href":"https:\/\/minatitlan.tecnm.mx\/index.php\/wp-json\/wp\/v2\/posts"}],"about":[{"href":"https:\/\/minatitlan.tecnm.mx\/index.php\/wp-json\/wp\/v2\/types\/post"}],"author":[{"embeddable":true,"href":"https:\/\/minatitlan.tecnm.mx\/index.php\/wp-json\/wp\/v2\/users\/2"}],"replies":[{"embeddable":true,"href":"https:\/\/minatitlan.tecnm.mx\/index.php\/wp-json\/wp\/v2\/comments?post=20153"}],"version-history":[{"count":1,"href":"https:\/\/minatitlan.tecnm.mx\/index.php\/wp-json\/wp\/v2\/posts\/20153\/revisions"}],"predecessor-version":[{"id":25666,"href":"https:\/\/minatitlan.tecnm.mx\/index.php\/wp-json\/wp\/v2\/posts\/20153\/revisions\/25666"}],"wp:featuredmedia":[{"embeddable":true,"href":"https:\/\/minatitlan.tecnm.mx\/index.php\/wp-json\/wp\/v2\/media\/20154"}],"wp:attachment":[{"href":"https:\/\/minatitlan.tecnm.mx\/index.php\/wp-json\/wp\/v2\/media?parent=20153"}],"wp:term":[{"taxonomy":"category","embeddable":true,"href":"https:\/\/minatitlan.tecnm.mx\/index.php\/wp-json\/wp\/v2\/categories?post=20153"},{"taxonomy":"post_tag","embeddable":true,"href":"https:\/\/minatitlan.tecnm.mx\/index.php\/wp-json\/wp\/v2\/tags?post=20153"}],"curies":[{"name":"wp","href":"https:\/\/api.w.org\/{rel}","templated":true}]}}