{"id":20232,"date":"2020-12-02T19:02:28","date_gmt":"2020-12-02T19:02:28","guid":{"rendered":"http:\/\/www.itmina.edu.mx\/portal\/?p=5330"},"modified":"2022-12-30T21:37:08","modified_gmt":"2022-12-31T03:37:08","slug":"jornada-de-salud-integral","status":"publish","type":"post","link":"https:\/\/minatitlan.tecnm.mx\/index.php\/jornada-de-salud-integral\/","title":{"rendered":"JORNADA DE SALUD INTEGRAL"},"content":{"rendered":"<button id=\"listenButton1\" class=\"responsivevoice-button\" type=\"button\" value=\"Play\" title=\"ResponsiveVoice Tap to Start\/Stop Speech\"><span>&#128266; Clic para Narrar Texto<\/span><\/button>\n        <script>\n            listenButton1.onclick = function(){\n                if(responsiveVoice.isPlaying()){\n                    responsiveVoice.cancel();\n                }else{\n                    responsiveVoice.speak(\"Este lunes, 30 de noviembre del a\u00f1o en curso, El Tecnol\u00f3gico Nacional de M\u00e9xico Campus Minatitl\u00e1n a trav\u00e9s del Departamento de Desarrollo Acad\u00e9mico, dio inicio la Jornada de Salud Integral. Durante la apertura del Ciclo de conferencias, la Mtra. Roc\u00edo Oseguera Chi\u00f1as, encargada de la Oficina de Orientaci\u00f3n Educativa, en nombre del Director del Plantel, Mtro. Gelacio Montes Roa, agradeci\u00f3 a los ponentes y asistentes. Y recalc\u00f3 la importancia de dichas acciones, mismas que buscan contribuir al desarrollo cognitivo, acad\u00e9mico, social, emocional y moral de los estudiantes. Siguiendo las medidas de seguridad establecidas para prevenir la propagaci\u00f3n del SARS-CoV2 (COVID-19), la Jornada de salud Integral se llev\u00f3 a cabo de manera virtual, a trav\u00e9s del canal oficial del plantel en YouTube. El ciclo dio inicio el d\u00eda lunes con la conferencia \u201cPrevenci\u00f3n de Riesgos Psicosociales en los J\u00f3venes\u201d por el Dr. Jos\u00e9 \u00d3scar Aldana Torres; y continu\u00f3 los d\u00edas martes con las videoconferencias \u201cSalud Bucal en tiempos de COVID\u201d por el Dr. Francisco S\u00e1nchez Sosme y \u201cLa orientaci\u00f3n, herramienta para el desarrollo personal\u201d por el Psic. Andr\u00e9s Sibaja Ochoa. Y concluy\u00f3 hoy mi\u00e9rcoles con las ponencias \u201cDel ejercicio a la acci\u00f3n, \u00bfQu\u00e9 podemos hacer? Hoy eleg\u00ed bienestar emocional\u201d por la Dra. Yesenia Ram\u00edrez Mart\u00ednez y \u201cRelaciones T\u00f3xicas\u201d por la Mtra. Ana Luc\u00eda Dodero Hern\u00e1ndez. La Jornada de Salud Integral tiene el objetivo de proporcionar a los estudiantes, herramientas de salud integral y emocional que los ayuden en la toma de decisiones y adopci\u00f3n de h\u00e1bitos que les procuren de una mejor calidad de vida. Si te perdiste la transmisi\u00f3n en vivo, las conferencias estar\u00e1n disponibles en nuestro canal de YouTube hasta el domingo 06 de diciembre. cgb\", \"Spanish Latin American Female\");\n                }\n            };\n        <\/script>\n    \n<p style=\"text-align: justify;\">Este lunes, 30 de noviembre del a\u00f1o en curso, El Tecnol\u00f3gico Nacional de M\u00e9xico Campus Minatitl\u00e1n a trav\u00e9s del Departamento de Desarrollo Acad\u00e9mico, dio inicio la Jornada de Salud Integral.<\/p>\n<p style=\"text-align: justify;\">Durante la apertura del Ciclo de conferencias, la Mtra. Roc\u00edo Oseguera Chi\u00f1as, encargada de la Oficina de Orientaci\u00f3n Educativa, en nombre del Director del Plantel, Mtro. Gelacio Montes Roa, agradeci\u00f3 a los ponentes y asistentes. Y recalc\u00f3 la importancia de dichas acciones, mismas que buscan contribuir al desarrollo cognitivo, acad\u00e9mico, social, emocional y moral de los estudiantes.<\/p>\n<p style=\"text-align: justify;\">Siguiendo las medidas de seguridad establecidas para prevenir la propagaci\u00f3n del SARS-CoV2 (COVID-19), la Jornada de salud Integral se llev\u00f3 a cabo de manera virtual, a trav\u00e9s del canal oficial del plantel en YouTube. El ciclo dio inicio el d\u00eda lunes con la conferencia \u201cPrevenci\u00f3n de Riesgos Psicosociales en los J\u00f3venes\u201d por el Dr. Jos\u00e9 \u00d3scar Aldana Torres; y continu\u00f3 los d\u00edas martes con las videoconferencias \u201cSalud Bucal en tiempos de COVID\u201d por el Dr. Francisco S\u00e1nchez Sosme y \u201cLa orientaci\u00f3n, herramienta para el desarrollo personal\u201d por el Psic. Andr\u00e9s Sibaja Ochoa. Y concluy\u00f3 hoy mi\u00e9rcoles con las ponencias \u201cDel ejercicio a la acci\u00f3n, \u00bfQu\u00e9 podemos hacer? Hoy eleg\u00ed bienestar emocional\u201d por la Dra. Yesenia Ram\u00edrez Mart\u00ednez y \u201cRelaciones T\u00f3xicas\u201d por la Mtra. Ana Luc\u00eda Dodero Hern\u00e1ndez.<\/p>\n<p style=\"text-align: justify;\">La Jornada de Salud Integral tiene el objetivo de proporcionar a los estudiantes, herramientas de salud integral y emocional que los ayuden en la toma de decisiones y adopci\u00f3n de h\u00e1bitos que les procuren de una mejor calidad de vida.<\/p>\n<p style=\"text-align: justify;\">Si te perdiste la transmisi\u00f3n en vivo, las conferencias estar\u00e1n disponibles en nuestro canal de YouTube hasta el domingo 06 de diciembre.<\/p>\n<p>cgb<\/p>\n","protected":false},"excerpt":{"rendered":"<p>Este lunes, 30 de noviembre del a\u00f1o en curso, El Tecnol\u00f3gico Nacional de M\u00e9xico Campus Minatitl\u00e1n a trav\u00e9s del Departamento de Desarrollo Acad\u00e9mico, dio inicio la Jornada de Salud Integral. Durante la apertura del Ciclo de conferencias, la Mtra. Roc\u00edo Oseguera Chi\u00f1as, encargada de la Oficina de Orientaci\u00f3n Educativa, en nombre del Director del Plantel, [&hellip;]<\/p>\n","protected":false},"author":2,"featured_media":20233,"comment_status":"closed","ping_status":"open","sticky":false,"template":"","format":"standard","meta":{"advgb_blocks_editor_width":"","advgb_blocks_columns_visual_guide":"","footnotes":""},"categories":[12],"tags":[],"class_list":["post-20232","post","type-post","status-publish","format-standard","has-post-thumbnail","hentry","category-noticias"],"author_meta":{"display_name":"Comunicaci\u00f3n y Difusi\u00f3n","author_link":"https:\/\/minatitlan.tecnm.mx\/index.php\/author\/comunicacion-y-difusion\/"},"featured_img":"https:\/\/minatitlan.tecnm.mx\/wp-content\/uploads\/2020\/12\/maestra-rocio-300x235.png","coauthors":[],"tax_additional":{"categories":{"linked":["<a href=\"https:\/\/minatitlan.tecnm.mx\/index.php\/category\/noticias\/\" class=\"advgb-post-tax-term\">noticias<\/a>"],"unlinked":["<span class=\"advgb-post-tax-term\">noticias<\/span>"]}},"comment_count":"0","relative_dates":{"created":"Publicado 5 a\u00f1os hace","modified":"Actualizado 3 a\u00f1os hace"},"absolute_dates":{"created":"Publicado el 2 diciembre, 2020","modified":"Actualizado el 30 diciembre, 2022"},"absolute_dates_time":{"created":"Publicado el 2 diciembre, 2020 7:02 pm","modified":"Actualizado el 30 diciembre, 2022 9:37 pm"},"featured_img_caption":"","series_order":"","_links":{"self":[{"href":"https:\/\/minatitlan.tecnm.mx\/index.php\/wp-json\/wp\/v2\/posts\/20232","targetHints":{"allow":["GET"]}}],"collection":[{"href":"https:\/\/minatitlan.tecnm.mx\/index.php\/wp-json\/wp\/v2\/posts"}],"about":[{"href":"https:\/\/minatitlan.tecnm.mx\/index.php\/wp-json\/wp\/v2\/types\/post"}],"author":[{"embeddable":true,"href":"https:\/\/minatitlan.tecnm.mx\/index.php\/wp-json\/wp\/v2\/users\/2"}],"replies":[{"embeddable":true,"href":"https:\/\/minatitlan.tecnm.mx\/index.php\/wp-json\/wp\/v2\/comments?post=20232"}],"version-history":[{"count":1,"href":"https:\/\/minatitlan.tecnm.mx\/index.php\/wp-json\/wp\/v2\/posts\/20232\/revisions"}],"predecessor-version":[{"id":25703,"href":"https:\/\/minatitlan.tecnm.mx\/index.php\/wp-json\/wp\/v2\/posts\/20232\/revisions\/25703"}],"wp:featuredmedia":[{"embeddable":true,"href":"https:\/\/minatitlan.tecnm.mx\/index.php\/wp-json\/wp\/v2\/media\/20233"}],"wp:attachment":[{"href":"https:\/\/minatitlan.tecnm.mx\/index.php\/wp-json\/wp\/v2\/media?parent=20232"}],"wp:term":[{"taxonomy":"category","embeddable":true,"href":"https:\/\/minatitlan.tecnm.mx\/index.php\/wp-json\/wp\/v2\/categories?post=20232"},{"taxonomy":"post_tag","embeddable":true,"href":"https:\/\/minatitlan.tecnm.mx\/index.php\/wp-json\/wp\/v2\/tags?post=20232"}],"curies":[{"name":"wp","href":"https:\/\/api.w.org\/{rel}","templated":true}]}}