{"id":20299,"date":"2020-09-09T09:42:19","date_gmt":"2020-09-09T09:42:19","guid":{"rendered":"http:\/\/www.itmina.edu.mx\/portal\/?p=4976"},"modified":"2022-12-30T21:37:09","modified_gmt":"2022-12-31T03:37:09","slug":"estudiantes-del-tecmina-participan-en-programas-de-practicas-profesionales-y-becarios-brasken-idesa-2020","status":"publish","type":"post","link":"https:\/\/minatitlan.tecnm.mx\/index.php\/estudiantes-del-tecmina-participan-en-programas-de-practicas-profesionales-y-becarios-brasken-idesa-2020\/","title":{"rendered":"ESTUDIANTES DEL TECMINA PARTICIPAN EN PROGRAMAS DE PR\u00c1CTICAS PROFESIONALES Y BECARIOS BRASKEM IDESA 2020"},"content":{"rendered":"<h6><button id=\"listenButton1\" class=\"responsivevoice-button\" type=\"button\" value=\"Play\" title=\"ResponsiveVoice Tap to Start\/Stop Speech\"><span>&#128266; Clic para Narrar Texto<\/span><\/button>\n        <script>\n            listenButton1.onclick = function(){\n                if(responsiveVoice.isPlaying()){\n                    responsiveVoice.cancel();\n                }else{\n                    responsiveVoice.speak(\"Catorce estudiantes del Tecnol\u00f3gico Nacional de M\u00e9xico Campus Minatitl\u00e1n, fueron seleccionados para participar en los Programas de Pr\u00e1cticas Profesionales y Becarios Braskem Idesa 2020. Dichos programas tienen el objetivo de contribuir en la formaci\u00f3n y desarrollo de las habilidades de los estudiantes al inicio de su experiencia profesional, fortaleciendo sus conocimientos acad\u00e9micos y habilidades a trav\u00e9s de la vivencia laboral en la Empresa. Con una duraci\u00f3n de 12 meses, los postulantes deben tener un promedio superior a 8.5. En el caso del programa de Pr\u00e1cticas Profesionales: estar cursando el s\u00e9ptimo, octavo o noveno semestre del nivel Licenciatura y contar con seguro facultativo. Para el Programa de Becarios, deben haber cursado a partir del sexto semestre de Licenciatura o Ingenier\u00eda y tener un nivel de Ingl\u00e9s Intermedio\u2013Avanzado. Actualmente es de vital importancia que los estudiantes tomen conciencia del mundo laboral durante su formaci\u00f3n acad\u00e9mica. Estas actividades les ayudan a integrar el aprendizaje del aula en el ejercicio profesional. Las alumnas y alumnos seleccionados para el programa de Pr\u00e1cticas Profesionales: ALUMNO CARRERA Carmen Patricia R\u00edos Ben\u00edtez Ingenier\u00eda Qu\u00edmica Jos\u00e9 Luis L\u00f3pez Jacinto Ingenier\u00eda Qu\u00edmica Jessica Alejandra P\u00e9rez Cabrera Ingenier\u00eda Qu\u00edmica Karla Daniela G\u00f3mez Hern\u00e1ndez Ingenier\u00eda Industrial Itzel Jop Melesio Ingenier\u00eda Industrial Emilia Elena L\u00f3pez Hern\u00e1ndez Ingenier\u00eda Industrial Antonio Vera Espinoza Ingenier\u00eda en Gesti\u00f3n Empresarial Roxana Ruiz Velasco Ingenier\u00eda en Gesti\u00f3n Empresarial V\u00edctor Rivera Reyes Ingenier\u00eda en Gesti\u00f3n Empresarial Luis Pablo Santiago Morales Ingenier\u00eda Electromec\u00e1nica Clyde Ramir Poblete S\u00e1nchez Ingenier\u00eda Electromec\u00e1nica Las alumnas y alumnos seleccionados en el Programa de Becarios: ALUMNO CARRERA Jos\u00e9 Alfredo Mart\u00ednez Merl\u00edn Ingenier\u00eda Electromec\u00e1nica Francisco Vallejo Carpio Ingenier\u00eda Qu\u00edmica Itzel Mar\u00eda Jos\u00e9 L\u00f3pez D\u00edaz Ingenier\u00eda Qu\u00edmica cgb\", \"Spanish Latin American Female\");\n                }\n            };\n        <\/script>\n    <\/h6>\n<p style=\"text-align: justify;\">Catorce estudiantes del Tecnol\u00f3gico Nacional de M\u00e9xico Campus Minatitl\u00e1n, fueron seleccionados para participar en los Programas de Pr\u00e1cticas Profesionales y Becarios Braskem Idesa 2020.<\/p>\n<p style=\"text-align: justify;\">Dichos programas tienen el objetivo de contribuir en la formaci\u00f3n y desarrollo de las habilidades de los estudiantes al inicio de su experiencia profesional, fortaleciendo sus conocimientos acad\u00e9micos y habilidades a trav\u00e9s de la vivencia laboral en la Empresa.<\/p>\n<p style=\"text-align: justify;\">Con una duraci\u00f3n de 12 meses, los postulantes deben tener un promedio superior a 8.5. En el caso del programa de Pr\u00e1cticas Profesionales: estar cursando el s\u00e9ptimo, octavo o noveno semestre del nivel Licenciatura y contar con seguro facultativo. Para el Programa de Becarios, deben haber cursado a partir del sexto semestre de Licenciatura o Ingenier\u00eda y tener un nivel de Ingl\u00e9s Intermedio\u2013Avanzado.<\/p>\n<p style=\"text-align: justify;\">Actualmente es de vital importancia que los estudiantes tomen conciencia del mundo laboral durante su formaci\u00f3n acad\u00e9mica. Estas actividades les ayudan a integrar el aprendizaje del aula en el ejercicio profesional.<\/p>\n<p style=\"text-align: justify;\">Las alumnas y alumnos seleccionados para el programa de Pr\u00e1cticas Profesionales:<\/p>\n<table>\n<tbody>\n<tr>\n<td width=\"294\"><strong>ALUMNO<\/strong><\/td>\n<td width=\"294\"><strong>CARRERA<\/strong><\/td>\n<\/tr>\n<tr>\n<td width=\"294\">Carmen Patricia R\u00edos Ben\u00edtez<\/td>\n<td width=\"294\">Ingenier\u00eda Qu\u00edmica<\/td>\n<\/tr>\n<tr>\n<td width=\"294\">Jos\u00e9 Luis L\u00f3pez Jacinto<\/td>\n<td width=\"294\">Ingenier\u00eda Qu\u00edmica<\/td>\n<\/tr>\n<tr>\n<td width=\"294\">Jessica Alejandra P\u00e9rez Cabrera<\/td>\n<td width=\"294\">Ingenier\u00eda Qu\u00edmica<\/td>\n<\/tr>\n<tr>\n<td width=\"294\">Karla Daniela G\u00f3mez Hern\u00e1ndez<\/td>\n<td width=\"294\">Ingenier\u00eda Industrial<\/td>\n<\/tr>\n<tr>\n<td width=\"294\">Itzel Jop Melesio<\/td>\n<td width=\"294\">Ingenier\u00eda Industrial<\/td>\n<\/tr>\n<tr>\n<td width=\"294\">Emilia Elena L\u00f3pez Hern\u00e1ndez<\/td>\n<td width=\"294\">Ingenier\u00eda Industrial<\/td>\n<\/tr>\n<tr>\n<td width=\"294\">Antonio Vera Espinoza<\/td>\n<td width=\"294\">Ingenier\u00eda en Gesti\u00f3n Empresarial<\/td>\n<\/tr>\n<tr>\n<td width=\"294\">Roxana Ruiz Velasco<\/td>\n<td width=\"294\">Ingenier\u00eda en Gesti\u00f3n Empresarial<\/td>\n<\/tr>\n<tr>\n<td width=\"294\">V\u00edctor Rivera Reyes<\/td>\n<td width=\"294\">Ingenier\u00eda en Gesti\u00f3n Empresarial<\/td>\n<\/tr>\n<tr>\n<td width=\"294\">Luis Pablo Santiago Morales<\/td>\n<td width=\"294\">Ingenier\u00eda Electromec\u00e1nica<\/td>\n<\/tr>\n<tr>\n<td width=\"294\">Clyde Ramir Poblete S\u00e1nchez<\/td>\n<td width=\"294\">Ingenier\u00eda Electromec\u00e1nica<\/td>\n<\/tr>\n<\/tbody>\n<\/table>\n<p>&nbsp;<\/p>\n<p>Las alumnas y alumnos seleccionados en el Programa de Becarios:<\/p>\n<p>&nbsp;<\/p>\n<table>\n<tbody>\n<tr>\n<td width=\"294\"><strong>ALUMNO<\/strong><\/td>\n<td width=\"294\"><strong>CARRERA<\/strong><\/td>\n<\/tr>\n<tr>\n<td width=\"294\">Jos\u00e9 Alfredo Mart\u00ednez Merl\u00edn<\/td>\n<td width=\"294\">Ingenier\u00eda Electromec\u00e1nica<\/td>\n<\/tr>\n<tr>\n<td width=\"294\">Francisco Vallejo Carpio<\/td>\n<td width=\"294\">Ingenier\u00eda Qu\u00edmica<\/td>\n<\/tr>\n<tr>\n<td width=\"294\">Itzel Mar\u00eda Jos\u00e9 L\u00f3pez D\u00edaz<\/td>\n<td width=\"294\">Ingenier\u00eda Qu\u00edmica<\/td>\n<\/tr>\n<\/tbody>\n<\/table>\n<p>cgb<\/p>\n","protected":false},"excerpt":{"rendered":"<p>Catorce estudiantes del Tecnol\u00f3gico Nacional de M\u00e9xico Campus Minatitl\u00e1n, fueron seleccionados para participar en los Programas de Pr\u00e1cticas Profesionales y Becarios Braskem Idesa 2020. Dichos programas tienen el objetivo de contribuir en la formaci\u00f3n y desarrollo de las habilidades de los estudiantes al inicio de su experiencia profesional, fortaleciendo sus conocimientos acad\u00e9micos y habilidades a [&hellip;]<\/p>\n","protected":false},"author":2,"featured_media":20300,"comment_status":"closed","ping_status":"open","sticky":false,"template":"","format":"standard","meta":{"advgb_blocks_editor_width":"","advgb_blocks_columns_visual_guide":"","footnotes":""},"categories":[12],"tags":[],"class_list":["post-20299","post","type-post","status-publish","format-standard","has-post-thumbnail","hentry","category-noticias"],"author_meta":{"display_name":"Comunicaci\u00f3n y Difusi\u00f3n","author_link":"https:\/\/minatitlan.tecnm.mx\/index.php\/author\/comunicacion-y-difusion\/"},"featured_img":"https:\/\/minatitlan.tecnm.mx\/wp-content\/uploads\/2020\/09\/02082020_BRASKEN-1-300x169.jpg","coauthors":[],"tax_additional":{"categories":{"linked":["<a href=\"https:\/\/minatitlan.tecnm.mx\/index.php\/category\/noticias\/\" class=\"advgb-post-tax-term\">noticias<\/a>"],"unlinked":["<span class=\"advgb-post-tax-term\">noticias<\/span>"]}},"comment_count":"0","relative_dates":{"created":"Publicado 6 a\u00f1os hace","modified":"Actualizado 4 a\u00f1os hace"},"absolute_dates":{"created":"Publicado el 9 septiembre, 2020","modified":"Actualizado el 30 diciembre, 2022"},"absolute_dates_time":{"created":"Publicado el 9 septiembre, 2020 9:42 am","modified":"Actualizado el 30 diciembre, 2022 9:37 pm"},"featured_img_caption":"","series_order":"","_links":{"self":[{"href":"https:\/\/minatitlan.tecnm.mx\/index.php\/wp-json\/wp\/v2\/posts\/20299","targetHints":{"allow":["GET"]}}],"collection":[{"href":"https:\/\/minatitlan.tecnm.mx\/index.php\/wp-json\/wp\/v2\/posts"}],"about":[{"href":"https:\/\/minatitlan.tecnm.mx\/index.php\/wp-json\/wp\/v2\/types\/post"}],"author":[{"embeddable":true,"href":"https:\/\/minatitlan.tecnm.mx\/index.php\/wp-json\/wp\/v2\/users\/2"}],"replies":[{"embeddable":true,"href":"https:\/\/minatitlan.tecnm.mx\/index.php\/wp-json\/wp\/v2\/comments?post=20299"}],"version-history":[{"count":1,"href":"https:\/\/minatitlan.tecnm.mx\/index.php\/wp-json\/wp\/v2\/posts\/20299\/revisions"}],"predecessor-version":[{"id":25730,"href":"https:\/\/minatitlan.tecnm.mx\/index.php\/wp-json\/wp\/v2\/posts\/20299\/revisions\/25730"}],"wp:featuredmedia":[{"embeddable":true,"href":"https:\/\/minatitlan.tecnm.mx\/index.php\/wp-json\/wp\/v2\/media\/20300"}],"wp:attachment":[{"href":"https:\/\/minatitlan.tecnm.mx\/index.php\/wp-json\/wp\/v2\/media?parent=20299"}],"wp:term":[{"taxonomy":"category","embeddable":true,"href":"https:\/\/minatitlan.tecnm.mx\/index.php\/wp-json\/wp\/v2\/categories?post=20299"},{"taxonomy":"post_tag","embeddable":true,"href":"https:\/\/minatitlan.tecnm.mx\/index.php\/wp-json\/wp\/v2\/tags?post=20299"}],"curies":[{"name":"wp","href":"https:\/\/api.w.org\/{rel}","templated":true}]}}