{"id":20815,"date":"2021-06-25T13:55:21","date_gmt":"2021-06-25T13:55:21","guid":{"rendered":"http:\/\/www.minatitlan.tecnm.mx\/portal\/?p=6386"},"modified":"2022-12-23T19:39:08","modified_gmt":"2022-12-24T01:39:08","slug":"firma-de-convenio-de-colaboracion-especifico-con-sedema","status":"publish","type":"post","link":"https:\/\/minatitlan.tecnm.mx\/index.php\/firma-de-convenio-de-colaboracion-especifico-con-sedema\/","title":{"rendered":"FIRMA DE CONVENIO DE COLABORACI\u00d3N ESPEC\u00cdFICO CON SEDEMA"},"content":{"rendered":"<button id=\"listenButton1\" class=\"responsivevoice-button\" type=\"button\" value=\"Play\" title=\"ResponsiveVoice Tap to Start\/Stop Speech\"><span>&#128266; Clic para Narrar Texto<\/span><\/button>\n        <script>\n            listenButton1.onclick = function(){\n                if(responsiveVoice.isPlaying()){\n                    responsiveVoice.cancel();\n                }else{\n                    responsiveVoice.speak(\"Minatitl\u00e1n, Ver. 25\/ 06\/ 2021.-\u00a0Este viernes 25 de junio del a\u00f1o en curso se realiz\u00f3 la firma de un Convenio Espec\u00edfico con la Secretaria de Medio Ambiente (SEDEMA) en el Estado de Veracruz; cuyo objetivo es establecer las bases conforme a las cuales el Tecnol\u00f3gico Nacional de M\u00e9xico Campus Minatitl\u00e1n en conjunto con la SEDEMA, colaborar\u00e1n para llevar a cabo la operaci\u00f3n de la estaci\u00f3n de monitoreo atmosf\u00e9rico de la regi\u00f3n de Minatitl\u00e1n, instalada dentro del instituto. Signaron el convenio el Director del Tecnol\u00f3gico Nacional de M\u00e9xico Campus Minatitl\u00e1n, Mtro. Gelacio Montes Roa, la Lic. Roc\u00edo P\u00e9rez P\u00e9rez, Secretaria de Medio Ambiente en Veracruz, y el Mtro. Benito S\u00e1nchez Raya, Subdirector de Planeaci\u00f3n y Vinculaci\u00f3n del TecNM Campus Minatitl\u00e1n. cgb\", \"Spanish Latin American Female\");\n                }\n            };\n        <\/script>\n    \n<p><em>Minatitl\u00e1n, Ver. 25\/ 06\/ 2021.-\u00a0<\/em>Este viernes 25 de junio del a\u00f1o en curso se realiz\u00f3 la firma de un Convenio Espec\u00edfico con la Secretaria de Medio Ambiente (SEDEMA) en el Estado de Veracruz; cuyo objetivo es establecer las bases conforme a las cuales el Tecnol\u00f3gico Nacional de M\u00e9xico Campus Minatitl\u00e1n en conjunto con la SEDEMA, colaborar\u00e1n para llevar a cabo la operaci\u00f3n de la estaci\u00f3n de monitoreo atmosf\u00e9rico de la regi\u00f3n de Minatitl\u00e1n, instalada dentro del instituto.<\/p>\n<p style=\"text-align: justify;\">Signaron el convenio el Director del Tecnol\u00f3gico Nacional de M\u00e9xico Campus Minatitl\u00e1n, Mtro. Gelacio Montes Roa, la Lic. Roc\u00edo P\u00e9rez P\u00e9rez, Secretaria de Medio Ambiente en Veracruz, y el Mtro. Benito S\u00e1nchez Raya, Subdirector de Planeaci\u00f3n y Vinculaci\u00f3n del TecNM Campus Minatitl\u00e1n.<\/p>\n<p>cgb<\/p>\n","protected":false},"excerpt":{"rendered":"<p>Minatitl\u00e1n, Ver. 25\/ 06\/ 2021.-\u00a0Este viernes 25 de junio del a\u00f1o en curso se realiz\u00f3 la firma de un Convenio Espec\u00edfico con la Secretaria de Medio Ambiente (SEDEMA) en el Estado de Veracruz; cuyo objetivo es establecer las bases conforme a las cuales el Tecnol\u00f3gico Nacional de M\u00e9xico Campus Minatitl\u00e1n en conjunto con la SEDEMA, [&hellip;]<\/p>\n","protected":false},"author":2,"featured_media":20816,"comment_status":"closed","ping_status":"open","sticky":false,"template":"","format":"standard","meta":{"advgb_blocks_editor_width":"","advgb_blocks_columns_visual_guide":"","footnotes":""},"categories":[12],"tags":[],"class_list":["post-20815","post","type-post","status-publish","format-standard","has-post-thumbnail","hentry","category-noticias"],"author_meta":{"display_name":"Comunicaci\u00f3n y Difusi\u00f3n","author_link":"https:\/\/minatitlan.tecnm.mx\/index.php\/author\/comunicacion-y-difusion\/"},"featured_img":"https:\/\/minatitlan.tecnm.mx\/wp-content\/uploads\/2021\/06\/Diapositiva3-3-300x225.jpeg","coauthors":[],"tax_additional":{"categories":{"linked":["<a href=\"https:\/\/minatitlan.tecnm.mx\/index.php\/category\/noticias\/\" class=\"advgb-post-tax-term\">noticias<\/a>"],"unlinked":["<span class=\"advgb-post-tax-term\">noticias<\/span>"]}},"comment_count":"0","relative_dates":{"created":"Publicado 5 a\u00f1os hace","modified":"Actualizado 3 a\u00f1os hace"},"absolute_dates":{"created":"Publicado el 25 junio, 2021","modified":"Actualizado el 23 diciembre, 2022"},"absolute_dates_time":{"created":"Publicado el 25 junio, 2021 1:55 pm","modified":"Actualizado el 23 diciembre, 2022 7:39 pm"},"featured_img_caption":"","series_order":"","_links":{"self":[{"href":"https:\/\/minatitlan.tecnm.mx\/index.php\/wp-json\/wp\/v2\/posts\/20815","targetHints":{"allow":["GET"]}}],"collection":[{"href":"https:\/\/minatitlan.tecnm.mx\/index.php\/wp-json\/wp\/v2\/posts"}],"about":[{"href":"https:\/\/minatitlan.tecnm.mx\/index.php\/wp-json\/wp\/v2\/types\/post"}],"author":[{"embeddable":true,"href":"https:\/\/minatitlan.tecnm.mx\/index.php\/wp-json\/wp\/v2\/users\/2"}],"replies":[{"embeddable":true,"href":"https:\/\/minatitlan.tecnm.mx\/index.php\/wp-json\/wp\/v2\/comments?post=20815"}],"version-history":[{"count":1,"href":"https:\/\/minatitlan.tecnm.mx\/index.php\/wp-json\/wp\/v2\/posts\/20815\/revisions"}],"predecessor-version":[{"id":25212,"href":"https:\/\/minatitlan.tecnm.mx\/index.php\/wp-json\/wp\/v2\/posts\/20815\/revisions\/25212"}],"wp:featuredmedia":[{"embeddable":true,"href":"https:\/\/minatitlan.tecnm.mx\/index.php\/wp-json\/wp\/v2\/media\/20816"}],"wp:attachment":[{"href":"https:\/\/minatitlan.tecnm.mx\/index.php\/wp-json\/wp\/v2\/media?parent=20815"}],"wp:term":[{"taxonomy":"category","embeddable":true,"href":"https:\/\/minatitlan.tecnm.mx\/index.php\/wp-json\/wp\/v2\/categories?post=20815"},{"taxonomy":"post_tag","embeddable":true,"href":"https:\/\/minatitlan.tecnm.mx\/index.php\/wp-json\/wp\/v2\/tags?post=20815"}],"curies":[{"name":"wp","href":"https:\/\/api.w.org\/{rel}","templated":true}]}}