{"id":20819,"date":"2021-06-25T10:35:33","date_gmt":"2021-06-25T10:35:33","guid":{"rendered":"http:\/\/www.minatitlan.tecnm.mx\/portal\/?p=6382"},"modified":"2022-12-23T19:39:08","modified_gmt":"2022-12-24T01:39:08","slug":"25-de-junio-dia-naranja","status":"publish","type":"post","link":"https:\/\/minatitlan.tecnm.mx\/index.php\/25-de-junio-dia-naranja\/","title":{"rendered":"25 DE JUNIO: D\u00cdA NARANJA"},"content":{"rendered":"<button id=\"listenButton1\" class=\"responsivevoice-button\" type=\"button\" value=\"Play\" title=\"ResponsiveVoice Tap to Start\/Stop Speech\"><span>&#128266; Clic para Narrar Texto<\/span><\/button>\n        <script>\n            listenButton1.onclick = function(){\n                if(responsiveVoice.isPlaying()){\n                    responsiveVoice.cancel();\n                }else{\n                    responsiveVoice.speak(\"Los 25 de cada mes se conmemora el D\u00eda Naranja, un d\u00eda para actuar, generar conciencia y prevenir la violencia contra mujeres y ni\u00f1as.\", \"Spanish Latin American Female\");\n                }\n            };\n        <\/script>\n    \n<p style=\"text-align: justify;\">Los 25 de cada mes se conmemora el D\u00eda Naranja, un d\u00eda para actuar, generar conciencia y prevenir la violencia contra mujeres y ni\u00f1as.<\/p>\n","protected":false},"excerpt":{"rendered":"<p>Los 25 de cada mes se conmemora el D\u00eda Naranja, un d\u00eda para actuar, generar conciencia y prevenir la violencia contra mujeres y ni\u00f1as.<\/p>\n","protected":false},"author":2,"featured_media":20820,"comment_status":"closed","ping_status":"open","sticky":false,"template":"","format":"standard","meta":{"advgb_blocks_editor_width":"","advgb_blocks_columns_visual_guide":"","footnotes":""},"categories":[12],"tags":[],"class_list":["post-20819","post","type-post","status-publish","format-standard","has-post-thumbnail","hentry","category-noticias"],"author_meta":{"display_name":"Comunicaci\u00f3n y Difusi\u00f3n","author_link":"https:\/\/minatitlan.tecnm.mx\/index.php\/author\/comunicacion-y-difusion\/"},"featured_img":"https:\/\/minatitlan.tecnm.mx\/wp-content\/uploads\/2021\/06\/WHITE-3-300x300.png","coauthors":[],"tax_additional":{"categories":{"linked":["<a href=\"https:\/\/minatitlan.tecnm.mx\/index.php\/category\/noticias\/\" class=\"advgb-post-tax-term\">noticias<\/a>"],"unlinked":["<span class=\"advgb-post-tax-term\">noticias<\/span>"]}},"comment_count":"0","relative_dates":{"created":"Publicado 5 a\u00f1os hace","modified":"Actualizado 3 a\u00f1os hace"},"absolute_dates":{"created":"Publicado el 25 junio, 2021","modified":"Actualizado el 23 diciembre, 2022"},"absolute_dates_time":{"created":"Publicado el 25 junio, 2021 10:35 am","modified":"Actualizado el 23 diciembre, 2022 7:39 pm"},"featured_img_caption":"","series_order":"","_links":{"self":[{"href":"https:\/\/minatitlan.tecnm.mx\/index.php\/wp-json\/wp\/v2\/posts\/20819","targetHints":{"allow":["GET"]}}],"collection":[{"href":"https:\/\/minatitlan.tecnm.mx\/index.php\/wp-json\/wp\/v2\/posts"}],"about":[{"href":"https:\/\/minatitlan.tecnm.mx\/index.php\/wp-json\/wp\/v2\/types\/post"}],"author":[{"embeddable":true,"href":"https:\/\/minatitlan.tecnm.mx\/index.php\/wp-json\/wp\/v2\/users\/2"}],"replies":[{"embeddable":true,"href":"https:\/\/minatitlan.tecnm.mx\/index.php\/wp-json\/wp\/v2\/comments?post=20819"}],"version-history":[{"count":1,"href":"https:\/\/minatitlan.tecnm.mx\/index.php\/wp-json\/wp\/v2\/posts\/20819\/revisions"}],"predecessor-version":[{"id":25214,"href":"https:\/\/minatitlan.tecnm.mx\/index.php\/wp-json\/wp\/v2\/posts\/20819\/revisions\/25214"}],"wp:featuredmedia":[{"embeddable":true,"href":"https:\/\/minatitlan.tecnm.mx\/index.php\/wp-json\/wp\/v2\/media\/20820"}],"wp:attachment":[{"href":"https:\/\/minatitlan.tecnm.mx\/index.php\/wp-json\/wp\/v2\/media?parent=20819"}],"wp:term":[{"taxonomy":"category","embeddable":true,"href":"https:\/\/minatitlan.tecnm.mx\/index.php\/wp-json\/wp\/v2\/categories?post=20819"},{"taxonomy":"post_tag","embeddable":true,"href":"https:\/\/minatitlan.tecnm.mx\/index.php\/wp-json\/wp\/v2\/tags?post=20819"}],"curies":[{"name":"wp","href":"https:\/\/api.w.org\/{rel}","templated":true}]}}