{"id":20824,"date":"2021-06-23T23:01:45","date_gmt":"2021-06-23T23:01:45","guid":{"rendered":"http:\/\/www.minatitlan.tecnm.mx\/portal\/?p=6364"},"modified":"2022-12-23T19:39:08","modified_gmt":"2022-12-24T01:39:08","slug":"concluye-jornada-de-vacunacion-contra-covid-19-a-poblacion-de-40-49-anos-y-embarazadas-en-tecnm-campus-minatitlan","status":"publish","type":"post","link":"https:\/\/minatitlan.tecnm.mx\/index.php\/concluye-jornada-de-vacunacion-contra-covid-19-a-poblacion-de-40-49-anos-y-embarazadas-en-tecnm-campus-minatitlan\/","title":{"rendered":"CONCLUYE JORNADA DE VACUNACI\u00d3N CONTRA COVID-19 A POBLACI\u00d3N DE 40-49 A\u00d1OS Y EMBARAZADAS EN TECNM CAMPUS MINATITL\u00c1N"},"content":{"rendered":"<button id=\"listenButton1\" class=\"responsivevoice-button\" type=\"button\" value=\"Play\" title=\"ResponsiveVoice Tap to Start\/Stop Speech\"><span>&#128266; Clic para Narrar Texto<\/span><\/button>\n        <script>\n            listenButton1.onclick = function(){\n                if(responsiveVoice.isPlaying()){\n                    responsiveVoice.cancel();\n                }else{\n                    responsiveVoice.speak(\"M\u00e1s de 20, 000 dosis fueron aplicadas a la poblaci\u00f3n de 40 a 49 a\u00f1os de edad y embarazadas de los municipios de Minatitl\u00e1n y Cosoleacaque. Minatitl\u00e1n, Ver. 23\/ 06\/ 2021.-\u00a0Como parte de la Estrategia Nacional de Vacunaci\u00f3n contra el COVID-19, hoy mi\u00e9rcoles 23 de junio del a\u00f1o en curso concluye exitosamente la Jornada de Vacunaci\u00f3n a la poblaci\u00f3n adulta de 40 a 49 a\u00f1os (primera dosis) y embarazadas a partir de la novena semana de gestaci\u00f3n de los municipios de Minatitl\u00e1n y Cosoleacaque. Poblaci\u00f3n de los municipios de Minatitl\u00e1n y Cosoleacaque reciben dosis contra COVID-19. Siguiendo estrictos protocolos de salud implementados por la Secretar\u00eda de Salud y la Secretar\u00eda de Educaci\u00f3n P\u00fablica para prevenir la transmisi\u00f3n del virus SARS-CoV2, personal administrativo, docente y estudiantes del TecNM Campus Minatitl\u00e1n brindaron apoyo log\u00edstico a las autoridades de salud que se encontraron aplicando la vacuna. Las y los asistentes fueron beneficiadas con la aplicaci\u00f3n de la vacuna AZD1222 AstraZeneca contra el virus SARS-CoV2,\u00a0misma que requiere de una segunda dosis de 8 a 12 semanas (56 a 84 d\u00edas) despu\u00e9s de aplicada la primera dosis. Beny, el halc\u00f3n con estudiantes voluntarios del TecNM Campus Minatitl\u00e1n. La Jornada de Vacunaci\u00f3n se llev\u00f3 a cabo durante los d\u00edas lunes 21, martes 22 en horario de 8:00 a 17:00 hrs., y mi\u00e9rcoles 23 de junio de 8:00 a 19:30 hrs. El \u00e1rea de reposo y registro fue amenizado por un mosaico cultural organizado por el departamento de Actividades Extraescolares del TecNM Campus Minatitl\u00e1n en el que particip\u00f3 la Rondalla de Ingenier\u00eda de Egresados del Instituto Tecnol\u00f3gico de Minatitl\u00e1n. La participaci\u00f3n de nuestra Instituci\u00f3n en estas actividades tiene la finalidad de reiterar nuestro compromiso y disposici\u00f3n para servir a la Naci\u00f3n con la misma entrega y responsabilidad que lo hace desde el entorno educativo. Personal del Sector Salud. cgb\", \"Spanish Latin American Female\");\n                }\n            };\n        <\/script>\n    \n<p style=\"text-align: justify;\"><em>M\u00e1s de <\/em>20<em>, 000 dosis fueron aplicadas a la poblaci\u00f3n de 40 a 49 a\u00f1os de edad y embarazadas de los municipios de Minatitl\u00e1n y Cosoleacaque.<\/em><\/p>\n<p style=\"text-align: justify;\"><em>Minatitl\u00e1n, Ver. 23\/ 06\/ 2021.-\u00a0<\/em>Como parte de la Estrategia Nacional de Vacunaci\u00f3n contra el COVID-19, hoy mi\u00e9rcoles 23 de junio del a\u00f1o en curso concluye exitosamente la Jornada de Vacunaci\u00f3n a la poblaci\u00f3n adulta de 40 a 49 a\u00f1os (primera dosis) y embarazadas a partir de la novena semana de gestaci\u00f3n de los municipios de Minatitl\u00e1n y Cosoleacaque.<\/p>\n<p><img loading=\"lazy\" decoding=\"async\" class=\"aligncenter wp-image-6361\" src=\"http:\/\/minatitlan.tecnm.mx\/wp-content\/uploads\/2021\/06\/Diapositiva7-1.jpg\" alt=\"\" width=\"267\" height=\"200\" \/><\/p>\n<h6 style=\"text-align: center;\"><strong>Poblaci\u00f3n de los municipios de Minatitl\u00e1n y Cosoleacaque reciben dosis contra COVID-19.<\/strong><\/h6>\n<p style=\"text-align: justify;\">Siguiendo estrictos protocolos de salud implementados por la Secretar\u00eda de Salud y la Secretar\u00eda de Educaci\u00f3n P\u00fablica para prevenir la transmisi\u00f3n del virus SARS-CoV2, personal administrativo, docente y estudiantes del TecNM Campus Minatitl\u00e1n brindaron apoyo log\u00edstico a las autoridades de salud que se encontraron aplicando la vacuna.<\/p>\n<p style=\"text-align: justify;\">Las y los asistentes fueron beneficiadas con la aplicaci\u00f3n de la vacuna AZD1222 AstraZeneca contra el virus SARS-CoV2,\u00a0misma que requiere de una segunda dosis de 8 a 12 semanas (56 a 84 d\u00edas) despu\u00e9s de aplicada la primera dosis.<\/p>\n<p><img loading=\"lazy\" decoding=\"async\" class=\"aligncenter wp-image-6363\" src=\"http:\/\/minatitlan.tecnm.mx\/wp-content\/uploads\/2021\/06\/Diapositiva9.jpg\" alt=\"\" width=\"270\" height=\"202\" \/><\/p>\n<h6 style=\"text-align: center;\"><strong>Beny, el halc\u00f3n con estudiantes voluntarios del TecNM Campus Minatitl\u00e1n.<\/strong><\/h6>\n<p style=\"text-align: justify;\">La Jornada de Vacunaci\u00f3n se llev\u00f3 a cabo durante los d\u00edas lunes 21, martes 22 en horario de 8:00 a 17:00 hrs., y mi\u00e9rcoles 23 de junio de 8:00 a 19:30 hrs.<\/p>\n<p><img loading=\"lazy\" decoding=\"async\" class=\"aligncenter wp-image-6362\" src=\"http:\/\/minatitlan.tecnm.mx\/wp-content\/uploads\/2021\/06\/Diapositiva8-1.jpg\" alt=\"\" width=\"267\" height=\"200\" \/><img loading=\"lazy\" decoding=\"async\" class=\"aligncenter wp-image-6365\" src=\"http:\/\/minatitlan.tecnm.mx\/wp-content\/uploads\/2021\/06\/Diapositiva7-1.png\" alt=\"\" width=\"267\" height=\"200\" \/><\/p>\n<h6 style=\"text-align: center;\"><strong>El \u00e1rea de reposo y registro fue amenizado por un mosaico cultural organizado por el departamento de Actividades Extraescolares del TecNM Campus Minatitl\u00e1n en el que particip\u00f3 la Rondalla de Ingenier\u00eda de Egresados del Instituto Tecnol\u00f3gico de Minatitl\u00e1n.<\/strong><\/h6>\n<p style=\"text-align: justify;\">La participaci\u00f3n de nuestra Instituci\u00f3n en estas actividades tiene la finalidad de reiterar nuestro compromiso y disposici\u00f3n para servir a la Naci\u00f3n con la misma entrega y responsabilidad que lo hace desde el entorno educativo.<\/p>\n<p><img loading=\"lazy\" decoding=\"async\" class=\"aligncenter wp-image-6368\" src=\"http:\/\/minatitlan.tecnm.mx\/wp-content\/uploads\/2021\/06\/Diapositiva8.png\" alt=\"\" width=\"267\" height=\"200\" \/><img loading=\"lazy\" decoding=\"async\" class=\"aligncenter wp-image-6370\" src=\"http:\/\/minatitlan.tecnm.mx\/wp-content\/uploads\/2021\/06\/Diapositiva6-1.png\" alt=\"\" width=\"267\" height=\"200\" \/><\/p>\n<h6 style=\"text-align: center;\"><strong>Personal del Sector Salud.<\/strong><\/h6>\n<p>cgb<\/p>\n","protected":false},"excerpt":{"rendered":"<p>M\u00e1s de 20, 000 dosis fueron aplicadas a la poblaci\u00f3n de 40 a 49 a\u00f1os de edad y embarazadas de los municipios de Minatitl\u00e1n y Cosoleacaque. Minatitl\u00e1n, Ver. 23\/ 06\/ 2021.-\u00a0Como parte de la Estrategia Nacional de Vacunaci\u00f3n contra el COVID-19, hoy mi\u00e9rcoles 23 de junio del a\u00f1o en curso concluye exitosamente la Jornada de [&hellip;]<\/p>\n","protected":false},"author":2,"featured_media":20831,"comment_status":"closed","ping_status":"open","sticky":false,"template":"","format":"standard","meta":{"advgb_blocks_editor_width":"","advgb_blocks_columns_visual_guide":"","footnotes":""},"categories":[12],"tags":[],"class_list":["post-20824","post","type-post","status-publish","format-standard","has-post-thumbnail","hentry","category-noticias"],"author_meta":{"display_name":"Comunicaci\u00f3n y Difusi\u00f3n","author_link":"https:\/\/minatitlan.tecnm.mx\/index.php\/author\/comunicacion-y-difusion\/"},"featured_img":"https:\/\/minatitlan.tecnm.mx\/wp-content\/uploads\/2021\/06\/Diapositiva6-1-300x225.jpg","coauthors":[],"tax_additional":{"categories":{"linked":["<a href=\"https:\/\/minatitlan.tecnm.mx\/index.php\/category\/noticias\/\" class=\"advgb-post-tax-term\">noticias<\/a>"],"unlinked":["<span class=\"advgb-post-tax-term\">noticias<\/span>"]}},"comment_count":"0","relative_dates":{"created":"Publicado 5 a\u00f1os hace","modified":"Actualizado 3 a\u00f1os hace"},"absolute_dates":{"created":"Publicado el 23 junio, 2021","modified":"Actualizado el 23 diciembre, 2022"},"absolute_dates_time":{"created":"Publicado el 23 junio, 2021 11:01 pm","modified":"Actualizado el 23 diciembre, 2022 7:39 pm"},"featured_img_caption":"","series_order":"","_links":{"self":[{"href":"https:\/\/minatitlan.tecnm.mx\/index.php\/wp-json\/wp\/v2\/posts\/20824","targetHints":{"allow":["GET"]}}],"collection":[{"href":"https:\/\/minatitlan.tecnm.mx\/index.php\/wp-json\/wp\/v2\/posts"}],"about":[{"href":"https:\/\/minatitlan.tecnm.mx\/index.php\/wp-json\/wp\/v2\/types\/post"}],"author":[{"embeddable":true,"href":"https:\/\/minatitlan.tecnm.mx\/index.php\/wp-json\/wp\/v2\/users\/2"}],"replies":[{"embeddable":true,"href":"https:\/\/minatitlan.tecnm.mx\/index.php\/wp-json\/wp\/v2\/comments?post=20824"}],"version-history":[{"count":1,"href":"https:\/\/minatitlan.tecnm.mx\/index.php\/wp-json\/wp\/v2\/posts\/20824\/revisions"}],"predecessor-version":[{"id":25216,"href":"https:\/\/minatitlan.tecnm.mx\/index.php\/wp-json\/wp\/v2\/posts\/20824\/revisions\/25216"}],"wp:featuredmedia":[{"embeddable":true,"href":"https:\/\/minatitlan.tecnm.mx\/index.php\/wp-json\/wp\/v2\/media\/20831"}],"wp:attachment":[{"href":"https:\/\/minatitlan.tecnm.mx\/index.php\/wp-json\/wp\/v2\/media?parent=20824"}],"wp:term":[{"taxonomy":"category","embeddable":true,"href":"https:\/\/minatitlan.tecnm.mx\/index.php\/wp-json\/wp\/v2\/categories?post=20824"},{"taxonomy":"post_tag","embeddable":true,"href":"https:\/\/minatitlan.tecnm.mx\/index.php\/wp-json\/wp\/v2\/tags?post=20824"}],"curies":[{"name":"wp","href":"https:\/\/api.w.org\/{rel}","templated":true}]}}