{"id":20893,"date":"2021-06-09T17:23:10","date_gmt":"2021-06-09T17:23:10","guid":{"rendered":"http:\/\/www.minatitlan.tecnm.mx\/portal\/?p=6206"},"modified":"2022-12-30T21:37:06","modified_gmt":"2022-12-31T03:37:06","slug":"ceremonia-de-graduacion-2021-2","status":"publish","type":"post","link":"https:\/\/minatitlan.tecnm.mx\/index.php\/ceremonia-de-graduacion-2021-2\/","title":{"rendered":"CEREMONIA DE GRADUACI\u00d3N 2021"},"content":{"rendered":"<p><iframe loading=\"lazy\" src=\"\/\/www.youtube.com\/embed\/Ft5puvmyRd4\" width=\"560\" height=\"314\" allowfullscreen=\"allowfullscreen\"><\/iframe><\/p>\n<p style=\"text-align: justify;\">Minatitl\u00e1n, Ver. 04\/ 06\/ 2021.-\u00a0Este viernes 04 de junio del a\u00f1o en curso el Tecnol\u00f3gico Nacional de M\u00e9xico Campus Minatitl\u00e1n, llev\u00f3 a cabo la Ceremonia de Graduaci\u00f3n Virtual 2021, donde se celebr\u00f3 a las Generaciones LXXXII (2015-2019), LXXXIII (2015-2020), LXXXIV (2016-2020), misma que fue presidida por autoridades educativas, federales y municipales de los municipios de Cosoleacaque y Minatitl\u00e1n respectivamente. En esta ocasi\u00f3n nuestra casa de estudios entreg\u00f3 a la sociedad y al \u00e1mbito laboral a 757 nuevos profesionistas con una ejemplar filosof\u00eda de servicio y \u00e9tica profesional.<\/p>\n<p>cgb<\/p>\n","protected":false},"excerpt":{"rendered":"<p>Minatitl\u00e1n, Ver. 04\/ 06\/ 2021.-\u00a0Este viernes 04 de junio del a\u00f1o en curso el Tecnol\u00f3gico Nacional de M\u00e9xico Campus Minatitl\u00e1n, llev\u00f3 a cabo la Ceremonia de Graduaci\u00f3n Virtual 2021, donde se celebr\u00f3 a las Generaciones LXXXII (2015-2019), LXXXIII (2015-2020), LXXXIV (2016-2020), misma que fue presidida por autoridades educativas, federales y municipales de los municipios de [&hellip;]<\/p>\n","protected":false},"author":2,"featured_media":0,"comment_status":"closed","ping_status":"open","sticky":false,"template":"","format":"standard","meta":{"advgb_blocks_editor_width":"","advgb_blocks_columns_visual_guide":"","footnotes":""},"categories":[12],"tags":[],"class_list":["post-20893","post","type-post","status-publish","format-standard","hentry","category-noticias"],"author_meta":{"display_name":"Comunicaci\u00f3n y Difusi\u00f3n","author_link":"https:\/\/minatitlan.tecnm.mx\/index.php\/author\/comunicacion-y-difusion\/"},"featured_img":null,"coauthors":[],"tax_additional":{"categories":{"linked":["<a href=\"https:\/\/minatitlan.tecnm.mx\/index.php\/category\/noticias\/\" class=\"advgb-post-tax-term\">noticias<\/a>"],"unlinked":["<span class=\"advgb-post-tax-term\">noticias<\/span>"]}},"comment_count":"0","relative_dates":{"created":"Publicado 5 a\u00f1os hace","modified":"Actualizado 4 a\u00f1os hace"},"absolute_dates":{"created":"Publicado el 9 junio, 2021","modified":"Actualizado el 30 diciembre, 2022"},"absolute_dates_time":{"created":"Publicado el 9 junio, 2021 5:23 pm","modified":"Actualizado el 30 diciembre, 2022 9:37 pm"},"featured_img_caption":"","series_order":"","_links":{"self":[{"href":"https:\/\/minatitlan.tecnm.mx\/index.php\/wp-json\/wp\/v2\/posts\/20893","targetHints":{"allow":["GET"]}}],"collection":[{"href":"https:\/\/minatitlan.tecnm.mx\/index.php\/wp-json\/wp\/v2\/posts"}],"about":[{"href":"https:\/\/minatitlan.tecnm.mx\/index.php\/wp-json\/wp\/v2\/types\/post"}],"author":[{"embeddable":true,"href":"https:\/\/minatitlan.tecnm.mx\/index.php\/wp-json\/wp\/v2\/users\/2"}],"replies":[{"embeddable":true,"href":"https:\/\/minatitlan.tecnm.mx\/index.php\/wp-json\/wp\/v2\/comments?post=20893"}],"version-history":[{"count":1,"href":"https:\/\/minatitlan.tecnm.mx\/index.php\/wp-json\/wp\/v2\/posts\/20893\/revisions"}],"predecessor-version":[{"id":25569,"href":"https:\/\/minatitlan.tecnm.mx\/index.php\/wp-json\/wp\/v2\/posts\/20893\/revisions\/25569"}],"wp:attachment":[{"href":"https:\/\/minatitlan.tecnm.mx\/index.php\/wp-json\/wp\/v2\/media?parent=20893"}],"wp:term":[{"taxonomy":"category","embeddable":true,"href":"https:\/\/minatitlan.tecnm.mx\/index.php\/wp-json\/wp\/v2\/categories?post=20893"},{"taxonomy":"post_tag","embeddable":true,"href":"https:\/\/minatitlan.tecnm.mx\/index.php\/wp-json\/wp\/v2\/tags?post=20893"}],"curies":[{"name":"wp","href":"https:\/\/api.w.org\/{rel}","templated":true}]}}