{"id":21041,"date":"2021-04-23T13:51:40","date_gmt":"2021-04-23T13:51:40","guid":{"rendered":"http:\/\/www.itmina.edu.mx\/portal\/?p=5898"},"modified":"2022-12-30T21:37:07","modified_gmt":"2022-12-31T03:37:07","slug":"jornada-academica-internacional-de-ingenieria-industrial","status":"publish","type":"post","link":"https:\/\/minatitlan.tecnm.mx\/index.php\/jornada-academica-internacional-de-ingenieria-industrial\/","title":{"rendered":"JORNADA ACAD\u00c9MICA INTERNACIONAL DE INGENIER\u00cdA INDUSTRIAL"},"content":{"rendered":"<button id=\"listenButton1\" class=\"responsivevoice-button\" type=\"button\" value=\"Play\" title=\"ResponsiveVoice Tap to Start\/Stop Speech\"><span>&#128266; Clic para Narrar Texto<\/span><\/button>\n        <script>\n            listenButton1.onclick = function(){\n                if(responsiveVoice.isPlaying()){\n                    responsiveVoice.cancel();\n                }else{\n                    responsiveVoice.speak(\"Minatitl\u00e1n, Ver. 23\/ 04\/ 2021.- El Tecnol\u00f3gico Nacional de M\u00e9xico Campus Minatitl\u00e1n a trav\u00e9s del Departamento y la Academia de Ingenier\u00eda Industrial realizan Jornada Acad\u00e9mica Internacional de Ingenier\u00eda Industrial \u201cRompiendo Paradigmas\u2026 la Ingenier\u00eda Industrial y su multidisciplinariedad en \u00e1mbito laboral\u201d. Durante la inauguraci\u00f3n, el Subdirector Acad\u00e9mico, Mtro. Ted Echeverr\u00eda Dionisio, a nombre del Director del plantel Mtro. Gelacio Montes Roa, invit\u00f3 a las y los j\u00f3venes a aprovechar al m\u00e1ximo estas actividades que son impulsadas por la actual administraci\u00f3n del plantel. Con el objetivo de brindar espacios acad\u00e9micos y recreativos que coadyuven a la formaci\u00f3n integral de las y los estudiantes; la Jornada Acad\u00e9mica, realizada del 20 al 22 de abril del a\u00f1o en curso, ofreci\u00f3 las videoconferencias: \u201cEl presente y futuro de los alcances de la Ingenier\u00eda Industrial\u201d por la M.A.P.I. Dyanorah Bautista Matus; \u201cLa impresi\u00f3n 3D como soluci\u00f3n para la vida Cotidiana\u201d por el Ing. Abraham Cruz Candelaria de la Escuela Superior de Ingenier\u00eda Ambiental y Procesos Industriales; \u201cModelo Actual de Producci\u00f3n: Tendencias Demogr\u00e1ficas y servicios Ambientales\u201d por Minerva Cristina Garc\u00eda Vargas, PhD del TecNM Campus Zit\u00e1cuaro; \u201cNOM-031-STPS-2011-Construcci\u00f3n-Conduciones de seguridad y salud en el trabajo\u201d por Ing. Juan Lanisbath Herrera de ACESA; \u201cBlockchain y las posibilidades futuras\u201d por el MSc. Gabriel Berlitz Rondon de la Universit\u00e9 Jean Monnet-Roanne, Francia y la Universit\u00e9 Sorbonne, Par\u00eds; \u201cPrep\u00e1rate para tu entrevista de trabajo\u201d por la Lic. Iris Elena Oliva Facundo; \u201cSeguridad basada en el comportamiento\u201d por el Ing. Mario Eduardo V\u00e1squez Mendoza del Centro de Formaci\u00f3n Industrial Tecnol\u00f3gica y Proyectos; \u201cEl rol del Ingeniero Industrial en el ejercicio y la responsabilidad social\u201d por el I.I. y M.A. Juan Carlos Ort\u00edz Hern\u00e1ndez; Panel de egresados. Y los talleres: \u201cAprendamos estad\u00edsticas con Excel\u201d impartido por la Ing. Luz del Carmen Toledo Mart\u00ednez; \u201cHerramientas para la gesti\u00f3n de la calidad\u201d impartido por la Ing. Maricruz Toledo Mart\u00ednez; \u201cPlaneaci\u00f3n del Sistema MRP\u201d, impartido por la Ing. Julia Mercedes Canul del TecNM Campus Valladolid, y; \u201cEstrategias para la resoluci\u00f3n de problemas matem\u00e1ticos\u201d impartido por la Ing. Patricia Micaela Campos Donato. cgb\", \"Spanish Latin American Female\");\n                }\n            };\n        <\/script>\n    \n<p style=\"text-align: justify;\"><em>Minatitl\u00e1n, Ver. 23\/ 04\/ 2021.- <\/em>El Tecnol\u00f3gico Nacional de M\u00e9xico Campus Minatitl\u00e1n a trav\u00e9s del Departamento y la Academia de Ingenier\u00eda Industrial realizan Jornada Acad\u00e9mica Internacional de Ingenier\u00eda Industrial \u201cRompiendo Paradigmas\u2026 la Ingenier\u00eda Industrial y su multidisciplinariedad en \u00e1mbito laboral\u201d.<\/p>\n<p style=\"text-align: justify;\">Durante la inauguraci\u00f3n, el Subdirector Acad\u00e9mico, Mtro. Ted Echeverr\u00eda Dionisio, a nombre del Director del plantel Mtro. Gelacio Montes Roa, invit\u00f3 a las y los j\u00f3venes a aprovechar al m\u00e1ximo estas actividades que son impulsadas por la actual administraci\u00f3n del plantel.<\/p>\n<p style=\"text-align: justify;\">Con el objetivo de brindar espacios acad\u00e9micos y recreativos que coadyuven a la formaci\u00f3n integral de las y los estudiantes; la Jornada Acad\u00e9mica, realizada del 20 al 22 de abril del a\u00f1o en curso, ofreci\u00f3 las videoconferencias: \u201cEl presente y futuro de los alcances de la Ingenier\u00eda Industrial\u201d por la M.A.P.I. Dyanorah Bautista Matus; \u201cLa impresi\u00f3n 3D como soluci\u00f3n para la vida Cotidiana\u201d por el Ing. Abraham Cruz Candelaria de la Escuela Superior de Ingenier\u00eda Ambiental y Procesos Industriales; \u201cModelo Actual de Producci\u00f3n: Tendencias Demogr\u00e1ficas y servicios Ambientales\u201d por Minerva Cristina Garc\u00eda Vargas, PhD del TecNM Campus Zit\u00e1cuaro; \u201cNOM-031-STPS-2011-Construcci\u00f3n-Conduciones de seguridad y salud en el trabajo\u201d por Ing. Juan Lanisbath Herrera de ACESA; \u201cBlockchain y las posibilidades futuras\u201d por el MSc. Gabriel Berlitz Rondon de la Universit\u00e9 Jean Monnet-Roanne, Francia y la Universit\u00e9 Sorbonne, Par\u00eds; \u201cPrep\u00e1rate para tu entrevista de trabajo\u201d por la Lic. Iris Elena Oliva Facundo; \u201cSeguridad basada en el comportamiento\u201d por el Ing. Mario Eduardo V\u00e1squez Mendoza del Centro de Formaci\u00f3n Industrial Tecnol\u00f3gica y Proyectos; \u201cEl rol del Ingeniero Industrial en el ejercicio y la responsabilidad social\u201d por el I.I. y M.A. Juan Carlos Ort\u00edz Hern\u00e1ndez; Panel de egresados. Y los talleres: \u201cAprendamos estad\u00edsticas con Excel\u201d impartido por la Ing. Luz del Carmen Toledo Mart\u00ednez; \u201cHerramientas para la gesti\u00f3n de la calidad\u201d impartido por la Ing. Maricruz Toledo Mart\u00ednez; \u201cPlaneaci\u00f3n del Sistema MRP\u201d, impartido por la Ing. Julia Mercedes Canul del TecNM Campus Valladolid, y; \u201cEstrategias para la resoluci\u00f3n de problemas matem\u00e1ticos\u201d impartido por la Ing. Patricia Micaela Campos Donato.<\/p>\n<p>cgb<\/p>\n","protected":false},"excerpt":{"rendered":"<p>Minatitl\u00e1n, Ver. 23\/ 04\/ 2021.- El Tecnol\u00f3gico Nacional de M\u00e9xico Campus Minatitl\u00e1n a trav\u00e9s del Departamento y la Academia de Ingenier\u00eda Industrial realizan Jornada Acad\u00e9mica Internacional de Ingenier\u00eda Industrial \u201cRompiendo Paradigmas\u2026 la Ingenier\u00eda Industrial y su multidisciplinariedad en \u00e1mbito laboral\u201d. Durante la inauguraci\u00f3n, el Subdirector Acad\u00e9mico, Mtro. Ted Echeverr\u00eda Dionisio, a nombre del Director del [&hellip;]<\/p>\n","protected":false},"author":2,"featured_media":21042,"comment_status":"closed","ping_status":"open","sticky":false,"template":"","format":"standard","meta":{"advgb_blocks_editor_width":"","advgb_blocks_columns_visual_guide":"","footnotes":""},"categories":[12],"tags":[],"class_list":["post-21041","post","type-post","status-publish","format-standard","has-post-thumbnail","hentry","category-noticias"],"author_meta":{"display_name":"Comunicaci\u00f3n y Difusi\u00f3n","author_link":"https:\/\/minatitlan.tecnm.mx\/index.php\/author\/comunicacion-y-difusion\/"},"featured_img":"https:\/\/minatitlan.tecnm.mx\/wp-content\/uploads\/2021\/04\/Diapositiva3-300x203.jpg","coauthors":[],"tax_additional":{"categories":{"linked":["<a href=\"https:\/\/minatitlan.tecnm.mx\/index.php\/category\/noticias\/\" class=\"advgb-post-tax-term\">noticias<\/a>"],"unlinked":["<span class=\"advgb-post-tax-term\">noticias<\/span>"]}},"comment_count":"0","relative_dates":{"created":"Publicado 5 a\u00f1os hace","modified":"Actualizado 4 a\u00f1os hace"},"absolute_dates":{"created":"Publicado el 23 abril, 2021","modified":"Actualizado el 30 diciembre, 2022"},"absolute_dates_time":{"created":"Publicado el 23 abril, 2021 1:51 pm","modified":"Actualizado el 30 diciembre, 2022 9:37 pm"},"featured_img_caption":"","series_order":"","_links":{"self":[{"href":"https:\/\/minatitlan.tecnm.mx\/index.php\/wp-json\/wp\/v2\/posts\/21041","targetHints":{"allow":["GET"]}}],"collection":[{"href":"https:\/\/minatitlan.tecnm.mx\/index.php\/wp-json\/wp\/v2\/posts"}],"about":[{"href":"https:\/\/minatitlan.tecnm.mx\/index.php\/wp-json\/wp\/v2\/types\/post"}],"author":[{"embeddable":true,"href":"https:\/\/minatitlan.tecnm.mx\/index.php\/wp-json\/wp\/v2\/users\/2"}],"replies":[{"embeddable":true,"href":"https:\/\/minatitlan.tecnm.mx\/index.php\/wp-json\/wp\/v2\/comments?post=21041"}],"version-history":[{"count":1,"href":"https:\/\/minatitlan.tecnm.mx\/index.php\/wp-json\/wp\/v2\/posts\/21041\/revisions"}],"predecessor-version":[{"id":25616,"href":"https:\/\/minatitlan.tecnm.mx\/index.php\/wp-json\/wp\/v2\/posts\/21041\/revisions\/25616"}],"wp:featuredmedia":[{"embeddable":true,"href":"https:\/\/minatitlan.tecnm.mx\/index.php\/wp-json\/wp\/v2\/media\/21042"}],"wp:attachment":[{"href":"https:\/\/minatitlan.tecnm.mx\/index.php\/wp-json\/wp\/v2\/media?parent=21041"}],"wp:term":[{"taxonomy":"category","embeddable":true,"href":"https:\/\/minatitlan.tecnm.mx\/index.php\/wp-json\/wp\/v2\/categories?post=21041"},{"taxonomy":"post_tag","embeddable":true,"href":"https:\/\/minatitlan.tecnm.mx\/index.php\/wp-json\/wp\/v2\/tags?post=21041"}],"curies":[{"name":"wp","href":"https:\/\/api.w.org\/{rel}","templated":true}]}}