{"id":21458,"date":"2021-11-05T23:24:26","date_gmt":"2021-11-05T23:24:26","guid":{"rendered":"http:\/\/www.minatitlan.tecnm.mx\/portal\/?p=7317"},"modified":"2022-12-23T19:39:05","modified_gmt":"2022-12-24T01:39:05","slug":"premiacion-disena-el-logo-del-50-aniversario-del-tecmina","status":"publish","type":"post","link":"https:\/\/minatitlan.tecnm.mx\/index.php\/premiacion-disena-el-logo-del-50-aniversario-del-tecmina\/","title":{"rendered":"PREMIACI\u00d3N &#8220;DISE\u00d1A EL LOGO DEL 50 ANIVERSARIO&#8221; DEL TECMINA"},"content":{"rendered":"<p style=\"text-align: justify;\"><button id=\"listenButton1\" class=\"responsivevoice-button\" type=\"button\" value=\"Play\" title=\"ResponsiveVoice Tap to Start\/Stop Speech\"><span>&#128266; Clic para Narrar Texto<\/span><\/button>\n        <script>\n            listenButton1.onclick = function(){\n                if(responsiveVoice.isPlaying()){\n                    responsiveVoice.cancel();\n                }else{\n                    responsiveVoice.speak(\"Minatitl\u00e1n, Ver. 05\/ 11\/ 2021.- Hoy viernes, cinco de noviembre del a\u00f1o en curso, el Director del Tecnol\u00f3gico Nacional de M\u00e9xico Campus Minatitl\u00e1n, Mtro. Gelacio Montes Roa, presidi\u00f3 la premiaci\u00f3n del concurso \\\"Dise\u00f1a el logo del Quincuag\u00e9simo Aniversario\\\" de la fundaci\u00f3n del plantel. \\\"Por casi cincuenta a\u00f1os, nuestro Instituto Tecnol\u00f3gico de Minatitl\u00e1n ha sido parte exitosa de la Educaci\u00f3n superior\u00a0tecnol\u00f3gica en el sur de Veracruz y el pa\u00eds. Este logo conmemorativo es un testimonio que perdurar\u00e1 por siempre\\\". Con el objetivo de plasmar el prestigio y honor, que representa el aniversario cincuenta, el pasado primero de octubre se lanz\u00f3 la convocatoria donde se invitaba a toda la comunidad tecnol\u00f3gica a dise\u00f1ar el logo conmemorativo de la fundaci\u00f3n del TecMina. Se recibieron 17 propuestas, de las cuales cuatro fueron seleccionadas finalistas por una comisi\u00f3n integrada por: un representante del comit\u00e9 hist\u00f3rico del ITM, un representante del personal docente, un representante del personal administrativo y un representante estudiantil de excelencia acad\u00e9mica. El ganador fue seleccionado a trav\u00e9s de una votaci\u00f3n en nuestra p\u00e1gina de Facebook. LUGAR NOMBRE N\u00daMERO DE VOTOS 1 Iv\u00e1n Mc.Karthy Mart\u00ednez Arreola 2500 2 Gustavo Silva Reyes 2400 3 Mar\u00eda Itzel Hern\u00e1ndez Santos 625 4 Jos\u00e9 Manuel Berm\u00fadez Gonz\u00e1lez 544 La premiaci\u00f3n se llev\u00f3 acabo en la sala de juntas, donde se agradeci\u00f3 a los cuatro finalistas su entusiasmo, creatividad y compromiso en este tipo de actividades. Tambi\u00e9n estuvieron presentes: el Subdirector de Planeaci\u00f3n y Vinculaci\u00f3n, Ing. Rafael D\u00edaz Rojas; Subdirector de Servicios Administrativos, Mtro. Mario Benedicto Gonz\u00e1lez Le\u00f3n; Subdirector Acad\u00e9mico, Mtro. Ted Echeverr\u00eda Dionisio. cgb\", \"Spanish Latin American Female\");\n                }\n            };\n        <\/script>\n    <\/p>\n<p style=\"text-align: justify;\"><em>Minatitl\u00e1n, Ver. 05\/ 11\/ 2021.-<\/em> Hoy viernes, cinco de noviembre del a\u00f1o en curso, el Director del Tecnol\u00f3gico Nacional de M\u00e9xico Campus Minatitl\u00e1n, Mtro. Gelacio Montes Roa, presidi\u00f3 la premiaci\u00f3n del concurso &#8220;Dise\u00f1a el logo del Quincuag\u00e9simo Aniversario&#8221; de la fundaci\u00f3n del plantel.<\/p>\n<p style=\"text-align: justify;\"><em>&#8220;Por casi cincuenta a\u00f1os, nuestro Instituto Tecnol\u00f3gico de Minatitl\u00e1n ha sido parte exitosa de la Educaci\u00f3n superior\u00a0tecnol\u00f3gica en el sur de Veracruz y el pa\u00eds. Este logo conmemorativo es un testimonio que perdurar\u00e1 por siempre&#8221;.<\/em><\/p>\n<p style=\"text-align: justify;\">Con el objetivo de plasmar el prestigio y honor, que representa el aniversario cincuenta, el pasado primero de octubre se lanz\u00f3 la convocatoria donde se invitaba a toda la comunidad tecnol\u00f3gica a dise\u00f1ar el logo conmemorativo de la fundaci\u00f3n del TecMina. Se recibieron 17 propuestas, de las cuales cuatro fueron seleccionadas finalistas por una comisi\u00f3n integrada por: un representante del comit\u00e9 hist\u00f3rico del ITM, un representante del personal docente, un representante del personal administrativo y un representante estudiantil de excelencia acad\u00e9mica. El ganador fue seleccionado a trav\u00e9s de una votaci\u00f3n en nuestra p\u00e1gina de Facebook.<\/p>\n<table style=\"border-collapse: collapse; width: 100%;\" border=\"1\">\n<tbody>\n<tr style=\"height: 24px;\">\n<td style=\"width: 12.9729%; height: 24px; text-align: center;\"><strong>LUGAR<\/strong><\/td>\n<td style=\"width: 53.6937%; height: 24px; text-align: center;\"><strong>NOMBRE<\/strong><\/td>\n<td style=\"width: 33.3333%; height: 24px; text-align: center;\"><strong>N\u00daMERO DE VOTOS<\/strong><\/td>\n<\/tr>\n<tr style=\"height: 24px;\">\n<td style=\"width: 12.9729%; height: 24px; text-align: center;\">1<\/td>\n<td style=\"width: 53.6937%; height: 24px; text-align: center;\">Iv\u00e1n Mc.Karthy Mart\u00ednez Arreola<\/td>\n<td style=\"width: 33.3333%; height: 24px; text-align: center;\">2500<\/td>\n<\/tr>\n<tr style=\"height: 24px;\">\n<td style=\"width: 12.9729%; height: 24px; text-align: center;\">2<\/td>\n<td style=\"width: 53.6937%; height: 24px; text-align: center;\">Gustavo Silva Reyes<\/td>\n<td style=\"width: 33.3333%; height: 24px; text-align: center;\">2400<\/td>\n<\/tr>\n<tr style=\"height: 24px;\">\n<td style=\"width: 12.9729%; height: 24px; text-align: center;\">3<\/td>\n<td style=\"width: 53.6937%; height: 24px; text-align: center;\">Mar\u00eda Itzel Hern\u00e1ndez Santos<\/td>\n<td style=\"width: 33.3333%; height: 24px; text-align: center;\">625<\/td>\n<\/tr>\n<tr style=\"height: 24px;\">\n<td style=\"width: 12.9729%; height: 24px; text-align: center;\">4<\/td>\n<td style=\"width: 53.6937%; height: 24px; text-align: center;\">Jos\u00e9 Manuel Berm\u00fadez Gonz\u00e1lez<\/td>\n<td style=\"width: 33.3333%; height: 24px; text-align: center;\">544<\/td>\n<\/tr>\n<\/tbody>\n<\/table>\n<p style=\"text-align: justify;\">La premiaci\u00f3n se llev\u00f3 acabo en la sala de juntas, donde se agradeci\u00f3 a los cuatro finalistas su entusiasmo, creatividad y compromiso en este tipo de actividades. Tambi\u00e9n estuvieron presentes: el Subdirector de Planeaci\u00f3n y Vinculaci\u00f3n, Ing. Rafael D\u00edaz Rojas; Subdirector de Servicios Administrativos, Mtro. Mario Benedicto Gonz\u00e1lez Le\u00f3n; Subdirector Acad\u00e9mico, Mtro. Ted Echeverr\u00eda Dionisio.<\/p>\n<p>cgb<\/p>\n","protected":false},"excerpt":{"rendered":"<p>Minatitl\u00e1n, Ver. 05\/ 11\/ 2021.- Hoy viernes, cinco de noviembre del a\u00f1o en curso, el Director del Tecnol\u00f3gico Nacional de M\u00e9xico Campus Minatitl\u00e1n, Mtro. Gelacio Montes Roa, presidi\u00f3 la premiaci\u00f3n del concurso &#8220;Dise\u00f1a el logo del Quincuag\u00e9simo Aniversario&#8221; de la fundaci\u00f3n del plantel. &#8220;Por casi cincuenta a\u00f1os, nuestro Instituto Tecnol\u00f3gico de Minatitl\u00e1n ha sido parte [&hellip;]<\/p>\n","protected":false},"author":2,"featured_media":21459,"comment_status":"closed","ping_status":"open","sticky":false,"template":"","format":"standard","meta":{"advgb_blocks_editor_width":"","advgb_blocks_columns_visual_guide":"","footnotes":""},"categories":[12],"tags":[],"class_list":["post-21458","post","type-post","status-publish","format-standard","has-post-thumbnail","hentry","category-noticias"],"author_meta":{"display_name":"Comunicaci\u00f3n y Difusi\u00f3n","author_link":"https:\/\/minatitlan.tecnm.mx\/index.php\/author\/comunicacion-y-difusion\/"},"featured_img":"https:\/\/minatitlan.tecnm.mx\/wp-content\/uploads\/2021\/11\/05112021_PREMIACIO\u0301N-300x206.jpg","coauthors":[],"tax_additional":{"categories":{"linked":["<a href=\"https:\/\/minatitlan.tecnm.mx\/index.php\/category\/noticias\/\" class=\"advgb-post-tax-term\">noticias<\/a>"],"unlinked":["<span class=\"advgb-post-tax-term\">noticias<\/span>"]}},"comment_count":"0","relative_dates":{"created":"Publicado 5 a\u00f1os hace","modified":"Actualizado 4 a\u00f1os hace"},"absolute_dates":{"created":"Publicado el 5 noviembre, 2021","modified":"Actualizado el 23 diciembre, 2022"},"absolute_dates_time":{"created":"Publicado el 5 noviembre, 2021 11:24 pm","modified":"Actualizado el 23 diciembre, 2022 7:39 pm"},"featured_img_caption":"","series_order":"","_links":{"self":[{"href":"https:\/\/minatitlan.tecnm.mx\/index.php\/wp-json\/wp\/v2\/posts\/21458","targetHints":{"allow":["GET"]}}],"collection":[{"href":"https:\/\/minatitlan.tecnm.mx\/index.php\/wp-json\/wp\/v2\/posts"}],"about":[{"href":"https:\/\/minatitlan.tecnm.mx\/index.php\/wp-json\/wp\/v2\/types\/post"}],"author":[{"embeddable":true,"href":"https:\/\/minatitlan.tecnm.mx\/index.php\/wp-json\/wp\/v2\/users\/2"}],"replies":[{"embeddable":true,"href":"https:\/\/minatitlan.tecnm.mx\/index.php\/wp-json\/wp\/v2\/comments?post=21458"}],"version-history":[{"count":1,"href":"https:\/\/minatitlan.tecnm.mx\/index.php\/wp-json\/wp\/v2\/posts\/21458\/revisions"}],"predecessor-version":[{"id":25055,"href":"https:\/\/minatitlan.tecnm.mx\/index.php\/wp-json\/wp\/v2\/posts\/21458\/revisions\/25055"}],"wp:featuredmedia":[{"embeddable":true,"href":"https:\/\/minatitlan.tecnm.mx\/index.php\/wp-json\/wp\/v2\/media\/21459"}],"wp:attachment":[{"href":"https:\/\/minatitlan.tecnm.mx\/index.php\/wp-json\/wp\/v2\/media?parent=21458"}],"wp:term":[{"taxonomy":"category","embeddable":true,"href":"https:\/\/minatitlan.tecnm.mx\/index.php\/wp-json\/wp\/v2\/categories?post=21458"},{"taxonomy":"post_tag","embeddable":true,"href":"https:\/\/minatitlan.tecnm.mx\/index.php\/wp-json\/wp\/v2\/tags?post=21458"}],"curies":[{"name":"wp","href":"https:\/\/api.w.org\/{rel}","templated":true}]}}