{"id":21496,"date":"2021-10-24T12:25:08","date_gmt":"2021-10-24T12:25:08","guid":{"rendered":"http:\/\/www.minatitlan.tecnm.mx\/portal\/?p=7231"},"modified":"2022-12-23T19:39:05","modified_gmt":"2022-12-24T01:39:05","slug":"directivos-del-tecnm-campus-minatitlan-trabajan-en-pta-2022","status":"publish","type":"post","link":"https:\/\/minatitlan.tecnm.mx\/index.php\/directivos-del-tecnm-campus-minatitlan-trabajan-en-pta-2022\/","title":{"rendered":"DIRECTIVOS DEL TECNM CAMPUS MINATITL\u00c1N TRABAJAN EN PTA 2022"},"content":{"rendered":"<p style=\"text-align: justify;\"><button id=\"listenButton1\" class=\"responsivevoice-button\" type=\"button\" value=\"Play\" title=\"ResponsiveVoice Tap to Start\/Stop Speech\"><span>&#128266; Clic para Narrar Texto<\/span><\/button>\n        <script>\n            listenButton1.onclick = function(){\n                if(responsiveVoice.isPlaying()){\n                    responsiveVoice.cancel();\n                }else{\n                    responsiveVoice.speak(\"Minatitl\u00e1n, Ver. 22\/ 10\/ 2021.-\u00a0Durante los d\u00edas jueves 21 y viernes 22 de octubre del a\u00f1o en curso, personal directivo del Tecnol\u00f3gico Nacional de M\u00e9xico Campus Minatitl\u00e1n trabaj\u00f3 en la elaboraci\u00f3n del Programa de Trabajo Anual (PTA) 2022. El Programa de Trabajo Anual 2022, busca dar continuidad a las acciones comprometidas en el a\u00f1o en curso, en virtud de las afectaciones provocadas por el panorama que plante\u00f3 la inesperada contingencia sanitaria por el virus SARS-CoV2 (COVID 19), quedando suspendidas las actividades presenciales en nuestro campus y los otros 253 que integran al Tecnol\u00f3gico Nacional de M\u00e9xico a lo largo del pa\u00eds. Representando una nueva forma de colaboraci\u00f3n acad\u00e9mica y laboral en todos los sentidos para enfrentar nuevos retos. cgb\", \"Spanish Latin American Female\");\n                }\n            };\n        <\/script>\n    <\/p>\n<p style=\"text-align: justify;\"><em>Minatitl\u00e1n, Ver. 22\/ 10\/ 2021.-\u00a0<\/em>Durante los d\u00edas jueves 21 y viernes 22 de octubre del a\u00f1o en curso, personal directivo del Tecnol\u00f3gico Nacional de M\u00e9xico Campus Minatitl\u00e1n trabaj\u00f3 en la elaboraci\u00f3n del Programa de Trabajo Anual (PTA) 2022.<\/p>\n<p style=\"text-align: justify;\">El Programa de Trabajo Anual 2022, busca dar continuidad a las acciones comprometidas en el a\u00f1o en curso, en virtud de las afectaciones provocadas por el panorama que plante\u00f3 la inesperada contingencia sanitaria por el virus SARS-CoV2 (COVID 19), quedando suspendidas las actividades presenciales en nuestro campus y los otros 253 que integran al Tecnol\u00f3gico Nacional de M\u00e9xico a lo largo del pa\u00eds. Representando una nueva forma de colaboraci\u00f3n acad\u00e9mica y laboral en todos los sentidos para enfrentar nuevos retos.<\/p>\n<p style=\"text-align: justify;\">cgb<\/p>\n<p style=\"text-align: justify;\">\n","protected":false},"excerpt":{"rendered":"<p>Minatitl\u00e1n, Ver. 22\/ 10\/ 2021.-\u00a0Durante los d\u00edas jueves 21 y viernes 22 de octubre del a\u00f1o en curso, personal directivo del Tecnol\u00f3gico Nacional de M\u00e9xico Campus Minatitl\u00e1n trabaj\u00f3 en la elaboraci\u00f3n del Programa de Trabajo Anual (PTA) 2022. El Programa de Trabajo Anual 2022, busca dar continuidad a las acciones comprometidas en el a\u00f1o en [&hellip;]<\/p>\n","protected":false},"author":2,"featured_media":21497,"comment_status":"closed","ping_status":"open","sticky":false,"template":"","format":"standard","meta":{"advgb_blocks_editor_width":"","advgb_blocks_columns_visual_guide":"","footnotes":""},"categories":[12],"tags":[],"class_list":["post-21496","post","type-post","status-publish","format-standard","has-post-thumbnail","hentry","category-noticias"],"author_meta":{"display_name":"Comunicaci\u00f3n y Difusi\u00f3n","author_link":"https:\/\/minatitlan.tecnm.mx\/index.php\/author\/comunicacion-y-difusion\/"},"featured_img":"https:\/\/minatitlan.tecnm.mx\/wp-content\/uploads\/2021\/10\/23102021_Valdi-300x225.jpg","coauthors":[],"tax_additional":{"categories":{"linked":["<a href=\"https:\/\/minatitlan.tecnm.mx\/index.php\/category\/noticias\/\" class=\"advgb-post-tax-term\">noticias<\/a>"],"unlinked":["<span class=\"advgb-post-tax-term\">noticias<\/span>"]}},"comment_count":"0","relative_dates":{"created":"Publicado 5 a\u00f1os hace","modified":"Actualizado 4 a\u00f1os hace"},"absolute_dates":{"created":"Publicado el 24 octubre, 2021","modified":"Actualizado el 23 diciembre, 2022"},"absolute_dates_time":{"created":"Publicado el 24 octubre, 2021 12:25 pm","modified":"Actualizado el 23 diciembre, 2022 7:39 pm"},"featured_img_caption":"","series_order":"","_links":{"self":[{"href":"https:\/\/minatitlan.tecnm.mx\/index.php\/wp-json\/wp\/v2\/posts\/21496","targetHints":{"allow":["GET"]}}],"collection":[{"href":"https:\/\/minatitlan.tecnm.mx\/index.php\/wp-json\/wp\/v2\/posts"}],"about":[{"href":"https:\/\/minatitlan.tecnm.mx\/index.php\/wp-json\/wp\/v2\/types\/post"}],"author":[{"embeddable":true,"href":"https:\/\/minatitlan.tecnm.mx\/index.php\/wp-json\/wp\/v2\/users\/2"}],"replies":[{"embeddable":true,"href":"https:\/\/minatitlan.tecnm.mx\/index.php\/wp-json\/wp\/v2\/comments?post=21496"}],"version-history":[{"count":1,"href":"https:\/\/minatitlan.tecnm.mx\/index.php\/wp-json\/wp\/v2\/posts\/21496\/revisions"}],"predecessor-version":[{"id":25070,"href":"https:\/\/minatitlan.tecnm.mx\/index.php\/wp-json\/wp\/v2\/posts\/21496\/revisions\/25070"}],"wp:featuredmedia":[{"embeddable":true,"href":"https:\/\/minatitlan.tecnm.mx\/index.php\/wp-json\/wp\/v2\/media\/21497"}],"wp:attachment":[{"href":"https:\/\/minatitlan.tecnm.mx\/index.php\/wp-json\/wp\/v2\/media?parent=21496"}],"wp:term":[{"taxonomy":"category","embeddable":true,"href":"https:\/\/minatitlan.tecnm.mx\/index.php\/wp-json\/wp\/v2\/categories?post=21496"},{"taxonomy":"post_tag","embeddable":true,"href":"https:\/\/minatitlan.tecnm.mx\/index.php\/wp-json\/wp\/v2\/tags?post=21496"}],"curies":[{"name":"wp","href":"https:\/\/api.w.org\/{rel}","templated":true}]}}