{"id":22205,"date":"2022-10-19T10:59:40","date_gmt":"2022-10-19T10:59:40","guid":{"rendered":"http:\/\/www.minatitlan.tecnm.mx\/portal\/?p=10223"},"modified":"2022-12-20T18:14:53","modified_gmt":"2022-12-21T00:14:53","slug":"director-de-tecnm-campus-minatitlan-preside-toma-de-protesta-capitulo-estudiantil-acm-isc","status":"publish","type":"post","link":"https:\/\/minatitlan.tecnm.mx\/index.php\/director-de-tecnm-campus-minatitlan-preside-toma-de-protesta-capitulo-estudiantil-acm-isc\/","title":{"rendered":"DIRECTOR DE TECNM CAMPUS MINATITL\u00c1N PRESIDE TOMA DE PROTESTA CAP\u00cdTULO ESTUDIANTIL ACM ISC"},"content":{"rendered":"<p style=\"text-align: left;\"><button id=\"listenButton1\" class=\"responsivevoice-button\" type=\"button\" value=\"Play\" title=\"ResponsiveVoice Tap to Start\/Stop Speech\"><span>&#128266; Clic para Narrar Texto<\/span><\/button>\n        <script>\n            listenButton1.onclick = function(){\n                if(responsiveVoice.isPlaying()){\n                    responsiveVoice.cancel();\n                }else{\n                    responsiveVoice.speak(\"Minatitl\u00e1n, Ver. 19\/10\/2022.- Este mi\u00e9rcoles diecinueve de octubre del a\u00f1o en curso, el Director del Tecnol\u00f3gico Nacional de M\u00e9xico Campus Minatitl\u00e1n, Mtro. Gelacio Montes Roa presidi\u00f3 la toma de protesta del cap\u00edtulo estudiantil ACM de la carrera de Ingenier\u00eda en Sistemas Computacionales celebrada en la sala de usos m\u00faltiples de nuestra casa de estudios. Durante su mensaje el Mtro. Montes Roa, exhort\u00f3 a las y los integrantes de la mesa directiva del Cap\u00edtulo Estudiantil ACM ISC y a sus asesores a fomentar el trabajo en equipo, la disciplina y dedicaci\u00f3n. Mtro. Gelacio Montes Roa, Director del TecNM Campus Minatitl\u00e1n preside toma de protesta del Cap\u00edtulo Estudiantil ACM ISC del TecMina. \u201cEl Tecnol\u00f3gico Nacional de M\u00e9xico trabaja d\u00eda a d\u00eda con gran determinaci\u00f3n y compromiso para brindarles una educaci\u00f3n de calidad y equidad. Confiamos en recibir su compromiso para realizar estas funciones de la forma m\u00e1s congruente posible, teniendo como principal margen la del bienestar de sus agremiados y su Instituci\u00f3n\u201d. La Directiva del Cap\u00edtulo Estudiantil ACM ISC est\u00e1 integrada por estudiantes en activo inscritos en la carrera de Ingenier\u00eda en Sistemas Computacionales: Emir L\u00f3pez Armenta, Presidente del Cap\u00edtulo Estudiantil ACM ISC Alba Esmeralda Yela Flores, Vicepresidenta del Cap\u00edtulo Estudiantil ACM ISC Abeyalid Gonz\u00e1lez Flores, Tesorera del Cap\u00edtulo Estudiantil ACM ISC El acto protocolario cont\u00f3 con la presencia de: Mtro. Ted Echeverr\u00eda Dionisio, Subdirector Acad\u00e9mico; Mtro. Mario Benedicto Gonz\u00e1lez Le\u00f3n, Subdirector de Servicios Administrativos; Ing. Rafael D\u00edaz Rojas, Subdirector de Planeaci\u00f3n y Vinculaci\u00f3n; Docentes de la H. Academia de Ingenier\u00eda en Sistemas Computacionales y\u00a0 cuerpo estudiantil. Toma de protesta\u00a0del Cap\u00edtulo Estudiantil ACM ISC del TecMina. ACM es una organizaci\u00f3n a nivel mundial que re\u00fane a profesionistas, estudiantes, investigadores y personas interesadas, con la finalidad de hacer crecer la computaci\u00f3n como ciencia y profesi\u00f3n facilitando y ofreciendo algunos beneficios como son\u00a0\u00a0las\u00a0publicaciones, cursos y libros online, conferencias, art\u00edculos cient\u00edficos, noticias acerca de la computaci\u00f3n, bolsa de empleo, blogs de discusi\u00f3n, revistas cient\u00edficas, una de las librer\u00edas digitales m\u00e1s grandes del mundo, entre otros. cgb\", \"Spanish Latin American Female\");\n                }\n            };\n        <\/script>\n    <\/p>\n<p style=\"text-align: justify;\"><em>Minatitl\u00e1n, Ver. 19\/10\/2022.-<\/em> Este mi\u00e9rcoles diecinueve de octubre del a\u00f1o en curso, el Director del Tecnol\u00f3gico Nacional de M\u00e9xico Campus Minatitl\u00e1n, Mtro. Gelacio Montes Roa presidi\u00f3 la toma de protesta del cap\u00edtulo estudiantil ACM de la carrera de Ingenier\u00eda en Sistemas Computacionales celebrada en la sala de usos m\u00faltiples de nuestra casa de estudios.<\/p>\n<p style=\"text-align: justify;\">Durante su mensaje el Mtro. Montes Roa, exhort\u00f3 a las y los integrantes de la mesa directiva del Cap\u00edtulo Estudiantil ACM ISC y a sus asesores a fomentar el trabajo en equipo, la disciplina y dedicaci\u00f3n.<\/p>\n<p><img loading=\"lazy\" decoding=\"async\" class=\"aligncenter wp-image-10228\" src=\"http:\/\/minatitlan.tecnm.mx\/wp-content\/uploads\/2022\/10\/19102022_BASTA4.png\" alt=\"\" width=\"334\" height=\"250\" \/><\/p>\n<h6 style=\"text-align: center;\">Mtro. Gelacio Montes Roa, Director del TecNM Campus Minatitl\u00e1n preside toma de protesta del Cap\u00edtulo Estudiantil ACM ISC del TecMina.<\/h6>\n<p style=\"text-align: justify;\">\u201cEl Tecnol\u00f3gico Nacional de M\u00e9xico trabaja d\u00eda a d\u00eda con gran determinaci\u00f3n y compromiso para brindarles una educaci\u00f3n de calidad y equidad. Confiamos en recibir su compromiso para realizar estas funciones de la forma m\u00e1s congruente posible, teniendo como principal margen la del bienestar de sus agremiados y su Instituci\u00f3n\u201d.<\/p>\n<p style=\"text-align: justify;\">La Directiva del Cap\u00edtulo Estudiantil ACM ISC est\u00e1 integrada por estudiantes en activo inscritos en la carrera de Ingenier\u00eda en Sistemas Computacionales:<\/p>\n<ul style=\"text-align: justify;\">\n<li>Emir L\u00f3pez Armenta, Presidente del Cap\u00edtulo Estudiantil ACM ISC<\/li>\n<li>Alba Esmeralda Yela Flores, Vicepresidenta del Cap\u00edtulo Estudiantil ACM ISC<\/li>\n<li>Abeyalid Gonz\u00e1lez Flores, Tesorera del Cap\u00edtulo Estudiantil ACM ISC<\/li>\n<\/ul>\n<p style=\"text-align: justify;\">El acto protocolario cont\u00f3 con la presencia de: Mtro. Ted Echeverr\u00eda Dionisio, Subdirector Acad\u00e9mico; Mtro. Mario Benedicto Gonz\u00e1lez Le\u00f3n, Subdirector de Servicios Administrativos; Ing. Rafael D\u00edaz Rojas, Subdirector de Planeaci\u00f3n y Vinculaci\u00f3n; Docentes de la H. Academia de Ingenier\u00eda en Sistemas Computacionales y\u00a0 cuerpo estudiantil.<\/p>\n<table style=\"border-collapse: collapse; width: 100%;\" border=\"1\">\n<tbody>\n<tr>\n<td style=\"width: 33.3333%;\"><img loading=\"lazy\" decoding=\"async\" class=\"aligncenter size-full wp-image-10226\" src=\"http:\/\/minatitlan.tecnm.mx\/wp-content\/uploads\/2022\/10\/19102022_BASTA2.png\" alt=\"\" width=\"1080\" height=\"810\" \/><\/td>\n<td style=\"width: 33.3333%;\"><img loading=\"lazy\" decoding=\"async\" class=\"aligncenter size-full wp-image-10229\" src=\"http:\/\/minatitlan.tecnm.mx\/wp-content\/uploads\/2022\/10\/19102022_BASTA5.png\" alt=\"\" width=\"1080\" height=\"810\" \/><\/td>\n<td style=\"width: 33.3333%;\"><img loading=\"lazy\" decoding=\"async\" class=\"aligncenter size-full wp-image-10225\" src=\"http:\/\/minatitlan.tecnm.mx\/wp-content\/uploads\/2022\/10\/19102022_BASTA1.png\" alt=\"\" width=\"1080\" height=\"810\" \/><\/td>\n<\/tr>\n<\/tbody>\n<\/table>\n<h6 style=\"text-align: center;\">Toma de protesta\u00a0del Cap\u00edtulo Estudiantil ACM ISC del TecMina.<\/h6>\n<p style=\"text-align: justify;\">ACM es una organizaci\u00f3n a nivel mundial que re\u00fane a profesionistas, estudiantes, investigadores y personas interesadas, con la finalidad de hacer crecer la computaci\u00f3n como ciencia y profesi\u00f3n facilitando y ofreciendo algunos beneficios como son\u00a0\u00a0las\u00a0publicaciones, cursos y libros online, conferencias, art\u00edculos cient\u00edficos, noticias acerca de la computaci\u00f3n, bolsa de empleo, blogs de discusi\u00f3n, revistas cient\u00edficas, una de las librer\u00edas digitales m\u00e1s grandes del mundo, entre otros.<\/p>\n<p style=\"text-align: justify;\">cgb<\/p>\n","protected":false},"excerpt":{"rendered":"<p>Minatitl\u00e1n, Ver. 19\/10\/2022.- Este mi\u00e9rcoles diecinueve de octubre del a\u00f1o en curso, el Director del Tecnol\u00f3gico Nacional de M\u00e9xico Campus Minatitl\u00e1n, Mtro. Gelacio Montes Roa presidi\u00f3 la toma de protesta del cap\u00edtulo estudiantil ACM de la carrera de Ingenier\u00eda en Sistemas Computacionales celebrada en la sala de usos m\u00faltiples de nuestra casa de estudios. Durante [&hellip;]<\/p>\n","protected":false},"author":2,"featured_media":22210,"comment_status":"closed","ping_status":"open","sticky":false,"template":"","format":"standard","meta":{"advgb_blocks_editor_width":"","advgb_blocks_columns_visual_guide":"","footnotes":""},"categories":[12],"tags":[],"class_list":["post-22205","post","type-post","status-publish","format-standard","has-post-thumbnail","hentry","category-noticias"],"author_meta":{"display_name":"Comunicaci\u00f3n y Difusi\u00f3n","author_link":"https:\/\/minatitlan.tecnm.mx\/index.php\/author\/comunicacion-y-difusion\/"},"featured_img":"https:\/\/minatitlan.tecnm.mx\/wp-content\/uploads\/2022\/10\/19102022_BASTA3-300x225.png","coauthors":[],"tax_additional":{"categories":{"linked":["<a href=\"https:\/\/minatitlan.tecnm.mx\/index.php\/category\/noticias\/\" class=\"advgb-post-tax-term\">noticias<\/a>"],"unlinked":["<span class=\"advgb-post-tax-term\">noticias<\/span>"]}},"comment_count":"0","relative_dates":{"created":"Publicado 4 a\u00f1os hace","modified":"Actualizado 4 a\u00f1os hace"},"absolute_dates":{"created":"Publicado el 19 octubre, 2022","modified":"Actualizado el 20 diciembre, 2022"},"absolute_dates_time":{"created":"Publicado el 19 octubre, 2022 10:59 am","modified":"Actualizado el 20 diciembre, 2022 6:14 pm"},"featured_img_caption":"","series_order":"","_links":{"self":[{"href":"https:\/\/minatitlan.tecnm.mx\/index.php\/wp-json\/wp\/v2\/posts\/22205","targetHints":{"allow":["GET"]}}],"collection":[{"href":"https:\/\/minatitlan.tecnm.mx\/index.php\/wp-json\/wp\/v2\/posts"}],"about":[{"href":"https:\/\/minatitlan.tecnm.mx\/index.php\/wp-json\/wp\/v2\/types\/post"}],"author":[{"embeddable":true,"href":"https:\/\/minatitlan.tecnm.mx\/index.php\/wp-json\/wp\/v2\/users\/2"}],"replies":[{"embeddable":true,"href":"https:\/\/minatitlan.tecnm.mx\/index.php\/wp-json\/wp\/v2\/comments?post=22205"}],"version-history":[{"count":1,"href":"https:\/\/minatitlan.tecnm.mx\/index.php\/wp-json\/wp\/v2\/posts\/22205\/revisions"}],"predecessor-version":[{"id":23710,"href":"https:\/\/minatitlan.tecnm.mx\/index.php\/wp-json\/wp\/v2\/posts\/22205\/revisions\/23710"}],"wp:featuredmedia":[{"embeddable":true,"href":"https:\/\/minatitlan.tecnm.mx\/index.php\/wp-json\/wp\/v2\/media\/22210"}],"wp:attachment":[{"href":"https:\/\/minatitlan.tecnm.mx\/index.php\/wp-json\/wp\/v2\/media?parent=22205"}],"wp:term":[{"taxonomy":"category","embeddable":true,"href":"https:\/\/minatitlan.tecnm.mx\/index.php\/wp-json\/wp\/v2\/categories?post=22205"},{"taxonomy":"post_tag","embeddable":true,"href":"https:\/\/minatitlan.tecnm.mx\/index.php\/wp-json\/wp\/v2\/tags?post=22205"}],"curies":[{"name":"wp","href":"https:\/\/api.w.org\/{rel}","templated":true}]}}