{"id":22225,"date":"2022-10-17T19:51:57","date_gmt":"2022-10-17T19:51:57","guid":{"rendered":"http:\/\/www.minatitlan.tecnm.mx\/portal\/?p=10195"},"modified":"2022-12-20T18:14:54","modified_gmt":"2022-12-21T00:14:54","slug":"personal-del-tecmina-recibe-capacitacion-en-el-uso-de-la-plataforma-cat-tec","status":"publish","type":"post","link":"https:\/\/minatitlan.tecnm.mx\/index.php\/personal-del-tecmina-recibe-capacitacion-en-el-uso-de-la-plataforma-cat-tec\/","title":{"rendered":"PERSONAL DEL TECMINA RECIBE CAPACITACI\u00d3N EN EL USO DE LA PLATAFORMA CAT TECNM"},"content":{"rendered":"<p style=\"text-align: justify;\"><button id=\"listenButton1\" class=\"responsivevoice-button\" type=\"button\" value=\"Play\" title=\"ResponsiveVoice Tap to Start\/Stop Speech\"><span>&#128266; Clic para Narrar Texto<\/span><\/button>\n        <script>\n            listenButton1.onclick = function(){\n                if(responsiveVoice.isPlaying()){\n                    responsiveVoice.cancel();\n                }else{\n                    responsiveVoice.speak(\"Minatitl\u00e1n, Ver. 17\/ 10\/ 2022.-\u00a0Este lunes 17 de Octubre del a\u00f1o en curso, el Tecnol\u00f3gico Nacional de M\u00e9xico Campus\u00a0 Minatitl\u00e1n a trav\u00e9s del Departamento de Recursos Humanos, a cargo de la Mtra. Zeiny Isabel Cruz Charis, imparti\u00f3 capacitaci\u00f3n en el uso de la Plataforma \u201cCAT TECNM (Centro de Aplicaciones del TecNM)\u201d a personal Administrativo y de Apoyo a la Educaci\u00f3n. Personal Administrativo del TecNM Campus Minatitl\u00e1n recibe capacitaci\u00f3n en el uso\u00a0de la Plataforma \u201cCAT TECNM\\\". El objetivo de esta capacitaci\u00f3n, impartida por la Jefa de la Oficina de Servicios al Personal, la Mtra. Petty Silva Aguilar y la Lic. Celina Guadalupe Montoya Alejo, es facilitar al personal el acceso a la informaci\u00f3n del Sistema de Administraci\u00f3n de Recursos Humanos, como es: la evaluaci\u00f3n departamental, as\u00ed como subir de manera aut\u00f3noma documentaci\u00f3n personal, historial laboral, seguro de vida institucional, formaci\u00f3n acad\u00e9mica y tr\u00e1mites generales. hbdh\/ cgb\", \"Spanish Latin American Female\");\n                }\n            };\n        <\/script>\n    <\/p>\n<p class=\"p1\" style=\"text-align: justify;\"><i>Minatitl\u00e1n, Ver. 17\/ 10\/ 2022.-\u00a0<\/i>Este lunes 17 de Octubre del a\u00f1o en curso, el Tecnol\u00f3gico Nacional de M\u00e9xico Campus<span class=\"Apple-converted-space\">\u00a0 <\/span>Minatitl\u00e1n a trav\u00e9s del Departamento de Recursos Humanos, a cargo de la Mtra. Zeiny Isabel Cruz Charis, imparti\u00f3 capacitaci\u00f3n en el uso de la Plataforma \u201cCAT TECNM (Centro de Aplicaciones del TecNM)\u201d a personal Administrativo y de Apoyo a la Educaci\u00f3n.<\/p>\n<p><img loading=\"lazy\" decoding=\"async\" class=\"aligncenter wp-image-10193\" src=\"http:\/\/minatitlan.tecnm.mx\/wp-content\/uploads\/2022\/10\/17102022_petty_2.png\" alt=\"\" width=\"419\" height=\"314\" \/><\/p>\n<h6 style=\"text-align: center;\">Personal Administrativo del TecNM Campus Minatitl\u00e1n recibe capacitaci\u00f3n en el uso\u00a0de la Plataforma \u201cCAT TECNM&#8221;.<\/h6>\n<p class=\"p1\" style=\"text-align: justify;\">El objetivo de esta capacitaci\u00f3n, impartida por la Jefa de la Oficina de Servicios al Personal, la Mtra. Petty Silva Aguilar y la Lic. Celina Guadalupe Montoya Alejo, es facilitar al personal el acceso a la informaci\u00f3n del Sistema de Administraci\u00f3n de Recursos Humanos, como es: la evaluaci\u00f3n departamental, as\u00ed como subir de manera aut\u00f3noma documentaci\u00f3n personal, historial laboral, seguro de vida institucional, formaci\u00f3n acad\u00e9mica y tr\u00e1mites generales.<\/p>\n<p class=\"p1\" style=\"text-align: justify;\">hbdh\/ cgb<\/p>\n","protected":false},"excerpt":{"rendered":"<p>Minatitl\u00e1n, Ver. 17\/ 10\/ 2022.-\u00a0Este lunes 17 de Octubre del a\u00f1o en curso, el Tecnol\u00f3gico Nacional de M\u00e9xico Campus\u00a0 Minatitl\u00e1n a trav\u00e9s del Departamento de Recursos Humanos, a cargo de la Mtra. Zeiny Isabel Cruz Charis, imparti\u00f3 capacitaci\u00f3n en el uso de la Plataforma \u201cCAT TECNM (Centro de Aplicaciones del TecNM)\u201d a personal Administrativo y [&hellip;]<\/p>\n","protected":false},"author":2,"featured_media":22227,"comment_status":"closed","ping_status":"open","sticky":false,"template":"","format":"standard","meta":{"advgb_blocks_editor_width":"","advgb_blocks_columns_visual_guide":"","footnotes":""},"categories":[12],"tags":[],"class_list":["post-22225","post","type-post","status-publish","format-standard","has-post-thumbnail","hentry","category-noticias"],"author_meta":{"display_name":"Comunicaci\u00f3n y Difusi\u00f3n","author_link":"https:\/\/minatitlan.tecnm.mx\/index.php\/author\/comunicacion-y-difusion\/"},"featured_img":"https:\/\/minatitlan.tecnm.mx\/wp-content\/uploads\/2022\/10\/17102022_petty_1-300x225.png","coauthors":[],"tax_additional":{"categories":{"linked":["<a href=\"https:\/\/minatitlan.tecnm.mx\/index.php\/category\/noticias\/\" class=\"advgb-post-tax-term\">noticias<\/a>"],"unlinked":["<span class=\"advgb-post-tax-term\">noticias<\/span>"]}},"comment_count":"0","relative_dates":{"created":"Publicado 4 a\u00f1os hace","modified":"Actualizado 4 a\u00f1os hace"},"absolute_dates":{"created":"Publicado el 17 octubre, 2022","modified":"Actualizado el 20 diciembre, 2022"},"absolute_dates_time":{"created":"Publicado el 17 octubre, 2022 7:51 pm","modified":"Actualizado el 20 diciembre, 2022 6:14 pm"},"featured_img_caption":"","series_order":"","_links":{"self":[{"href":"https:\/\/minatitlan.tecnm.mx\/index.php\/wp-json\/wp\/v2\/posts\/22225","targetHints":{"allow":["GET"]}}],"collection":[{"href":"https:\/\/minatitlan.tecnm.mx\/index.php\/wp-json\/wp\/v2\/posts"}],"about":[{"href":"https:\/\/minatitlan.tecnm.mx\/index.php\/wp-json\/wp\/v2\/types\/post"}],"author":[{"embeddable":true,"href":"https:\/\/minatitlan.tecnm.mx\/index.php\/wp-json\/wp\/v2\/users\/2"}],"replies":[{"embeddable":true,"href":"https:\/\/minatitlan.tecnm.mx\/index.php\/wp-json\/wp\/v2\/comments?post=22225"}],"version-history":[{"count":1,"href":"https:\/\/minatitlan.tecnm.mx\/index.php\/wp-json\/wp\/v2\/posts\/22225\/revisions"}],"predecessor-version":[{"id":23716,"href":"https:\/\/minatitlan.tecnm.mx\/index.php\/wp-json\/wp\/v2\/posts\/22225\/revisions\/23716"}],"wp:featuredmedia":[{"embeddable":true,"href":"https:\/\/minatitlan.tecnm.mx\/index.php\/wp-json\/wp\/v2\/media\/22227"}],"wp:attachment":[{"href":"https:\/\/minatitlan.tecnm.mx\/index.php\/wp-json\/wp\/v2\/media?parent=22225"}],"wp:term":[{"taxonomy":"category","embeddable":true,"href":"https:\/\/minatitlan.tecnm.mx\/index.php\/wp-json\/wp\/v2\/categories?post=22225"},{"taxonomy":"post_tag","embeddable":true,"href":"https:\/\/minatitlan.tecnm.mx\/index.php\/wp-json\/wp\/v2\/tags?post=22225"}],"curies":[{"name":"wp","href":"https:\/\/api.w.org\/{rel}","templated":true}]}}