{"id":22665,"date":"2022-07-06T17:43:46","date_gmt":"2022-07-06T17:43:46","guid":{"rendered":"http:\/\/www.minatitlan.tecnm.mx\/portal\/?p=9356"},"modified":"2022-12-21T22:07:54","modified_gmt":"2022-12-22T04:07:54","slug":"ceremonia-de-graduacion-cbtis-2013","status":"publish","type":"post","link":"https:\/\/minatitlan.tecnm.mx\/index.php\/ceremonia-de-graduacion-cbtis-2013\/","title":{"rendered":"CEREMONIA DE GRADUACI\u00d3N CBTIS 213"},"content":{"rendered":"<p style=\"text-align: justify;\"><button id=\"listenButton1\" class=\"responsivevoice-button\" type=\"button\" value=\"Play\" title=\"ResponsiveVoice Tap to Start\/Stop Speech\"><span>&#128266; Clic para Narrar Texto<\/span><\/button>\n        <script>\n            listenButton1.onclick = function(){\n                if(responsiveVoice.isPlaying()){\n                    responsiveVoice.cancel();\n                }else{\n                    responsiveVoice.speak(\"Minatitl\u00e1n, Ver. 06\/ 07\/ 2022.- Hoy mi\u00e9rcoles 06 de julio del a\u00f1o en curso, el Tecnol\u00f3gico Nacional de M\u00e9xico Campus Minatitl\u00e1n fue sede de la Ceremonia de Graduaci\u00f3n del Centro de Bachillerato Tecnol\u00f3gico Industrial y de Servicios (CBTIs) No. 213, correspondiente a la Generaci\u00f3n 2019-2022. Atendiendo los protocolos de seguridad establecidos por la Secretaria de Salud, la Ceremonia se llev\u00f3 a cabo en el domo de nuestra casa de estudios. En esta ocasi\u00f3n se graduaron 464 estudiantes de las especialidades de Administraci\u00f3n de Recursos, Laboratorista Qu\u00edmico, Programaci\u00f3n y Electricidad. El acto fue presidido por la Directora del CBTIs 213, MIA. \u00c1ngela Rosas \u00c1vila y cont\u00f3 con la presencia del Director del Tecnol\u00f3gico Nacional de M\u00e9xico Campus Minatitl\u00e1n, Mtro. Gelacio Montes Roa; el Director del TecNM Campus Coatzacoalcos, Dr. Bulmaro Salazar Hern\u00e1ndez; Presidenta Municipal Constitucional del H. Ayuntamiento de Minatitl\u00e1n, Dra. Carmen Medel Palma; entre otros. Cuatrocientos sesenta y cuatro estudiantes se grad\u00faan del CBTIs 213. Estas actividades refrendan el compromiso del Tecnol\u00f3gico Nacional de M\u00e9xico de fomentar la Educaci\u00f3n en todos sus niveles. cgb\", \"Spanish Latin American Female\");\n                }\n            };\n        <\/script>\n    <\/p>\n<p class=\"p1\" style=\"text-align: justify;\"><em>Minatitl\u00e1n, Ver. 06\/ 07\/ 2022.-<\/em> Hoy mi\u00e9rcoles 06 de julio del a\u00f1o en curso, el Tecnol\u00f3gico Nacional de M\u00e9xico Campus Minatitl\u00e1n fue sede de la Ceremonia de Graduaci\u00f3n del Centro de Bachillerato Tecnol\u00f3gico Industrial y de Servicios (CBTIs) No. 213, correspondiente a la Generaci\u00f3n 2019-2022.<\/p>\n<p class=\"p1\" style=\"text-align: justify;\">Atendiendo los protocolos de seguridad establecidos por la Secretaria de Salud, la Ceremonia se llev\u00f3 a cabo en el domo de nuestra casa de estudios.<\/p>\n<p class=\"p1\" style=\"text-align: justify;\">En esta ocasi\u00f3n se graduaron 464 estudiantes de las especialidades de Administraci\u00f3n de Recursos, Laboratorista Qu\u00edmico, Programaci\u00f3n y Electricidad.<\/p>\n<p class=\"p1\" style=\"text-align: justify;\">El acto fue presidido por la Directora del CBTIs 213, MIA. \u00c1ngela Rosas \u00c1vila y cont\u00f3 con la presencia del Director del Tecnol\u00f3gico Nacional de M\u00e9xico Campus Minatitl\u00e1n, Mtro. Gelacio Montes Roa; el Director del TecNM Campus Coatzacoalcos, Dr. Bulmaro Salazar Hern\u00e1ndez; Presidenta Municipal Constitucional del H. Ayuntamiento de Minatitl\u00e1n, Dra. Carmen Medel Palma; entre otros.<\/p>\n<h6><img loading=\"lazy\" decoding=\"async\" class=\"aligncenter wp-image-9355\" src=\"http:\/\/minatitlan.tecnm.mx\/wp-content\/uploads\/2022\/07\/06072022_3.jpg\" alt=\"\" width=\"402\" height=\"302\" \/><\/h6>\n<h6 style=\"text-align: center;\">Cuatrocientos sesenta y cuatro estudiantes se grad\u00faan del CBTIs 213.<\/h6>\n<p class=\"p1\" style=\"text-align: justify;\">Estas actividades refrendan el compromiso del Tecnol\u00f3gico Nacional de M\u00e9xico de fomentar la Educaci\u00f3n en todos sus niveles.<\/p>\n<p class=\"p1\" style=\"text-align: justify;\">cgb<\/p>\n","protected":false},"excerpt":{"rendered":"<p>Minatitl\u00e1n, Ver. 06\/ 07\/ 2022.- Hoy mi\u00e9rcoles 06 de julio del a\u00f1o en curso, el Tecnol\u00f3gico Nacional de M\u00e9xico Campus Minatitl\u00e1n fue sede de la Ceremonia de Graduaci\u00f3n del Centro de Bachillerato Tecnol\u00f3gico Industrial y de Servicios (CBTIs) No. 213, correspondiente a la Generaci\u00f3n 2019-2022. Atendiendo los protocolos de seguridad establecidos por la Secretaria de [&hellip;]<\/p>\n","protected":false},"author":2,"featured_media":22667,"comment_status":"closed","ping_status":"open","sticky":false,"template":"","format":"standard","meta":{"advgb_blocks_editor_width":"","advgb_blocks_columns_visual_guide":"","footnotes":""},"categories":[12],"tags":[],"class_list":["post-22665","post","type-post","status-publish","format-standard","has-post-thumbnail","hentry","category-noticias"],"author_meta":{"display_name":"Comunicaci\u00f3n y Difusi\u00f3n","author_link":"https:\/\/minatitlan.tecnm.mx\/index.php\/author\/comunicacion-y-difusion\/"},"featured_img":"https:\/\/minatitlan.tecnm.mx\/wp-content\/uploads\/2022\/07\/06072022_2-300x225.jpg","coauthors":[],"tax_additional":{"categories":{"linked":["<a href=\"https:\/\/minatitlan.tecnm.mx\/index.php\/category\/noticias\/\" class=\"advgb-post-tax-term\">noticias<\/a>"],"unlinked":["<span class=\"advgb-post-tax-term\">noticias<\/span>"]}},"comment_count":"0","relative_dates":{"created":"Publicado 4 a\u00f1os hace","modified":"Actualizado 4 a\u00f1os hace"},"absolute_dates":{"created":"Publicado el 6 julio, 2022","modified":"Actualizado el 21 diciembre, 2022"},"absolute_dates_time":{"created":"Publicado el 6 julio, 2022 5:43 pm","modified":"Actualizado el 21 diciembre, 2022 10:07 pm"},"featured_img_caption":"","series_order":"","_links":{"self":[{"href":"https:\/\/minatitlan.tecnm.mx\/index.php\/wp-json\/wp\/v2\/posts\/22665","targetHints":{"allow":["GET"]}}],"collection":[{"href":"https:\/\/minatitlan.tecnm.mx\/index.php\/wp-json\/wp\/v2\/posts"}],"about":[{"href":"https:\/\/minatitlan.tecnm.mx\/index.php\/wp-json\/wp\/v2\/types\/post"}],"author":[{"embeddable":true,"href":"https:\/\/minatitlan.tecnm.mx\/index.php\/wp-json\/wp\/v2\/users\/2"}],"replies":[{"embeddable":true,"href":"https:\/\/minatitlan.tecnm.mx\/index.php\/wp-json\/wp\/v2\/comments?post=22665"}],"version-history":[{"count":1,"href":"https:\/\/minatitlan.tecnm.mx\/index.php\/wp-json\/wp\/v2\/posts\/22665\/revisions"}],"predecessor-version":[{"id":24186,"href":"https:\/\/minatitlan.tecnm.mx\/index.php\/wp-json\/wp\/v2\/posts\/22665\/revisions\/24186"}],"wp:featuredmedia":[{"embeddable":true,"href":"https:\/\/minatitlan.tecnm.mx\/index.php\/wp-json\/wp\/v2\/media\/22667"}],"wp:attachment":[{"href":"https:\/\/minatitlan.tecnm.mx\/index.php\/wp-json\/wp\/v2\/media?parent=22665"}],"wp:term":[{"taxonomy":"category","embeddable":true,"href":"https:\/\/minatitlan.tecnm.mx\/index.php\/wp-json\/wp\/v2\/categories?post=22665"},{"taxonomy":"post_tag","embeddable":true,"href":"https:\/\/minatitlan.tecnm.mx\/index.php\/wp-json\/wp\/v2\/tags?post=22665"}],"curies":[{"name":"wp","href":"https:\/\/api.w.org\/{rel}","templated":true}]}}