{"id":23477,"date":"2022-12-12T11:29:00","date_gmt":"2022-12-12T17:29:00","guid":{"rendered":"http:\/\/minatitlan.tecnm.mx\/?p=23477"},"modified":"2022-12-20T18:14:51","modified_gmt":"2022-12-21T00:14:51","slug":"xvii-evento-regional-de-bandas-de-guerra-y-escolta","status":"publish","type":"post","link":"https:\/\/minatitlan.tecnm.mx\/index.php\/xvii-evento-regional-de-bandas-de-guerra-y-escolta\/","title":{"rendered":"XVII EVENTO REGIONAL DE BANDAS DE GUERRA Y ESCOLTA"},"content":{"rendered":"\n<div class=\"wp-block-group is-layout-flow wp-block-group-is-layout-flow\">\n<button id=\"listenButton1\" class=\"responsivevoice-button\" type=\"button\" value=\"Play\" title=\"ResponsiveVoice Tap to Start\/Stop Speech\"><span>&#128266; Clic para Narrar Texto<\/span><\/button>\n        <script>\n            listenButton1.onclick = function(){\n                if(responsiveVoice.isPlaying()){\n                    responsiveVoice.cancel();\n                }else{\n                    responsiveVoice.speak(\"Apizaco, Tlax. 12\/12\/2022.-\u00a0Con el objetivo de contribuir al fortalecimiento de la identidad nacional y el rescate de los valores c\u00edvicos, el Tecnol\u00f3gico Nacional de M\u00e9xico Campus Minatitl\u00e1n particip\u00f3 en el XVII Evento Regional de Bandas de Guerra y Escolta de la regi\u00f3n IV del TecNM, que se realiz\u00f3 del 09 al 11 de diciembre en el Campus Apizaco. Banda de Guerra y Escolta del TecMina presentes en el\u00a0XVII Evento Regional de la regi\u00f3n IV del TecNM. Dentro de los festejos de este encuentro, donde participaron 583 estudiantes de 20 institutos,\u00a0\u00a0se llev\u00f3 a cabo la ceremonia de clausura y desfile de los Campus participantes, as\u00ed como un recorrido por las principales calles de la ciudad. Promotor c\u00edvico, Lic. Jes\u00fas Miguel Jim\u00e9nez Aguirre y la Banda de Guerra y Escolta del TecMina. El TecNM Campus Minatitl\u00e1n agradece la participaci\u00f3n activa de Madres y Padres de familia, quienes con orgullo acrecienten en el coraz\u00f3n sus hijas e hijos el patriotismo en su\u00a0\u00a0valor de pertenencia y en su valor de identidad. La Delegaci\u00f3n del TecMina cont\u00f3 con la coordinaci\u00f3n de la Ing. Cinthya G\u00f3mez Reyes, Jefa del Depto. de Actividades Extraescolares y el Lic. Jes\u00fas Miguel Jim\u00e9nez Aguirre, Promotor c\u00edvico. cgb\", \"Spanish Latin American Female\");\n                }\n            };\n        <\/script>\n    \n<p class=\"p1\" style=\"text-align: justify;\" data-wahfont=\"16\"><i>Apizaco, Tlax. 12\/12\/2022.-\u00a0<\/i>Con el objetivo de contribuir al fortalecimiento de la identidad nacional y el rescate de los valores c\u00edvicos, el Tecnol\u00f3gico Nacional de M\u00e9xico Campus Minatitl\u00e1n particip\u00f3 en el XVII Evento Regional de Bandas de Guerra y Escolta de la regi\u00f3n IV del TecNM, que se realiz\u00f3 del 09 al 11 de diciembre en el Campus Apizaco.<\/p>\n\n\n\n<figure class=\"wp-block-gallery has-nested-images columns-default is-cropped wp-block-gallery-1 is-layout-flex wp-block-gallery-is-layout-flex\">\n<figure class=\"wp-block-image size-large\"><img loading=\"lazy\" decoding=\"async\" width=\"1024\" height=\"768\" data-id=\"23481\" src=\"http:\/\/minatitlan.tecnm.mx\/wp-content\/uploads\/2022\/12\/12122022_2-1024x768.png\" alt=\"\" class=\"wp-image-23481\" srcset=\"https:\/\/minatitlan.tecnm.mx\/wp-content\/uploads\/2022\/12\/12122022_2-1024x768.png 1024w, https:\/\/minatitlan.tecnm.mx\/wp-content\/uploads\/2022\/12\/12122022_2-300x225.png 300w, https:\/\/minatitlan.tecnm.mx\/wp-content\/uploads\/2022\/12\/12122022_2-768x576.png 768w, https:\/\/minatitlan.tecnm.mx\/wp-content\/uploads\/2022\/12\/12122022_2.png 1080w\" sizes=\"auto, (max-width: 1024px) 100vw, 1024px\" \/><\/figure>\n\n\n\n<figure class=\"wp-block-image size-large\"><img loading=\"lazy\" decoding=\"async\" width=\"1024\" height=\"768\" data-id=\"23482\" src=\"http:\/\/minatitlan.tecnm.mx\/wp-content\/uploads\/2022\/12\/12122022_3-1024x768.png\" alt=\"\" class=\"wp-image-23482\" srcset=\"https:\/\/minatitlan.tecnm.mx\/wp-content\/uploads\/2022\/12\/12122022_3-1024x768.png 1024w, https:\/\/minatitlan.tecnm.mx\/wp-content\/uploads\/2022\/12\/12122022_3-300x225.png 300w, https:\/\/minatitlan.tecnm.mx\/wp-content\/uploads\/2022\/12\/12122022_3-768x576.png 768w, https:\/\/minatitlan.tecnm.mx\/wp-content\/uploads\/2022\/12\/12122022_3.png 1080w\" sizes=\"auto, (max-width: 1024px) 100vw, 1024px\" \/><\/figure>\n\n\n\n<figure class=\"wp-block-image size-large\"><img loading=\"lazy\" decoding=\"async\" width=\"1024\" height=\"768\" data-id=\"23483\" src=\"http:\/\/minatitlan.tecnm.mx\/wp-content\/uploads\/2022\/12\/12122022_4-1024x768.png\" alt=\"\" class=\"wp-image-23483\" srcset=\"https:\/\/minatitlan.tecnm.mx\/wp-content\/uploads\/2022\/12\/12122022_4-1024x768.png 1024w, https:\/\/minatitlan.tecnm.mx\/wp-content\/uploads\/2022\/12\/12122022_4-300x225.png 300w, https:\/\/minatitlan.tecnm.mx\/wp-content\/uploads\/2022\/12\/12122022_4-768x576.png 768w, https:\/\/minatitlan.tecnm.mx\/wp-content\/uploads\/2022\/12\/12122022_4.png 1080w\" sizes=\"auto, (max-width: 1024px) 100vw, 1024px\" \/><\/figure>\n<figcaption class=\"blocks-gallery-caption wp-element-caption\">Banda de Guerra y Escolta del TecMina presentes en el\u00a0XVII Evento Regional de la regi\u00f3n IV del TecNM.<\/figcaption><\/figure>\n\n\n\n<p class=\"p2\" style=\"text-align: justify;\" data-wahfont=\"16\"><span class=\"s1\" data-wahfont=\"16\">Dentro de los festejos de este encuentro, donde participaron 583 estudiantes de 20 institutos,<span class=\"Apple-converted-space\" data-wahfont=\"16\">\u00a0\u00a0<\/span>se llev\u00f3 a cabo la ceremonia de clausura y desfile de los Campus participantes, as\u00ed como un recorrido por las principales calles de la ciudad.<\/span><\/p>\n\n\n\n<figure class=\"wp-block-gallery has-nested-images columns-default is-cropped wp-block-gallery-2 is-layout-flex wp-block-gallery-is-layout-flex\">\n<figure class=\"wp-block-image size-large\"><img loading=\"lazy\" decoding=\"async\" width=\"768\" height=\"1024\" data-id=\"23487\" src=\"http:\/\/minatitlan.tecnm.mx\/wp-content\/uploads\/2022\/12\/12122022_5-768x1024.png\" alt=\"\" class=\"wp-image-23487\" srcset=\"https:\/\/minatitlan.tecnm.mx\/wp-content\/uploads\/2022\/12\/12122022_5-768x1024.png 768w, https:\/\/minatitlan.tecnm.mx\/wp-content\/uploads\/2022\/12\/12122022_5-225x300.png 225w, https:\/\/minatitlan.tecnm.mx\/wp-content\/uploads\/2022\/12\/12122022_5.png 1080w\" sizes=\"auto, (max-width: 768px) 100vw, 768px\" \/><\/figure>\n\n\n\n<figure class=\"wp-block-image size-large\"><img loading=\"lazy\" decoding=\"async\" width=\"768\" height=\"1024\" data-id=\"23488\" src=\"http:\/\/minatitlan.tecnm.mx\/wp-content\/uploads\/2022\/12\/12122022_6-768x1024.png\" alt=\"\" class=\"wp-image-23488\" srcset=\"https:\/\/minatitlan.tecnm.mx\/wp-content\/uploads\/2022\/12\/12122022_6-768x1024.png 768w, https:\/\/minatitlan.tecnm.mx\/wp-content\/uploads\/2022\/12\/12122022_6-225x300.png 225w, https:\/\/minatitlan.tecnm.mx\/wp-content\/uploads\/2022\/12\/12122022_6.png 1080w\" sizes=\"auto, (max-width: 768px) 100vw, 768px\" \/><\/figure>\n\n\n\n<figure class=\"wp-block-image size-large\"><img loading=\"lazy\" decoding=\"async\" width=\"768\" height=\"1024\" data-id=\"23489\" src=\"http:\/\/minatitlan.tecnm.mx\/wp-content\/uploads\/2022\/12\/12122022_7-768x1024.png\" alt=\"\" class=\"wp-image-23489\" srcset=\"https:\/\/minatitlan.tecnm.mx\/wp-content\/uploads\/2022\/12\/12122022_7-768x1024.png 768w, https:\/\/minatitlan.tecnm.mx\/wp-content\/uploads\/2022\/12\/12122022_7-225x300.png 225w, https:\/\/minatitlan.tecnm.mx\/wp-content\/uploads\/2022\/12\/12122022_7.png 1080w\" sizes=\"auto, (max-width: 768px) 100vw, 768px\" \/><\/figure>\n<figcaption class=\"blocks-gallery-caption wp-element-caption\">Promotor c\u00edvico, Lic. Jes\u00fas Miguel Jim\u00e9nez Aguirre y la Banda de Guerra y Escolta del TecMina.<\/figcaption><\/figure>\n\n\n\n<p class=\"p3\" style=\"text-align: justify;\" data-wahfont=\"16\"><span class=\"s1\" data-wahfont=\"16\">El TecNM Campus Minatitl\u00e1n agradece la participaci\u00f3n activa de Madres y Padres de familia, quienes con orgullo acrecienten en el coraz\u00f3n sus hijas e hijos el patriotismo en su<span class=\"Apple-converted-space\" data-wahfont=\"16\">\u00a0\u00a0<\/span>valor de pertenencia y en su valor de identidad.<\/span><\/p>\n\n\n\n<figure class=\"wp-block-gallery has-nested-images columns-default is-cropped wp-block-gallery-3 is-layout-flex wp-block-gallery-is-layout-flex\">\n<figure class=\"wp-block-image size-large\"><img loading=\"lazy\" decoding=\"async\" width=\"768\" height=\"576\" data-id=\"23492\" src=\"http:\/\/minatitlan.tecnm.mx\/wp-content\/uploads\/2022\/12\/12122022_8-768x576-1.png\" alt=\"\" class=\"wp-image-23492\" srcset=\"https:\/\/minatitlan.tecnm.mx\/wp-content\/uploads\/2022\/12\/12122022_8-768x576-1.png 768w, https:\/\/minatitlan.tecnm.mx\/wp-content\/uploads\/2022\/12\/12122022_8-768x576-1-300x225.png 300w\" sizes=\"auto, (max-width: 768px) 100vw, 768px\" \/><\/figure>\n<figcaption class=\"blocks-gallery-caption wp-element-caption\">La Delegaci\u00f3n del TecMina cont\u00f3 con la coordinaci\u00f3n de la Ing. Cinthya G\u00f3mez Reyes, Jefa del Depto. de Actividades Extraescolares y el Lic. Jes\u00fas Miguel Jim\u00e9nez Aguirre, Promotor c\u00edvico.<\/figcaption><\/figure>\n\n\n\n<p>cgb<\/p>\n<\/div>\n","protected":false},"excerpt":{"rendered":"<p>Apizaco, Tlax. 12\/12\/2022.-\u00a0Con el objetivo de contribuir al fortalecimiento de la identidad nacional y el rescate de los valores c\u00edvicos, el Tecnol\u00f3gico Nacional de M\u00e9xico Campus Minatitl\u00e1n particip\u00f3 en el XVII Evento Regional de Bandas de Guerra y Escolta de la regi\u00f3n IV del TecNM, que se realiz\u00f3 del 09 al 11 de diciembre en [&hellip;]<\/p>\n","protected":false},"author":2,"featured_media":23479,"comment_status":"closed","ping_status":"open","sticky":false,"template":"","format":"standard","meta":{"advgb_blocks_editor_width":"","advgb_blocks_columns_visual_guide":"","footnotes":""},"categories":[12],"tags":[],"class_list":["post-23477","post","type-post","status-publish","format-standard","has-post-thumbnail","hentry","category-noticias"],"author_meta":{"display_name":"Comunicaci\u00f3n y Difusi\u00f3n","author_link":"https:\/\/minatitlan.tecnm.mx\/index.php\/author\/comunicacion-y-difusion\/"},"featured_img":"https:\/\/minatitlan.tecnm.mx\/wp-content\/uploads\/2022\/12\/12122022_1-867x650-1-300x225.png","coauthors":[],"tax_additional":{"categories":{"linked":["<a href=\"https:\/\/minatitlan.tecnm.mx\/index.php\/category\/noticias\/\" class=\"advgb-post-tax-term\">noticias<\/a>"],"unlinked":["<span class=\"advgb-post-tax-term\">noticias<\/span>"]}},"comment_count":"0","relative_dates":{"created":"Publicado 4 a\u00f1os hace","modified":"Actualizado 4 a\u00f1os hace"},"absolute_dates":{"created":"Publicado el 12 diciembre, 2022","modified":"Actualizado el 20 diciembre, 2022"},"absolute_dates_time":{"created":"Publicado el 12 diciembre, 2022 11:29 am","modified":"Actualizado el 20 diciembre, 2022 6:14 pm"},"featured_img_caption":"","series_order":"","_links":{"self":[{"href":"https:\/\/minatitlan.tecnm.mx\/index.php\/wp-json\/wp\/v2\/posts\/23477","targetHints":{"allow":["GET"]}}],"collection":[{"href":"https:\/\/minatitlan.tecnm.mx\/index.php\/wp-json\/wp\/v2\/posts"}],"about":[{"href":"https:\/\/minatitlan.tecnm.mx\/index.php\/wp-json\/wp\/v2\/types\/post"}],"author":[{"embeddable":true,"href":"https:\/\/minatitlan.tecnm.mx\/index.php\/wp-json\/wp\/v2\/users\/2"}],"replies":[{"embeddable":true,"href":"https:\/\/minatitlan.tecnm.mx\/index.php\/wp-json\/wp\/v2\/comments?post=23477"}],"version-history":[{"count":6,"href":"https:\/\/minatitlan.tecnm.mx\/index.php\/wp-json\/wp\/v2\/posts\/23477\/revisions"}],"predecessor-version":[{"id":23493,"href":"https:\/\/minatitlan.tecnm.mx\/index.php\/wp-json\/wp\/v2\/posts\/23477\/revisions\/23493"}],"wp:featuredmedia":[{"embeddable":true,"href":"https:\/\/minatitlan.tecnm.mx\/index.php\/wp-json\/wp\/v2\/media\/23479"}],"wp:attachment":[{"href":"https:\/\/minatitlan.tecnm.mx\/index.php\/wp-json\/wp\/v2\/media?parent=23477"}],"wp:term":[{"taxonomy":"category","embeddable":true,"href":"https:\/\/minatitlan.tecnm.mx\/index.php\/wp-json\/wp\/v2\/categories?post=23477"},{"taxonomy":"post_tag","embeddable":true,"href":"https:\/\/minatitlan.tecnm.mx\/index.php\/wp-json\/wp\/v2\/tags?post=23477"}],"curies":[{"name":"wp","href":"https:\/\/api.w.org\/{rel}","templated":true}]}}