{"id":26695,"date":"2023-01-25T16:45:59","date_gmt":"2023-01-25T22:45:59","guid":{"rendered":"http:\/\/minatitlan.tecnm.mx\/?p=26695"},"modified":"2023-01-26T10:36:48","modified_gmt":"2023-01-26T16:36:48","slug":"nombramiento-de-auxiliar-administrativo-en-el-departamento-de-ciencias-basicas","status":"publish","type":"post","link":"https:\/\/minatitlan.tecnm.mx\/index.php\/nombramiento-de-auxiliar-administrativo-en-el-departamento-de-ciencias-basicas\/","title":{"rendered":"NOMBRAMIENTO DE AUXILIAR ADMINISTRATIVO EN EL DEPARTAMENTO DE CIENCIAS B\u00c1SICAS"},"content":{"rendered":"<p style=\"text-align: justify;\"><button id=\"listenButton1\" class=\"responsivevoice-button\" type=\"button\" value=\"Play\" title=\"ResponsiveVoice Tap to Start\/Stop Speech\"><span>&#128266; Clic para Narrar Texto<\/span><\/button>\n        <script>\n            listenButton1.onclick = function(){\n                if(responsiveVoice.isPlaying()){\n                    responsiveVoice.cancel();\n                }else{\n                    responsiveVoice.speak(\"Minatitl\u00e1n, Ver. 25\/01\/2023.- Este mi\u00e9rcoles veinticinco de enero del a\u00f1o en curso, se llev\u00f3 a cabo la entrega del nombramiento como nuevo auxiliar administrativo en el departamento de Ciencias B\u00e1sicas, al Lic. Jos\u00e9 Manuel Berm\u00fadez Gonz\u00e1lez. Durante el acto, realizado en el Centro de Educaci\u00f3n Capacitaci\u00f3n y Tecnolog\u00eda \u201cDr. Luis Maldonado Venegas\u201d, el Subdirector de Servicios Administrativos, Mtro. Mario Benedicto Gonz\u00e1lez Le\u00f3n, y la Jefa del Departamento de Ciencias B\u00e1sicas, Ing. Marlenne Guti\u00e9rrez Pola, desearon al compa\u00f1ero el mayor de los \u00e9xitos en esta nueva encomienda. Seguros de contar con la disciplina, profesionalismo y compromiso requeridas para dicho cargo. Estuvieron presentes: el Ing. \u00d3scar Pi\u00f1\u00f3n Jim\u00e9nez, Docente del Depto. de Ciencias B\u00e1sicas y la Lic. Iracema Ortiz Montalvo, Secretaria General de la Delegaci\u00f3n D-V-117. cgb\", \"Spanish Latin American Female\");\n                }\n            };\n        <\/script>\n    <\/p>\n<p style=\"text-align: justify;\"><em><strong>Minatitl\u00e1n, Ver. 25\/01\/2023.-<\/strong><\/em> Este mi\u00e9rcoles veinticinco de enero del a\u00f1o en curso, se llev\u00f3 a cabo la entrega del nombramiento como nuevo auxiliar administrativo en el departamento de Ciencias B\u00e1sicas, al Lic. Jos\u00e9 Manuel Berm\u00fadez Gonz\u00e1lez.<br \/>\nDurante el acto, realizado en el Centro de Educaci\u00f3n Capacitaci\u00f3n y Tecnolog\u00eda \u201cDr. Luis Maldonado Venegas\u201d, el Subdirector de Servicios Administrativos, Mtro. Mario Benedicto Gonz\u00e1lez Le\u00f3n, y la Jefa del Departamento de Ciencias B\u00e1sicas, Ing. Marlenne Guti\u00e9rrez Pola, desearon al compa\u00f1ero el mayor de los \u00e9xitos en esta nueva encomienda. Seguros de contar con la disciplina, profesionalismo y compromiso requeridas para dicho cargo.<br \/>\nEstuvieron presentes: el Ing. \u00d3scar Pi\u00f1\u00f3n Jim\u00e9nez, Docente del Depto. de Ciencias B\u00e1sicas y la Lic. Iracema Ortiz Montalvo, Secretaria General de la Delegaci\u00f3n D-V-117.<br \/>\ncgb<\/p>\n<hr \/>\n","protected":false},"excerpt":{"rendered":"<p>Minatitl\u00e1n, Ver. 25\/01\/2023.- Este mi\u00e9rcoles veinticinco de enero del a\u00f1o en curso, se llev\u00f3 a cabo la entrega del nombramiento como nuevo auxiliar administrativo en el departamento de Ciencias B\u00e1sicas, al Lic. Jos\u00e9 Manuel Berm\u00fadez Gonz\u00e1lez. Durante el acto, realizado en el Centro de Educaci\u00f3n Capacitaci\u00f3n y Tecnolog\u00eda \u201cDr. Luis Maldonado Venegas\u201d, el Subdirector de [&hellip;]<\/p>\n","protected":false},"author":2,"featured_media":26696,"comment_status":"closed","ping_status":"open","sticky":false,"template":"","format":"standard","meta":{"advgb_blocks_editor_width":"","advgb_blocks_columns_visual_guide":"","footnotes":""},"categories":[12],"tags":[],"class_list":["post-26695","post","type-post","status-publish","format-standard","has-post-thumbnail","hentry","category-noticias"],"author_meta":{"display_name":"Comunicaci\u00f3n y Difusi\u00f3n","author_link":"https:\/\/minatitlan.tecnm.mx\/index.php\/author\/comunicacion-y-difusion\/"},"featured_img":"https:\/\/minatitlan.tecnm.mx\/wp-content\/uploads\/2023\/01\/7D1080FC-3451-48B2-8074-4926D1E0F973-300x225.jpeg","coauthors":[],"tax_additional":{"categories":{"linked":["<a href=\"https:\/\/minatitlan.tecnm.mx\/index.php\/category\/noticias\/\" class=\"advgb-post-tax-term\">noticias<\/a>"],"unlinked":["<span class=\"advgb-post-tax-term\">noticias<\/span>"]}},"comment_count":"0","relative_dates":{"created":"Publicado 4 a\u00f1os hace","modified":"Actualizado 4 a\u00f1os hace"},"absolute_dates":{"created":"Publicado el 25 enero, 2023","modified":"Actualizado el 26 enero, 2023"},"absolute_dates_time":{"created":"Publicado el 25 enero, 2023 4:45 pm","modified":"Actualizado el 26 enero, 2023 10:36 am"},"featured_img_caption":"","series_order":"","_links":{"self":[{"href":"https:\/\/minatitlan.tecnm.mx\/index.php\/wp-json\/wp\/v2\/posts\/26695","targetHints":{"allow":["GET"]}}],"collection":[{"href":"https:\/\/minatitlan.tecnm.mx\/index.php\/wp-json\/wp\/v2\/posts"}],"about":[{"href":"https:\/\/minatitlan.tecnm.mx\/index.php\/wp-json\/wp\/v2\/types\/post"}],"author":[{"embeddable":true,"href":"https:\/\/minatitlan.tecnm.mx\/index.php\/wp-json\/wp\/v2\/users\/2"}],"replies":[{"embeddable":true,"href":"https:\/\/minatitlan.tecnm.mx\/index.php\/wp-json\/wp\/v2\/comments?post=26695"}],"version-history":[{"count":4,"href":"https:\/\/minatitlan.tecnm.mx\/index.php\/wp-json\/wp\/v2\/posts\/26695\/revisions"}],"predecessor-version":[{"id":26705,"href":"https:\/\/minatitlan.tecnm.mx\/index.php\/wp-json\/wp\/v2\/posts\/26695\/revisions\/26705"}],"wp:featuredmedia":[{"embeddable":true,"href":"https:\/\/minatitlan.tecnm.mx\/index.php\/wp-json\/wp\/v2\/media\/26696"}],"wp:attachment":[{"href":"https:\/\/minatitlan.tecnm.mx\/index.php\/wp-json\/wp\/v2\/media?parent=26695"}],"wp:term":[{"taxonomy":"category","embeddable":true,"href":"https:\/\/minatitlan.tecnm.mx\/index.php\/wp-json\/wp\/v2\/categories?post=26695"},{"taxonomy":"post_tag","embeddable":true,"href":"https:\/\/minatitlan.tecnm.mx\/index.php\/wp-json\/wp\/v2\/tags?post=26695"}],"curies":[{"name":"wp","href":"https:\/\/api.w.org\/{rel}","templated":true}]}}