{"id":26863,"date":"2023-02-02T17:42:51","date_gmt":"2023-02-02T23:42:51","guid":{"rendered":"http:\/\/minatitlan.tecnm.mx\/?p=26863"},"modified":"2023-02-02T18:37:49","modified_gmt":"2023-02-03T00:37:49","slug":"ceremonia-de-inicio-de-cursos-periodo-enero-junio-2023","status":"publish","type":"post","link":"https:\/\/minatitlan.tecnm.mx\/index.php\/ceremonia-de-inicio-de-cursos-periodo-enero-junio-2023\/","title":{"rendered":"<strong>CEREMONIA DE INICIO DE CURSOS (PERIODO ENERO &#8211; JUNIO 2023)<\/strong>"},"content":{"rendered":"<p style=\"text-align: justify;\"><button id=\"listenButton1\" class=\"responsivevoice-button\" type=\"button\" value=\"Play\" title=\"ResponsiveVoice Tap to Start\/Stop Speech\"><span>&#128266; Clic para Narrar Texto<\/span><\/button>\n        <script>\n            listenButton1.onclick = function(){\n                if(responsiveVoice.isPlaying()){\n                    responsiveVoice.cancel();\n                }else{\n                    responsiveVoice.speak(\"Minatitl\u00e1n, Ver. 02\/02\/2023.- El mi\u00e9rcoles primero de febrero del a\u00f1o en curso, se llev\u00f3 a cabo la Ceremonia de Inicio de Cursos correspondiente al periodo Enero - Junio 2023 del Tecnol\u00f3gico Nacional de M\u00e9xico Campus Minatitl\u00e1n. El acto se llev\u00f3 a cabo en la sala de usos m\u00faltiples de nuestra casa de estudios y fue presidido por nuestro Director, el Mtro. Sergio Fernando Garibay Armenta, quien durante su mensaje de bienvenida exhort\u00f3 a las y los estudiantes a establecer compromisos y acciones que permuten en la misi\u00f3n que es continuar posicionando al Tecnol\u00f3gico Nacional de M\u00e9xico campus Minatitl\u00e1n como una instituci\u00f3n a la vanguardia, altamente comprometida con la generaci\u00f3n de conocimiento y extensi\u00f3n de la cultura. La ceremonia cont\u00f3 con la destacada intervenci\u00f3n de la Banda de Guerra y Escolta del ITM, coordinada por el Lic. Jes\u00fas Miguel Jim\u00e9nez Aguirre. Con el principal objetivo de motivar y proporcionar un sentido de pertenencia a nuestras y nuestros estudiantes, se hizo entrega de reconocimientos a los mejores promedios del semestre Agosto - Diciembre 2022. En esta ocasi\u00f3n, el Director General del Tecnol\u00f3gico Nacional de M\u00e9xico, Mtro. Ram\u00f3n Jim\u00e9nez L\u00f3pez, dirigi\u00f3 un mensaje a la comunidad tecnol\u00f3gica, acotando que debemos \u201cpugnar por una formaci\u00f3n humanista, a trav\u00e9s de la cual podamos consolidar la autosuficiencia econ\u00f3mica, alimentaria, la independencia energ\u00e9tica; as\u00ed como la econom\u00eda social y solidaria\u201d y de esta manera fortalecer la vinculaci\u00f3n con las empresas nacionales encaminados a consolidar la Educaci\u00f3n Superior en M\u00e9xico. La Mtra. Paola Cabrera Antonio, Delegada de la SEV en Coatzacoalcos fue la encargada de brindar la\u00a0 declaratoria inaugural. En el acto tambi\u00e9n estuvieron presentes: en representaci\u00f3n de la Alcaldesa del H. Ayuntamiento de Minatitl\u00e1n, la Dra. Carmen Medel Palma, el Lic. Emilio Osiel Espronceda Hern\u00e1ndez, Director de Educaci\u00f3n; en representaci\u00f3n del Comandante de la 29va. Zona Militar, el General de Brigada Diplomado Estado Mayor Presidencial Fernando Colchado G\u00f3mez, el Teniente Coronel de infanter\u00eda Ferm\u00edn Poot Chan 2do. Comandante del 3er. Batall\u00f3n de infanter\u00eda del 3er. Batall\u00f3n; el Director General del TecNM Campus Acayucan, Dr. Nefi David Pava Chipol; el Director del TecNM Campus Ursula Galv\u00e1n, Lic. Br\u00edgido Castrej\u00f3n S\u00e1nchez; en representaci\u00f3n del Gerente General de la Refiner\u00eda Gral. L\u00e1zaro C\u00e1rdenas, Ing. Carlos Guti\u00e9rrez Jacinto, el Subgerente de Producci\u00f3n, Ing. Istven Enrique Rosas Facio; el Subdirector de Servicios Administrativos del TecNM Campus Minatitl\u00e1n, el Mtro. Eduardo Enoch Galindo S\u00e1nchez; el Subdirector de Planeaci\u00f3n y Vinculaci\u00f3n, Ing. Rafael D\u00edaz Rojas; el Subdirector Acad\u00e9mico, Dr. Gilberto Rodr\u00edguez Montufar; la Secretaria General de la Delegaci\u00f3n Sindical D-V-117, Lic. Iracema Ort\u00edz Montalvo, y el Secretario General SITEM, Lic. David Rojas Luna. cgb Ceremonia de inicio de cursos (Periodo Enero - Junio 2023)\", \"Spanish Latin American Female\");\n                }\n            };\n        <\/script>\n    <\/p>\n<p class=\"p1\" style=\"text-align: justify;\"><b><i>Minatitl\u00e1n, Ver. 02\/02\/2023.-<\/i><\/b><i> <\/i>El mi\u00e9rcoles primero de febrero del a\u00f1o en curso, se llev\u00f3 a cabo la Ceremonia de Inicio de Cursos correspondiente al periodo Enero &#8211; Junio 2023 del Tecnol\u00f3gico Nacional de M\u00e9xico Campus Minatitl\u00e1n.<\/p>\n<p class=\"p1\" style=\"text-align: justify;\">El acto se llev\u00f3 a cabo en la sala de usos m\u00faltiples de nuestra casa de estudios y fue presidido por nuestro Director, el Mtro. Sergio Fernando Garibay Armenta, quien durante su mensaje de bienvenida exhort\u00f3 a las y los estudiantes a establecer compromisos y acciones que permuten en la misi\u00f3n que es continuar posicionando al Tecnol\u00f3gico Nacional de M\u00e9xico campus Minatitl\u00e1n como una instituci\u00f3n a la vanguardia, altamente comprometida con la generaci\u00f3n de conocimiento y extensi\u00f3n de la cultura.<\/p>\n<p class=\"p1\" style=\"text-align: justify;\">La ceremonia cont\u00f3 con la destacada intervenci\u00f3n de la Banda de Guerra y Escolta del ITM, coordinada por el Lic. Jes\u00fas Miguel Jim\u00e9nez Aguirre.<\/p>\n<p class=\"p1\" style=\"text-align: justify;\">Con el principal objetivo de motivar y proporcionar un sentido de pertenencia a nuestras y nuestros estudiantes, se hizo entrega de reconocimientos a los mejores promedios del semestre Agosto &#8211; Diciembre 2022.<\/p>\n<p class=\"p1\" style=\"text-align: justify;\">En esta ocasi\u00f3n, el Director General del Tecnol\u00f3gico Nacional de M\u00e9xico, Mtro. Ram\u00f3n Jim\u00e9nez L\u00f3pez, dirigi\u00f3 un mensaje a la comunidad tecnol\u00f3gica, acotando que debemos \u201cpugnar por una formaci\u00f3n humanista, a trav\u00e9s de la cual podamos consolidar la autosuficiencia econ\u00f3mica, alimentaria, la independencia energ\u00e9tica; as\u00ed como la econom\u00eda social y solidaria\u201d y de esta manera fortalecer la vinculaci\u00f3n con las empresas nacionales encaminados a consolidar la Educaci\u00f3n Superior en M\u00e9xico.<\/p>\n<p class=\"p1\" style=\"text-align: justify;\">La Mtra. Paola Cabrera Antonio, Delegada de la SEV en Coatzacoalcos fue la encargada de brindar la<span class=\"Apple-converted-space\">\u00a0 <\/span>declaratoria inaugural. En el acto tambi\u00e9n estuvieron presentes: en representaci\u00f3n de la Alcaldesa del H. Ayuntamiento de Minatitl\u00e1n, la Dra. Carmen Medel Palma, el Lic. Emilio Osiel Espronceda Hern\u00e1ndez, Director de Educaci\u00f3n; en representaci\u00f3n del Comandante de la 29va. Zona Militar, el General de Brigada Diplomado Estado Mayor Presidencial Fernando Colchado G\u00f3mez, el Teniente Coronel de infanter\u00eda Ferm\u00edn Poot Chan 2do. Comandante del 3er. Batall\u00f3n de infanter\u00eda del 3er. Batall\u00f3n; el Director General del TecNM Campus Acayucan, Dr. Nefi David Pava Chipol; el Director del TecNM Campus Ursula Galv\u00e1n, Lic. Br\u00edgido Castrej\u00f3n S\u00e1nchez; en representaci\u00f3n del Gerente General de la Refiner\u00eda Gral. L\u00e1zaro C\u00e1rdenas, Ing. Carlos Guti\u00e9rrez Jacinto, el Subgerente de Producci\u00f3n, Ing. Istven Enrique Rosas Facio; el Subdirector de Servicios Administrativos del TecNM Campus Minatitl\u00e1n, el Mtro. Eduardo Enoch Galindo S\u00e1nchez; el Subdirector de Planeaci\u00f3n y Vinculaci\u00f3n, Ing. Rafael D\u00edaz Rojas; el Subdirector Acad\u00e9mico, Dr. Gilberto Rodr\u00edguez Montufar; la Secretaria General de la Delegaci\u00f3n Sindical D-V-117, Lic. Iracema Ort\u00edz Montalvo, y el Secretario General SITEM, Lic. David Rojas Luna.<\/p>\n<p class=\"p1\" style=\"text-align: justify;\">cgb<\/p>\n\n\n<figure class=\"wp-block-gallery has-nested-images columns-4 is-cropped wp-block-gallery-1 is-layout-flex wp-block-gallery-is-layout-flex\">\n<figure class=\"wp-block-image size-large\"><img loading=\"lazy\" decoding=\"async\" width=\"1024\" height=\"768\" data-id=\"26856\" src=\"http:\/\/minatitlan.tecnm.mx\/wp-content\/uploads\/2023\/02\/02022023_02-1024x768.png\" alt=\"\" class=\"wp-image-26856\" srcset=\"https:\/\/minatitlan.tecnm.mx\/wp-content\/uploads\/2023\/02\/02022023_02-1024x768.png 1024w, https:\/\/minatitlan.tecnm.mx\/wp-content\/uploads\/2023\/02\/02022023_02-300x225.png 300w, https:\/\/minatitlan.tecnm.mx\/wp-content\/uploads\/2023\/02\/02022023_02-768x576.png 768w, https:\/\/minatitlan.tecnm.mx\/wp-content\/uploads\/2023\/02\/02022023_02.png 1080w\" sizes=\"auto, (max-width: 1024px) 100vw, 1024px\" \/><\/figure>\n\n\n\n<figure class=\"wp-block-image size-large\"><img loading=\"lazy\" decoding=\"async\" width=\"1024\" height=\"768\" data-id=\"26857\" src=\"http:\/\/minatitlan.tecnm.mx\/wp-content\/uploads\/2023\/02\/02022023_03-1024x768.png\" alt=\"\" class=\"wp-image-26857\" srcset=\"https:\/\/minatitlan.tecnm.mx\/wp-content\/uploads\/2023\/02\/02022023_03-1024x768.png 1024w, https:\/\/minatitlan.tecnm.mx\/wp-content\/uploads\/2023\/02\/02022023_03-300x225.png 300w, https:\/\/minatitlan.tecnm.mx\/wp-content\/uploads\/2023\/02\/02022023_03-768x576.png 768w, https:\/\/minatitlan.tecnm.mx\/wp-content\/uploads\/2023\/02\/02022023_03.png 1080w\" sizes=\"auto, (max-width: 1024px) 100vw, 1024px\" \/><\/figure>\n\n\n\n<figure class=\"wp-block-image size-large\"><img loading=\"lazy\" decoding=\"async\" width=\"1024\" height=\"768\" data-id=\"26858\" src=\"http:\/\/minatitlan.tecnm.mx\/wp-content\/uploads\/2023\/02\/02022023_04-1024x768.png\" alt=\"\" class=\"wp-image-26858\" srcset=\"https:\/\/minatitlan.tecnm.mx\/wp-content\/uploads\/2023\/02\/02022023_04-1024x768.png 1024w, https:\/\/minatitlan.tecnm.mx\/wp-content\/uploads\/2023\/02\/02022023_04-300x225.png 300w, https:\/\/minatitlan.tecnm.mx\/wp-content\/uploads\/2023\/02\/02022023_04-768x576.png 768w, https:\/\/minatitlan.tecnm.mx\/wp-content\/uploads\/2023\/02\/02022023_04.png 1080w\" sizes=\"auto, (max-width: 1024px) 100vw, 1024px\" \/><\/figure>\n\n\n\n<figure class=\"wp-block-image size-large\"><img loading=\"lazy\" decoding=\"async\" width=\"1024\" height=\"768\" data-id=\"26859\" src=\"http:\/\/minatitlan.tecnm.mx\/wp-content\/uploads\/2023\/02\/02022023_05-1024x768.png\" alt=\"\" class=\"wp-image-26859\" srcset=\"https:\/\/minatitlan.tecnm.mx\/wp-content\/uploads\/2023\/02\/02022023_05-1024x768.png 1024w, https:\/\/minatitlan.tecnm.mx\/wp-content\/uploads\/2023\/02\/02022023_05-300x225.png 300w, https:\/\/minatitlan.tecnm.mx\/wp-content\/uploads\/2023\/02\/02022023_05-768x576.png 768w, https:\/\/minatitlan.tecnm.mx\/wp-content\/uploads\/2023\/02\/02022023_05.png 1080w\" sizes=\"auto, (max-width: 1024px) 100vw, 1024px\" \/><\/figure>\n\n\n\n<figure class=\"wp-block-image size-large\"><img loading=\"lazy\" decoding=\"async\" width=\"1024\" height=\"768\" data-id=\"26860\" src=\"http:\/\/minatitlan.tecnm.mx\/wp-content\/uploads\/2023\/02\/02022023_06-1024x768.png\" alt=\"\" class=\"wp-image-26860\" srcset=\"https:\/\/minatitlan.tecnm.mx\/wp-content\/uploads\/2023\/02\/02022023_06-1024x768.png 1024w, https:\/\/minatitlan.tecnm.mx\/wp-content\/uploads\/2023\/02\/02022023_06-300x225.png 300w, https:\/\/minatitlan.tecnm.mx\/wp-content\/uploads\/2023\/02\/02022023_06-768x576.png 768w, https:\/\/minatitlan.tecnm.mx\/wp-content\/uploads\/2023\/02\/02022023_06.png 1080w\" sizes=\"auto, (max-width: 1024px) 100vw, 1024px\" \/><\/figure>\n\n\n\n<figure class=\"wp-block-image size-large\"><img loading=\"lazy\" decoding=\"async\" width=\"1024\" height=\"768\" data-id=\"26861\" src=\"http:\/\/minatitlan.tecnm.mx\/wp-content\/uploads\/2023\/02\/02022023_07-1024x768.png\" alt=\"\" class=\"wp-image-26861\" srcset=\"https:\/\/minatitlan.tecnm.mx\/wp-content\/uploads\/2023\/02\/02022023_07-1024x768.png 1024w, https:\/\/minatitlan.tecnm.mx\/wp-content\/uploads\/2023\/02\/02022023_07-300x225.png 300w, https:\/\/minatitlan.tecnm.mx\/wp-content\/uploads\/2023\/02\/02022023_07-768x576.png 768w, https:\/\/minatitlan.tecnm.mx\/wp-content\/uploads\/2023\/02\/02022023_07.png 1080w\" sizes=\"auto, (max-width: 1024px) 100vw, 1024px\" \/><\/figure>\n\n\n\n<figure class=\"wp-block-image size-large\"><img loading=\"lazy\" decoding=\"async\" width=\"1024\" height=\"768\" data-id=\"26868\" src=\"http:\/\/minatitlan.tecnm.mx\/wp-content\/uploads\/2023\/02\/02022023_09-1024x768.png\" alt=\"\" class=\"wp-image-26868\" srcset=\"https:\/\/minatitlan.tecnm.mx\/wp-content\/uploads\/2023\/02\/02022023_09-1024x768.png 1024w, https:\/\/minatitlan.tecnm.mx\/wp-content\/uploads\/2023\/02\/02022023_09-300x225.png 300w, https:\/\/minatitlan.tecnm.mx\/wp-content\/uploads\/2023\/02\/02022023_09-768x576.png 768w, https:\/\/minatitlan.tecnm.mx\/wp-content\/uploads\/2023\/02\/02022023_09.png 1080w\" sizes=\"auto, (max-width: 1024px) 100vw, 1024px\" \/><\/figure>\n<figcaption class=\"blocks-gallery-caption wp-element-caption\">Ceremonia de inicio de cursos (Periodo Enero &#8211; Junio 2023)<\/figcaption><\/figure>\n","protected":false},"excerpt":{"rendered":"<p>Minatitl\u00e1n, Ver. 02\/02\/2023.- El mi\u00e9rcoles primero de febrero del a\u00f1o en curso, se llev\u00f3 a cabo la Ceremonia de Inicio de Cursos correspondiente al periodo Enero &#8211; Junio 2023 del Tecnol\u00f3gico Nacional de M\u00e9xico Campus Minatitl\u00e1n. El acto se llev\u00f3 a cabo en la sala de usos m\u00faltiples de nuestra casa de estudios y fue [&hellip;]<\/p>\n","protected":false},"author":2,"featured_media":26865,"comment_status":"closed","ping_status":"open","sticky":false,"template":"","format":"standard","meta":{"advgb_blocks_editor_width":"","advgb_blocks_columns_visual_guide":"","footnotes":""},"categories":[12],"tags":[],"class_list":["post-26863","post","type-post","status-publish","format-standard","has-post-thumbnail","hentry","category-noticias"],"author_meta":{"display_name":"Comunicaci\u00f3n y Difusi\u00f3n","author_link":"https:\/\/minatitlan.tecnm.mx\/index.php\/author\/comunicacion-y-difusion\/"},"featured_img":"https:\/\/minatitlan.tecnm.mx\/wp-content\/uploads\/2023\/02\/02022023_1-300x225.png","coauthors":[],"tax_additional":{"categories":{"linked":["<a href=\"https:\/\/minatitlan.tecnm.mx\/index.php\/category\/noticias\/\" class=\"advgb-post-tax-term\">noticias<\/a>"],"unlinked":["<span class=\"advgb-post-tax-term\">noticias<\/span>"]}},"comment_count":"0","relative_dates":{"created":"Publicado 4 a\u00f1os hace","modified":"Actualizado 4 a\u00f1os hace"},"absolute_dates":{"created":"Publicado el 2 febrero, 2023","modified":"Actualizado el 2 febrero, 2023"},"absolute_dates_time":{"created":"Publicado el 2 febrero, 2023 5:42 pm","modified":"Actualizado el 2 febrero, 2023 6:37 pm"},"featured_img_caption":"","series_order":"","_links":{"self":[{"href":"https:\/\/minatitlan.tecnm.mx\/index.php\/wp-json\/wp\/v2\/posts\/26863","targetHints":{"allow":["GET"]}}],"collection":[{"href":"https:\/\/minatitlan.tecnm.mx\/index.php\/wp-json\/wp\/v2\/posts"}],"about":[{"href":"https:\/\/minatitlan.tecnm.mx\/index.php\/wp-json\/wp\/v2\/types\/post"}],"author":[{"embeddable":true,"href":"https:\/\/minatitlan.tecnm.mx\/index.php\/wp-json\/wp\/v2\/users\/2"}],"replies":[{"embeddable":true,"href":"https:\/\/minatitlan.tecnm.mx\/index.php\/wp-json\/wp\/v2\/comments?post=26863"}],"version-history":[{"count":4,"href":"https:\/\/minatitlan.tecnm.mx\/index.php\/wp-json\/wp\/v2\/posts\/26863\/revisions"}],"predecessor-version":[{"id":26870,"href":"https:\/\/minatitlan.tecnm.mx\/index.php\/wp-json\/wp\/v2\/posts\/26863\/revisions\/26870"}],"wp:featuredmedia":[{"embeddable":true,"href":"https:\/\/minatitlan.tecnm.mx\/index.php\/wp-json\/wp\/v2\/media\/26865"}],"wp:attachment":[{"href":"https:\/\/minatitlan.tecnm.mx\/index.php\/wp-json\/wp\/v2\/media?parent=26863"}],"wp:term":[{"taxonomy":"category","embeddable":true,"href":"https:\/\/minatitlan.tecnm.mx\/index.php\/wp-json\/wp\/v2\/categories?post=26863"},{"taxonomy":"post_tag","embeddable":true,"href":"https:\/\/minatitlan.tecnm.mx\/index.php\/wp-json\/wp\/v2\/tags?post=26863"}],"curies":[{"name":"wp","href":"https:\/\/api.w.org\/{rel}","templated":true}]}}