{"id":27285,"date":"2023-02-13T20:05:41","date_gmt":"2023-02-14T02:05:41","guid":{"rendered":"http:\/\/minatitlan.tecnm.mx\/?p=27285"},"modified":"2023-02-13T20:08:31","modified_gmt":"2023-02-14T02:08:31","slug":"conferencia-la-mujer-en-las-ciencias-de-la-salud","status":"publish","type":"post","link":"https:\/\/minatitlan.tecnm.mx\/index.php\/conferencia-la-mujer-en-las-ciencias-de-la-salud\/","title":{"rendered":"CONFERENCIA \u201cLA MUJER EN LAS CIENCIAS DE LA SALUD\u201d"},"content":{"rendered":"<p style=\"text-align: justify;\"><span class=\"s1\"><button id=\"listenButton1\" class=\"responsivevoice-button\" type=\"button\" value=\"Play\" title=\"ResponsiveVoice Tap to Start\/Stop Speech\"><span>&#128266; Clic para Narrar Texto<\/span><\/button>\n        <script>\n            listenButton1.onclick = function(){\n                if(responsiveVoice.isPlaying()){\n                    responsiveVoice.cancel();\n                }else{\n                    responsiveVoice.speak(\"Minatitl\u00e1n, Ver. 13\/02\/2023.- Este lunes trece de febrero del a\u00f1o en curso, en el marco de la conmemoraci\u00f3n del D\u00eda Mundial de la Mujer y la Ni\u00f1a en la Ciencia, el Tecnol\u00f3gico Nacional de M\u00e9xico Campus Minatitl\u00e1n llev\u00f3 a cabo la conferencia \u201cLa Mujer en las Ciencias de la Salud\u201d impartida por la Dra. Ma. Virginia Mart\u00ednez Mart\u00ednez, M\u00e9dica del Centro de Salud Urbano Minatitl\u00e1n, especialista en Psicolog\u00eda comunitaria y Gestora de Calidad en su unidad de adscripci\u00f3n. Este tipo de espacios forman parte de las acciones emprendidas por el TecNM Campus Minatitl\u00e1n con el objetivo de contribuir en la eliminaci\u00f3n de estereotipos y prejuicios de g\u00e9nero, as\u00ed como generar reconocimiento y empoderamiento en el rol de la mujer. En diciembre del a\u00f1o 2015, la Asamblea General de la ONU declar\u00f3 el 11 de febrero, el D\u00eda Internacional de las Mujeres y las Ni\u00f1as en la Ciencia en reconocimiento al papel clave que desempe\u00f1an las mujeres en la comunidad cient\u00edfica y la tecnolog\u00eda. cgb\", \"Spanish Latin American Female\");\n                }\n            };\n        <\/script>\n    <\/span><\/p>\n<p class=\"p1\" style=\"text-align: justify;\"><span class=\"s1\"><strong><i>Minatitl\u00e1n, Ver. 13\/02\/2023.- <\/i><\/strong>Este lunes trece de febrero del a\u00f1o en curso, en el marco de la conmemoraci\u00f3n del D\u00eda Mundial de la Mujer y la Ni\u00f1a en la Ciencia, el Tecnol\u00f3gico Nacional de M\u00e9xico Campus Minatitl\u00e1n llev\u00f3 a cabo la conferencia \u201cLa Mujer en las Ciencias de la Salud\u201d impartida por la Dra. Ma. Virginia Mart\u00ednez Mart\u00ednez, M\u00e9dica del Centro de Salud Urbano Minatitl\u00e1n, especialista en Psicolog\u00eda comunitaria y Gestora de Calidad en su unidad de adscripci\u00f3n.<\/span><\/p>\n<p class=\"p1\" style=\"text-align: justify;\"><span class=\"s1\">Este tipo de espacios forman parte de las acciones emprendidas por el TecNM Campus Minatitl\u00e1n con el objetivo de contribuir en la eliminaci\u00f3n de estereotipos y prejuicios de g\u00e9nero, as\u00ed como generar reconocimiento y empoderamiento en el rol de la mujer.<\/span><\/p>\n<p class=\"p1\" style=\"text-align: justify;\"><span class=\"s1\">En diciembre del a\u00f1o 2015, la Asamblea General de la ONU declar\u00f3 el 11 de febrero, el D\u00eda Internacional de las Mujeres y las Ni\u00f1as en la Ciencia en reconocimiento al papel clave que desempe\u00f1an las mujeres en la comunidad cient\u00edfica y la tecnolog\u00eda. <\/span><\/p>\n<p class=\"p1\" style=\"text-align: justify;\"><span class=\"s1\">cgb<\/span><\/p>\n","protected":false},"excerpt":{"rendered":"<p>Minatitl\u00e1n, Ver. 13\/02\/2023.- Este lunes trece de febrero del a\u00f1o en curso, en el marco de la conmemoraci\u00f3n del D\u00eda Mundial de la Mujer y la Ni\u00f1a en la Ciencia, el Tecnol\u00f3gico Nacional de M\u00e9xico Campus Minatitl\u00e1n llev\u00f3 a cabo la conferencia \u201cLa Mujer en las Ciencias de la Salud\u201d impartida por la Dra. Ma. [&hellip;]<\/p>\n","protected":false},"author":2,"featured_media":27286,"comment_status":"closed","ping_status":"open","sticky":false,"template":"","format":"standard","meta":{"advgb_blocks_editor_width":"","advgb_blocks_columns_visual_guide":"","footnotes":""},"categories":[12],"tags":[],"class_list":["post-27285","post","type-post","status-publish","format-standard","has-post-thumbnail","hentry","category-noticias"],"author_meta":{"display_name":"Comunicaci\u00f3n y Difusi\u00f3n","author_link":"https:\/\/minatitlan.tecnm.mx\/index.php\/author\/comunicacion-y-difusion\/"},"featured_img":"https:\/\/minatitlan.tecnm.mx\/wp-content\/uploads\/2023\/02\/13022023_LAMENTO_BOLIVIANO-300x225.png","coauthors":[],"tax_additional":{"categories":{"linked":["<a href=\"https:\/\/minatitlan.tecnm.mx\/index.php\/category\/noticias\/\" class=\"advgb-post-tax-term\">noticias<\/a>"],"unlinked":["<span class=\"advgb-post-tax-term\">noticias<\/span>"]}},"comment_count":"0","relative_dates":{"created":"Publicado 4 a\u00f1os hace","modified":"Actualizado 4 a\u00f1os hace"},"absolute_dates":{"created":"Publicado el 13 febrero, 2023","modified":"Actualizado el 13 febrero, 2023"},"absolute_dates_time":{"created":"Publicado el 13 febrero, 2023 8:05 pm","modified":"Actualizado el 13 febrero, 2023 8:08 pm"},"featured_img_caption":"","series_order":"","_links":{"self":[{"href":"https:\/\/minatitlan.tecnm.mx\/index.php\/wp-json\/wp\/v2\/posts\/27285","targetHints":{"allow":["GET"]}}],"collection":[{"href":"https:\/\/minatitlan.tecnm.mx\/index.php\/wp-json\/wp\/v2\/posts"}],"about":[{"href":"https:\/\/minatitlan.tecnm.mx\/index.php\/wp-json\/wp\/v2\/types\/post"}],"author":[{"embeddable":true,"href":"https:\/\/minatitlan.tecnm.mx\/index.php\/wp-json\/wp\/v2\/users\/2"}],"replies":[{"embeddable":true,"href":"https:\/\/minatitlan.tecnm.mx\/index.php\/wp-json\/wp\/v2\/comments?post=27285"}],"version-history":[{"count":2,"href":"https:\/\/minatitlan.tecnm.mx\/index.php\/wp-json\/wp\/v2\/posts\/27285\/revisions"}],"predecessor-version":[{"id":27288,"href":"https:\/\/minatitlan.tecnm.mx\/index.php\/wp-json\/wp\/v2\/posts\/27285\/revisions\/27288"}],"wp:featuredmedia":[{"embeddable":true,"href":"https:\/\/minatitlan.tecnm.mx\/index.php\/wp-json\/wp\/v2\/media\/27286"}],"wp:attachment":[{"href":"https:\/\/minatitlan.tecnm.mx\/index.php\/wp-json\/wp\/v2\/media?parent=27285"}],"wp:term":[{"taxonomy":"category","embeddable":true,"href":"https:\/\/minatitlan.tecnm.mx\/index.php\/wp-json\/wp\/v2\/categories?post=27285"},{"taxonomy":"post_tag","embeddable":true,"href":"https:\/\/minatitlan.tecnm.mx\/index.php\/wp-json\/wp\/v2\/tags?post=27285"}],"curies":[{"name":"wp","href":"https:\/\/api.w.org\/{rel}","templated":true}]}}