{"id":28290,"date":"2023-03-16T21:13:49","date_gmt":"2023-03-17T03:13:49","guid":{"rendered":"http:\/\/minatitlan.tecnm.mx\/?p=28290"},"modified":"2023-03-16T23:19:45","modified_gmt":"2023-03-17T05:19:45","slug":"renuion-de-trabajo-con-directora-del-cbtis-no-213","status":"publish","type":"post","link":"https:\/\/minatitlan.tecnm.mx\/index.php\/renuion-de-trabajo-con-directora-del-cbtis-no-213\/","title":{"rendered":"REUNI\u00d3N DE TRABAJO CON DIRECTORA DEL CBTIs No. 213"},"content":{"rendered":"<p style=\"text-align: justify;\"><button id=\"listenButton1\" class=\"responsivevoice-button\" type=\"button\" value=\"Play\" title=\"ResponsiveVoice Tap to Start\/Stop Speech\"><span>&#128266; Clic para Narrar Texto<\/span><\/button>\n        <script>\n            listenButton1.onclick = function(){\n                if(responsiveVoice.isPlaying()){\n                    responsiveVoice.cancel();\n                }else{\n                    responsiveVoice.speak(\"Minatitl\u00e1n, Ver. 16\/03\/2023.- Con el principal objetivo de mantener una relaci\u00f3n estrecha que permita continuar trabajando en conjunto para beneficio de la juventud de la regi\u00f3n sur del Estado de Veracruz y en la v\u00edspera de la firma de convenios de colaboraci\u00f3n, el Subdirector de Planeaci\u00f3n y Vinculaci\u00f3n del Tecnol\u00f3gico Nacional de M\u00e9xico Campus Minatitl\u00e1n, Ing. Rafael D\u00edaz Rojas en representaci\u00f3n del Director, Mtro. Sergio Fernando Garibay Armenta se reuni\u00f3 con la Mtra. \u00c1ngela Rosas \u00c1vila, Directora del Centro de Bachillerato Tecnol\u00f3gico Industrial y de Servicios (CBTIs) No. 213. En dicha reuni\u00f3n, realizada este jueves diecis\u00e9is de marzo en la sala de juntas de esta casa de estudios, se destac\u00f3 la importancia de crear conjuntamente espacios que permitan el fortalecimiento de \u00e1reas estrat\u00e9gicas que constituyan un n\u00facleo promotor para extender los beneficios de ambas instituciones entre las y los j\u00f3venes de los municipios de Minatitl\u00e1n y Cosoleacaque.\u00a0 cgb\", \"Spanish Latin American Female\");\n                }\n            };\n        <\/script>\n    <\/p>\n<p style=\"text-align: justify;\"><strong><i>Minatitl\u00e1n, Ver. 16\/03\/2023.- <\/i><\/strong>Con el principal objetivo de mantener una relaci\u00f3n estrecha que permita continuar trabajando en conjunto para beneficio de la juventud de la regi\u00f3n sur del Estado de Veracruz y en la v\u00edspera de la firma de convenios de colaboraci\u00f3n, el Subdirector de Planeaci\u00f3n y Vinculaci\u00f3n del Tecnol\u00f3gico Nacional de M\u00e9xico Campus Minatitl\u00e1n, Ing. Rafael D\u00edaz Rojas en representaci\u00f3n del Director, Mtro. Sergio Fernando Garibay Armenta se reuni\u00f3 con la Mtra. \u00c1ngela Rosas \u00c1vila, Directora del Centro de Bachillerato Tecnol\u00f3gico Industrial y de Servicios (CBTIs) No. 213.<\/p>\n<p style=\"text-align: justify;\">En dicha reuni\u00f3n, realizada este jueves diecis\u00e9is de marzo en la sala de juntas de esta casa de estudios, se destac\u00f3 la importancia de crear conjuntamente espacios que permitan el fortalecimiento de \u00e1reas estrat\u00e9gicas que constituyan un n\u00facleo promotor para extender los beneficios de ambas instituciones entre las y los j\u00f3venes de los municipios de Minatitl\u00e1n y Cosoleacaque.<span class=\"Apple-converted-space\">\u00a0<\/span><\/p>\n<p style=\"text-align: justify;\">cgb<\/p>\n","protected":false},"excerpt":{"rendered":"<p>Minatitl\u00e1n, Ver. 16\/03\/2023.- Con el principal objetivo de mantener una relaci\u00f3n estrecha que permita continuar trabajando en conjunto para beneficio de la juventud de la regi\u00f3n sur del Estado de Veracruz y en la v\u00edspera de la firma de convenios de colaboraci\u00f3n, el Subdirector de Planeaci\u00f3n y Vinculaci\u00f3n del Tecnol\u00f3gico Nacional de M\u00e9xico Campus Minatitl\u00e1n, [&hellip;]<\/p>\n","protected":false},"author":2,"featured_media":28289,"comment_status":"closed","ping_status":"open","sticky":false,"template":"","format":"standard","meta":{"advgb_blocks_editor_width":"","advgb_blocks_columns_visual_guide":"","footnotes":""},"categories":[12],"tags":[],"class_list":["post-28290","post","type-post","status-publish","format-standard","has-post-thumbnail","hentry","category-noticias"],"author_meta":{"display_name":"Comunicaci\u00f3n y Difusi\u00f3n","author_link":"https:\/\/minatitlan.tecnm.mx\/index.php\/author\/comunicacion-y-difusion\/"},"featured_img":"https:\/\/minatitlan.tecnm.mx\/wp-content\/uploads\/2023\/03\/16032023_LAU_QUINTERO-300x225.jpg","coauthors":[],"tax_additional":{"categories":{"linked":["<a href=\"https:\/\/minatitlan.tecnm.mx\/index.php\/category\/noticias\/\" class=\"advgb-post-tax-term\">noticias<\/a>"],"unlinked":["<span class=\"advgb-post-tax-term\">noticias<\/span>"]}},"comment_count":"0","relative_dates":{"created":"Publicado 3 a\u00f1os hace","modified":"Actualizado 3 a\u00f1os hace"},"absolute_dates":{"created":"Publicado el 16 marzo, 2023","modified":"Actualizado el 16 marzo, 2023"},"absolute_dates_time":{"created":"Publicado el 16 marzo, 2023 9:13 pm","modified":"Actualizado el 16 marzo, 2023 11:19 pm"},"featured_img_caption":"","series_order":"","_links":{"self":[{"href":"https:\/\/minatitlan.tecnm.mx\/index.php\/wp-json\/wp\/v2\/posts\/28290","targetHints":{"allow":["GET"]}}],"collection":[{"href":"https:\/\/minatitlan.tecnm.mx\/index.php\/wp-json\/wp\/v2\/posts"}],"about":[{"href":"https:\/\/minatitlan.tecnm.mx\/index.php\/wp-json\/wp\/v2\/types\/post"}],"author":[{"embeddable":true,"href":"https:\/\/minatitlan.tecnm.mx\/index.php\/wp-json\/wp\/v2\/users\/2"}],"replies":[{"embeddable":true,"href":"https:\/\/minatitlan.tecnm.mx\/index.php\/wp-json\/wp\/v2\/comments?post=28290"}],"version-history":[{"count":3,"href":"https:\/\/minatitlan.tecnm.mx\/index.php\/wp-json\/wp\/v2\/posts\/28290\/revisions"}],"predecessor-version":[{"id":28297,"href":"https:\/\/minatitlan.tecnm.mx\/index.php\/wp-json\/wp\/v2\/posts\/28290\/revisions\/28297"}],"wp:featuredmedia":[{"embeddable":true,"href":"https:\/\/minatitlan.tecnm.mx\/index.php\/wp-json\/wp\/v2\/media\/28289"}],"wp:attachment":[{"href":"https:\/\/minatitlan.tecnm.mx\/index.php\/wp-json\/wp\/v2\/media?parent=28290"}],"wp:term":[{"taxonomy":"category","embeddable":true,"href":"https:\/\/minatitlan.tecnm.mx\/index.php\/wp-json\/wp\/v2\/categories?post=28290"},{"taxonomy":"post_tag","embeddable":true,"href":"https:\/\/minatitlan.tecnm.mx\/index.php\/wp-json\/wp\/v2\/tags?post=28290"}],"curies":[{"name":"wp","href":"https:\/\/api.w.org\/{rel}","templated":true}]}}