{"id":30156,"date":"2023-06-19T12:58:01","date_gmt":"2023-06-19T18:58:01","guid":{"rendered":"http:\/\/minatitlan.tecnm.mx\/?p=30156"},"modified":"2023-06-19T13:41:03","modified_gmt":"2023-06-19T19:41:03","slug":"personal-administrativo-del-tecmina-participa-en-jornada-de-capacitacion","status":"publish","type":"post","link":"https:\/\/minatitlan.tecnm.mx\/index.php\/personal-administrativo-del-tecmina-participa-en-jornada-de-capacitacion\/","title":{"rendered":"PERSONAL ADMINISTRATIVO DEL TECMINA PARTICIPA EN JORNADA DE CAPACITACI\u00d3N"},"content":{"rendered":"<p style=\"text-align: justify;\"><button id=\"listenButton1\" class=\"responsivevoice-button\" type=\"button\" value=\"Play\" title=\"ResponsiveVoice Tap to Start\/Stop Speech\"><span>&#128266; Clic para Narrar Texto<\/span><\/button>\n        <script>\n            listenButton1.onclick = function(){\n                if(responsiveVoice.isPlaying()){\n                    responsiveVoice.cancel();\n                }else{\n                    responsiveVoice.speak(\"Minatitl\u00e1n, Ver. 19\/06\/2023.- El Tecnol\u00f3gico Nacional de M\u00e9xico Campus Minatitl\u00e1n lleva a cabo del 19 al 23 de junio del presente a\u00f1o, la jornada de capacitaci\u00f3n denominada \u201cManejo del estr\u00e9s laboral\u201d y \u201cDesarrollo de habilidades en el uso de las Tic\u2019s para eficientar el proceso administrativo\u201d, dirigidos a personal administrativo con la finalidad de que identifiquen c\u00f3mo aumentar la capacidad individual paramanejary controlar elestr\u00e9s y las mejores pr\u00e1cticas para un uso eficiente de las tecnolog\u00edas de la informaci\u00f3n y las comunicaciones. La actual administraci\u00f3n del campus Minatitl\u00e1n que encabeza el Mtro. Sergio Fernando Garibay Armenta ha dado prioridad a la preparaci\u00f3n de la base trabajadora pues la capacitaci\u00f3n juega un papel importante para el logro de tareas yproyectos, dado que es el proceso mediante el cual las y los trabajadoresadquieren los conocimientos, herramientas, habilidades y actitudes para interactuar en el entorno laboral y cumplir con el trabajo que se lesencomienda. Durante la apertura de dicha jornada el Mtro. Eduardo Enoch Galindo S\u00e1nchez, Subdirector de Servicios Administrativos recalc\u00f3 lo trascendental de estas acciones, el papel que tienen las personas que laboran en las \u00e1reas administrativas resulta primordial al ser reflejo de la Instituci\u00f3n.Su formaci\u00f3n, trato y ambiente que generan, se proyecta de forma cotidiana con estudiantes, padres de familia y personal docente. Es por ello que el Instituto Tecnol\u00f3gico de Minatitl\u00e1n a trav\u00e9s del Departamento de Recursos Humanos organiz\u00f3 estos cursos que se llevan a cabo, donde el personal no docente de manera entusiasta participa aportando conocimientos y experiencias en los temas que ah\u00ed se exponen. lvc \u00a1Halcones administrativos que vuelan alto!\", \"Spanish Latin American Female\");\n                }\n            };\n        <\/script>\n    <\/p>\n<div>\n<p style=\"text-align: justify;\"><b><i>Minatitl\u00e1n, Ver. 19\/06\/2023.- <\/i><\/b>El Tecnol\u00f3gico Nacional de M\u00e9xico Campus Minatitl\u00e1n lleva a cabo del 19 al 23 de junio del presente a\u00f1o, la jornada de capacitaci\u00f3n denominada \u201cManejo del estr\u00e9s laboral\u201d y \u201cDesarrollo de habilidades en el uso de las Tic\u2019s para eficientar el proceso administrativo\u201d, dirigidos a personal administrativo con la finalidad de que identifiquen c\u00f3mo aumentar la capacidad individual para&nbsp;manejar&nbsp;y controlar el&nbsp;estr\u00e9s y las mejores pr\u00e1cticas para un uso eficiente de las tecnolog\u00edas de la informaci\u00f3n y las comunicaciones.<\/p>\n<\/div>\n<div>\n<p style=\"text-align: justify;\">La actual administraci\u00f3n del campus Minatitl\u00e1n que encabeza el Mtro. Sergio Fernando Garibay Armenta ha dado prioridad a la preparaci\u00f3n de la base trabajadora pues la capacitaci\u00f3n juega un papel importante para el logro de tareas y&nbsp;proyectos, dado que es el proceso mediante el cual las y los trabajadores&nbsp;adquieren los conocimientos, herramientas, habilidades y actitudes para interactuar en el entorno laboral y cumplir con el trabajo que se les&nbsp;encomienda.<\/p>\n<\/div>\n<div>\n<p style=\"text-align: justify;\">Durante la apertura de dicha jornada el Mtro. Eduardo Enoch Galindo S\u00e1nchez, Subdirector de Servicios Administrativos recalc\u00f3 lo trascendental de estas acciones, e<span lang=\"ES\">l papel que tienen las personas que laboran en las \u00e1reas administrativas resulta primordial al ser reflejo de la Instituci\u00f3n.&nbsp;<\/span><span lang=\"ES\">Su formaci\u00f3n, trato y ambiente que generan, se proyecta de forma cotidiana con estudiantes, padres de familia y personal docente<\/span><span lang=\"ES\">.<\/span><\/p>\n<\/div>\n<div>\n<p style=\"text-align: justify;\">Es por ello que el Instituto Tecnol\u00f3gico de Minatitl\u00e1n a trav\u00e9s del Departamento de Recursos Humanos organiz\u00f3 estos cursos que se llevan a cabo, donde el personal no docente de manera entusiasta participa aportando conocimientos y experiencias en los temas que ah\u00ed se exponen.<\/p>\n<\/div>\n<div>\n<p style=\"text-align: justify;\">lvc<\/p>\n<\/div>\n\n\n<figure class=\"wp-block-gallery has-nested-images columns-6 is-cropped wp-block-gallery-1 is-layout-flex wp-block-gallery-is-layout-flex\">\n<figure class=\"wp-block-image size-large\"><img loading=\"lazy\" decoding=\"async\" width=\"1024\" height=\"768\" data-id=\"30158\" src=\"http:\/\/minatitlan.tecnm.mx\/wp-content\/uploads\/2023\/06\/19062023_zeiny_2-1024x768.jpeg\" alt=\"\" class=\"wp-image-30158\" srcset=\"https:\/\/minatitlan.tecnm.mx\/wp-content\/uploads\/2023\/06\/19062023_zeiny_2-1024x768.jpeg 1024w, https:\/\/minatitlan.tecnm.mx\/wp-content\/uploads\/2023\/06\/19062023_zeiny_2-300x225.jpeg 300w, https:\/\/minatitlan.tecnm.mx\/wp-content\/uploads\/2023\/06\/19062023_zeiny_2-768x576.jpeg 768w, https:\/\/minatitlan.tecnm.mx\/wp-content\/uploads\/2023\/06\/19062023_zeiny_2.jpeg 1080w\" sizes=\"auto, (max-width: 1024px) 100vw, 1024px\" \/><\/figure>\n\n\n\n<figure class=\"wp-block-image size-large\"><img loading=\"lazy\" decoding=\"async\" width=\"1024\" height=\"768\" data-id=\"30159\" src=\"http:\/\/minatitlan.tecnm.mx\/wp-content\/uploads\/2023\/06\/19062023_zeiny_3-1024x768.jpeg\" alt=\"\" class=\"wp-image-30159\" srcset=\"https:\/\/minatitlan.tecnm.mx\/wp-content\/uploads\/2023\/06\/19062023_zeiny_3-1024x768.jpeg 1024w, https:\/\/minatitlan.tecnm.mx\/wp-content\/uploads\/2023\/06\/19062023_zeiny_3-300x225.jpeg 300w, https:\/\/minatitlan.tecnm.mx\/wp-content\/uploads\/2023\/06\/19062023_zeiny_3-768x576.jpeg 768w, https:\/\/minatitlan.tecnm.mx\/wp-content\/uploads\/2023\/06\/19062023_zeiny_3.jpeg 1080w\" sizes=\"auto, (max-width: 1024px) 100vw, 1024px\" \/><\/figure>\n\n\n\n<figure class=\"wp-block-image size-large\"><img loading=\"lazy\" decoding=\"async\" width=\"1024\" height=\"768\" data-id=\"30160\" src=\"http:\/\/minatitlan.tecnm.mx\/wp-content\/uploads\/2023\/06\/19062023_zeiny_4-1024x768.jpeg\" alt=\"\" class=\"wp-image-30160\" srcset=\"https:\/\/minatitlan.tecnm.mx\/wp-content\/uploads\/2023\/06\/19062023_zeiny_4-1024x768.jpeg 1024w, https:\/\/minatitlan.tecnm.mx\/wp-content\/uploads\/2023\/06\/19062023_zeiny_4-300x225.jpeg 300w, https:\/\/minatitlan.tecnm.mx\/wp-content\/uploads\/2023\/06\/19062023_zeiny_4-768x576.jpeg 768w, https:\/\/minatitlan.tecnm.mx\/wp-content\/uploads\/2023\/06\/19062023_zeiny_4.jpeg 1080w\" sizes=\"auto, (max-width: 1024px) 100vw, 1024px\" \/><\/figure>\n\n\n\n<figure class=\"wp-block-image size-large\"><img loading=\"lazy\" decoding=\"async\" width=\"1024\" height=\"768\" data-id=\"30161\" src=\"http:\/\/minatitlan.tecnm.mx\/wp-content\/uploads\/2023\/06\/19062023_zeiny_5-1024x768.jpeg\" alt=\"\" class=\"wp-image-30161\" srcset=\"https:\/\/minatitlan.tecnm.mx\/wp-content\/uploads\/2023\/06\/19062023_zeiny_5-1024x768.jpeg 1024w, https:\/\/minatitlan.tecnm.mx\/wp-content\/uploads\/2023\/06\/19062023_zeiny_5-300x225.jpeg 300w, https:\/\/minatitlan.tecnm.mx\/wp-content\/uploads\/2023\/06\/19062023_zeiny_5-768x576.jpeg 768w, https:\/\/minatitlan.tecnm.mx\/wp-content\/uploads\/2023\/06\/19062023_zeiny_5.jpeg 1080w\" sizes=\"auto, (max-width: 1024px) 100vw, 1024px\" \/><\/figure>\n\n\n\n<figure class=\"wp-block-image size-large\"><img loading=\"lazy\" decoding=\"async\" width=\"1024\" height=\"768\" data-id=\"30162\" src=\"http:\/\/minatitlan.tecnm.mx\/wp-content\/uploads\/2023\/06\/19062023_zeiny_6-1024x768.jpeg\" alt=\"\" class=\"wp-image-30162\" srcset=\"https:\/\/minatitlan.tecnm.mx\/wp-content\/uploads\/2023\/06\/19062023_zeiny_6-1024x768.jpeg 1024w, https:\/\/minatitlan.tecnm.mx\/wp-content\/uploads\/2023\/06\/19062023_zeiny_6-300x225.jpeg 300w, https:\/\/minatitlan.tecnm.mx\/wp-content\/uploads\/2023\/06\/19062023_zeiny_6-768x576.jpeg 768w, https:\/\/minatitlan.tecnm.mx\/wp-content\/uploads\/2023\/06\/19062023_zeiny_6.jpeg 1080w\" sizes=\"auto, (max-width: 1024px) 100vw, 1024px\" \/><\/figure>\n\n\n\n<figure class=\"wp-block-image size-large\"><img loading=\"lazy\" decoding=\"async\" width=\"1024\" height=\"768\" data-id=\"30163\" src=\"http:\/\/minatitlan.tecnm.mx\/wp-content\/uploads\/2023\/06\/19062023_zeiny_7-1024x768.jpeg\" alt=\"\" class=\"wp-image-30163\" srcset=\"https:\/\/minatitlan.tecnm.mx\/wp-content\/uploads\/2023\/06\/19062023_zeiny_7-1024x768.jpeg 1024w, https:\/\/minatitlan.tecnm.mx\/wp-content\/uploads\/2023\/06\/19062023_zeiny_7-300x225.jpeg 300w, https:\/\/minatitlan.tecnm.mx\/wp-content\/uploads\/2023\/06\/19062023_zeiny_7-768x576.jpeg 768w, https:\/\/minatitlan.tecnm.mx\/wp-content\/uploads\/2023\/06\/19062023_zeiny_7.jpeg 1080w\" sizes=\"auto, (max-width: 1024px) 100vw, 1024px\" \/><\/figure>\n\n\n\n<figure class=\"wp-block-image size-large\"><img loading=\"lazy\" decoding=\"async\" width=\"1024\" height=\"768\" data-id=\"30164\" src=\"http:\/\/minatitlan.tecnm.mx\/wp-content\/uploads\/2023\/06\/19062023_zeiny_8-1024x768.jpeg\" alt=\"\" class=\"wp-image-30164\" srcset=\"https:\/\/minatitlan.tecnm.mx\/wp-content\/uploads\/2023\/06\/19062023_zeiny_8-1024x768.jpeg 1024w, https:\/\/minatitlan.tecnm.mx\/wp-content\/uploads\/2023\/06\/19062023_zeiny_8-300x225.jpeg 300w, https:\/\/minatitlan.tecnm.mx\/wp-content\/uploads\/2023\/06\/19062023_zeiny_8-768x576.jpeg 768w, https:\/\/minatitlan.tecnm.mx\/wp-content\/uploads\/2023\/06\/19062023_zeiny_8.jpeg 1080w\" sizes=\"auto, (max-width: 1024px) 100vw, 1024px\" \/><\/figure>\n\n\n\n<figure class=\"wp-block-image size-large\"><img loading=\"lazy\" decoding=\"async\" width=\"1024\" height=\"768\" data-id=\"30165\" src=\"http:\/\/minatitlan.tecnm.mx\/wp-content\/uploads\/2023\/06\/19062023_zeiny_9-1024x768.jpeg\" alt=\"\" class=\"wp-image-30165\" srcset=\"https:\/\/minatitlan.tecnm.mx\/wp-content\/uploads\/2023\/06\/19062023_zeiny_9-1024x768.jpeg 1024w, https:\/\/minatitlan.tecnm.mx\/wp-content\/uploads\/2023\/06\/19062023_zeiny_9-300x225.jpeg 300w, https:\/\/minatitlan.tecnm.mx\/wp-content\/uploads\/2023\/06\/19062023_zeiny_9-768x576.jpeg 768w, https:\/\/minatitlan.tecnm.mx\/wp-content\/uploads\/2023\/06\/19062023_zeiny_9.jpeg 1080w\" sizes=\"auto, (max-width: 1024px) 100vw, 1024px\" \/><\/figure>\n\n\n\n<figure class=\"wp-block-image size-large\"><img loading=\"lazy\" decoding=\"async\" width=\"1024\" height=\"768\" data-id=\"30166\" src=\"http:\/\/minatitlan.tecnm.mx\/wp-content\/uploads\/2023\/06\/19062023_zeiny_10-1024x768.jpeg\" alt=\"\" class=\"wp-image-30166\" srcset=\"https:\/\/minatitlan.tecnm.mx\/wp-content\/uploads\/2023\/06\/19062023_zeiny_10-1024x768.jpeg 1024w, https:\/\/minatitlan.tecnm.mx\/wp-content\/uploads\/2023\/06\/19062023_zeiny_10-300x225.jpeg 300w, https:\/\/minatitlan.tecnm.mx\/wp-content\/uploads\/2023\/06\/19062023_zeiny_10-768x576.jpeg 768w, https:\/\/minatitlan.tecnm.mx\/wp-content\/uploads\/2023\/06\/19062023_zeiny_10.jpeg 1080w\" sizes=\"auto, (max-width: 1024px) 100vw, 1024px\" \/><\/figure>\n\n\n\n<figure class=\"wp-block-image size-large\"><img loading=\"lazy\" decoding=\"async\" width=\"1024\" height=\"768\" data-id=\"30167\" src=\"http:\/\/minatitlan.tecnm.mx\/wp-content\/uploads\/2023\/06\/19062023_zeiny_11-1024x768.jpeg\" alt=\"\" class=\"wp-image-30167\" srcset=\"https:\/\/minatitlan.tecnm.mx\/wp-content\/uploads\/2023\/06\/19062023_zeiny_11-1024x768.jpeg 1024w, https:\/\/minatitlan.tecnm.mx\/wp-content\/uploads\/2023\/06\/19062023_zeiny_11-300x225.jpeg 300w, https:\/\/minatitlan.tecnm.mx\/wp-content\/uploads\/2023\/06\/19062023_zeiny_11-768x576.jpeg 768w, https:\/\/minatitlan.tecnm.mx\/wp-content\/uploads\/2023\/06\/19062023_zeiny_11.jpeg 1080w\" sizes=\"auto, (max-width: 1024px) 100vw, 1024px\" \/><\/figure>\n\n\n\n<figure class=\"wp-block-image size-large\"><img loading=\"lazy\" decoding=\"async\" width=\"1024\" height=\"768\" data-id=\"30168\" src=\"http:\/\/minatitlan.tecnm.mx\/wp-content\/uploads\/2023\/06\/19062023_zeiny_12-1024x768.jpeg\" alt=\"\" class=\"wp-image-30168\" srcset=\"https:\/\/minatitlan.tecnm.mx\/wp-content\/uploads\/2023\/06\/19062023_zeiny_12-1024x768.jpeg 1024w, https:\/\/minatitlan.tecnm.mx\/wp-content\/uploads\/2023\/06\/19062023_zeiny_12-300x225.jpeg 300w, https:\/\/minatitlan.tecnm.mx\/wp-content\/uploads\/2023\/06\/19062023_zeiny_12-768x576.jpeg 768w, https:\/\/minatitlan.tecnm.mx\/wp-content\/uploads\/2023\/06\/19062023_zeiny_12.jpeg 1080w\" sizes=\"auto, (max-width: 1024px) 100vw, 1024px\" \/><\/figure>\n<figcaption class=\"blocks-gallery-caption wp-element-caption\">\u00a1Halcones administrativos que vuelan alto!<\/figcaption><\/figure>\n","protected":false},"excerpt":{"rendered":"<p>Minatitl\u00e1n, Ver. 19\/06\/2023.- El Tecnol\u00f3gico Nacional de M\u00e9xico Campus Minatitl\u00e1n lleva a cabo del 19 al 23 de junio del presente a\u00f1o, la jornada de capacitaci\u00f3n denominada \u201cManejo del estr\u00e9s laboral\u201d y \u201cDesarrollo de habilidades en el uso de las Tic\u2019s para eficientar el proceso administrativo\u201d, dirigidos a personal administrativo con la finalidad de que [&hellip;]<\/p>\n","protected":false},"author":2,"featured_media":30171,"comment_status":"closed","ping_status":"open","sticky":false,"template":"","format":"standard","meta":{"advgb_blocks_editor_width":"","advgb_blocks_columns_visual_guide":"","footnotes":""},"categories":[12],"tags":[],"class_list":["post-30156","post","type-post","status-publish","format-standard","has-post-thumbnail","hentry","category-noticias"],"author_meta":{"display_name":"Comunicaci\u00f3n y Difusi\u00f3n","author_link":"https:\/\/minatitlan.tecnm.mx\/index.php\/author\/comunicacion-y-difusion\/"},"featured_img":"https:\/\/minatitlan.tecnm.mx\/wp-content\/uploads\/2023\/06\/19062023_zeiny_0-300x225.jpg","coauthors":[],"tax_additional":{"categories":{"linked":["<a href=\"https:\/\/minatitlan.tecnm.mx\/index.php\/category\/noticias\/\" class=\"advgb-post-tax-term\">noticias<\/a>"],"unlinked":["<span class=\"advgb-post-tax-term\">noticias<\/span>"]}},"comment_count":"0","relative_dates":{"created":"Publicado 3 a\u00f1os hace","modified":"Actualizado 3 a\u00f1os hace"},"absolute_dates":{"created":"Publicado el 19 junio, 2023","modified":"Actualizado el 19 junio, 2023"},"absolute_dates_time":{"created":"Publicado el 19 junio, 2023 12:58 pm","modified":"Actualizado el 19 junio, 2023 1:41 pm"},"featured_img_caption":"","series_order":"","_links":{"self":[{"href":"https:\/\/minatitlan.tecnm.mx\/index.php\/wp-json\/wp\/v2\/posts\/30156","targetHints":{"allow":["GET"]}}],"collection":[{"href":"https:\/\/minatitlan.tecnm.mx\/index.php\/wp-json\/wp\/v2\/posts"}],"about":[{"href":"https:\/\/minatitlan.tecnm.mx\/index.php\/wp-json\/wp\/v2\/types\/post"}],"author":[{"embeddable":true,"href":"https:\/\/minatitlan.tecnm.mx\/index.php\/wp-json\/wp\/v2\/users\/2"}],"replies":[{"embeddable":true,"href":"https:\/\/minatitlan.tecnm.mx\/index.php\/wp-json\/wp\/v2\/comments?post=30156"}],"version-history":[{"count":3,"href":"https:\/\/minatitlan.tecnm.mx\/index.php\/wp-json\/wp\/v2\/posts\/30156\/revisions"}],"predecessor-version":[{"id":30172,"href":"https:\/\/minatitlan.tecnm.mx\/index.php\/wp-json\/wp\/v2\/posts\/30156\/revisions\/30172"}],"wp:featuredmedia":[{"embeddable":true,"href":"https:\/\/minatitlan.tecnm.mx\/index.php\/wp-json\/wp\/v2\/media\/30171"}],"wp:attachment":[{"href":"https:\/\/minatitlan.tecnm.mx\/index.php\/wp-json\/wp\/v2\/media?parent=30156"}],"wp:term":[{"taxonomy":"category","embeddable":true,"href":"https:\/\/minatitlan.tecnm.mx\/index.php\/wp-json\/wp\/v2\/categories?post=30156"},{"taxonomy":"post_tag","embeddable":true,"href":"https:\/\/minatitlan.tecnm.mx\/index.php\/wp-json\/wp\/v2\/tags?post=30156"}],"curies":[{"name":"wp","href":"https:\/\/api.w.org\/{rel}","templated":true}]}}