{"id":31308,"date":"2023-08-31T12:06:50","date_gmt":"2023-08-31T18:06:50","guid":{"rendered":"http:\/\/minatitlan.tecnm.mx\/?p=31308"},"modified":"2023-08-31T12:06:51","modified_gmt":"2023-08-31T18:06:51","slug":"reunion-de-trabajo-en-el-tecmina-para-la-mejora-continua","status":"publish","type":"post","link":"https:\/\/minatitlan.tecnm.mx\/index.php\/reunion-de-trabajo-en-el-tecmina-para-la-mejora-continua\/","title":{"rendered":"REUNI\u00d3N DE TRABAJO EN EL TECMINA PARA LA MEJORA CONTINUA"},"content":{"rendered":"<p style=\"text-align: justify;\"><button id=\"listenButton1\" class=\"responsivevoice-button\" type=\"button\" value=\"Play\" title=\"ResponsiveVoice Tap to Start\/Stop Speech\"><span>&#128266; Clic para Narrar Texto<\/span><\/button>\n        <script>\n            listenButton1.onclick = function(){\n                if(responsiveVoice.isPlaying()){\n                    responsiveVoice.cancel();\n                }else{\n                    responsiveVoice.speak(\"El Mtro. Sergio Fernando Garibay Armenta, Director del Tecnol\u00f3gico Nacional de M\u00e9xico Campus Minatitl\u00e1n, Preside Importante Reuni\u00f3n de Trabajo con la H. Academia de Ingenier\u00eda Qu\u00edmica e Ingenier\u00eda Ambiental Minatitl\u00e1n, Ver. 24\/08\/2023.- El d\u00eda 23 de agosto del presente a\u00f1o, el Mtro. Sergio Fernando Garibay Armenta, Director del Tecnol\u00f3gico Nacional de M\u00e9xico Campus Minatitl\u00e1n, encabez\u00f3 una significativa reuni\u00f3n de trabajo en la que se abordaron asuntos trascendentales relacionados con el mantenimiento y mejoras en \u00e1reas acad\u00e9micas. En esta reuni\u00f3n, participaron activamente los miembros de la H. Academia de Ingenier\u00eda Qu\u00edmica e Ingenier\u00eda Ambiental. En un intercambio fruct\u00edfero, el cuerpo docente tuvo la oportunidad de expresar sus necesidades y aspiraciones en relaci\u00f3n con el \u00e1rea acad\u00e9mica. Entre las inquietudes planteadas, se encuentra el deseo de incrementar la oferta de cursos de capacitaci\u00f3n dirigidos a los docentes, con el prop\u00f3sito de enriquecer sus habilidades pedag\u00f3gicas y fortalecer la calidad educativa. Adem\u00e1s, se discuti\u00f3 la importancia de equipar adecuadamente las aulas con tecnolog\u00eda y recursos did\u00e1cticos que potencien el proceso de ense\u00f1anza-aprendizaje. La gesti\u00f3n de convenios para intercambios y estad\u00edas acad\u00e9micas con instituciones nacionales y extranjeras tambi\u00e9n fue un punto abordado, enfatizando la necesidad de fomentar la colaboraci\u00f3n interinstitucional y la internacionalizaci\u00f3n. La reuni\u00f3n culmin\u00f3 con un compromiso renovado por parte de la direcci\u00f3n y la academia de continuar trabajando en conjunto para fortalecer el entorno acad\u00e9mico y lograr mejoras sustanciales en la calidad educativa ofrecida por el campus Minatitl\u00e1n a sus estudiantes y a la sociedad. Cabe resaltar que hicieron una revisi\u00f3n de los indicadores, metas y objetivos del departamento de ingenier\u00eda Qu\u00edmica relacionandolo con el uso y manejo de los recursos asignados para tales efectos, ya que el Director llev\u00f3 a cabo dos ejercicios que permitieron a la planta docente visualizar los indicadores m\u00e1s relevantes que se tienen que cumplir anualmente. cgbs Orgullosamente TecMina.\", \"Spanish Latin American Female\");\n                }\n            };\n        <\/script>\n    <\/p>\n<p style=\"text-align: justify;\"><strong><em>El Mtro. Sergio Fernando Garibay Armenta, Director del Tecnol\u00f3gico Nacional de M\u00e9xico Campus Minatitl\u00e1n, Preside Importante Reuni\u00f3n de Trabajo con la H. Academia de Ingenier\u00eda Qu\u00edmica e Ingenier\u00eda Ambiental<\/em><\/strong><\/p>\n<p style=\"text-align: justify;\"><strong><em>Minatitl\u00e1n, Ver. 24\/08\/2023.- <\/em><\/strong>El d\u00eda 23 de agosto del presente a\u00f1o, el Mtro. Sergio Fernando Garibay Armenta, Director del Tecnol\u00f3gico Nacional de M\u00e9xico Campus Minatitl\u00e1n, encabez\u00f3 una significativa reuni\u00f3n de trabajo en la que se abordaron asuntos trascendentales relacionados con el mantenimiento y mejoras en \u00e1reas acad\u00e9micas. En esta reuni\u00f3n, participaron activamente los miembros de la H. Academia de Ingenier\u00eda Qu\u00edmica e Ingenier\u00eda Ambiental.<\/p>\n<p style=\"text-align: justify;\">En un intercambio fruct\u00edfero, el cuerpo docente tuvo la oportunidad de expresar sus necesidades y aspiraciones en relaci\u00f3n con el \u00e1rea acad\u00e9mica. Entre las inquietudes planteadas, se encuentra el deseo de incrementar la oferta de cursos de capacitaci\u00f3n dirigidos a los docentes, con el prop\u00f3sito de enriquecer sus habilidades pedag\u00f3gicas y fortalecer la calidad educativa.<\/p>\n<p style=\"text-align: justify;\">Adem\u00e1s, se discuti\u00f3 la importancia de equipar adecuadamente las aulas con tecnolog\u00eda y recursos did\u00e1cticos que potencien el proceso de ense\u00f1anza-aprendizaje. La gesti\u00f3n de convenios para intercambios y estad\u00edas acad\u00e9micas con instituciones nacionales y extranjeras tambi\u00e9n fue un punto abordado, enfatizando la necesidad de fomentar la colaboraci\u00f3n interinstitucional y la internacionalizaci\u00f3n.<\/p>\n<p style=\"text-align: justify;\">La reuni\u00f3n culmin\u00f3 con un compromiso renovado por parte de la direcci\u00f3n y la academia de continuar trabajando en conjunto para fortalecer el entorno acad\u00e9mico y lograr mejoras sustanciales en la calidad educativa ofrecida por el campus Minatitl\u00e1n a sus estudiantes y a la sociedad.<\/p>\n<p style=\"text-align: justify;\">Cabe resaltar que hicieron una revisi\u00f3n de los indicadores, metas y objetivos del departamento de ingenier\u00eda Qu\u00edmica relacionandolo con el uso y manejo de los recursos asignados para tales efectos, ya que el Director llev\u00f3 a cabo dos ejercicios que permitieron a la planta docente visualizar los indicadores m\u00e1s relevantes que se tienen que cumplir anualmente.<\/p>\n<p>cgbs<\/p>\n\n\n<figure class=\"wp-block-gallery has-nested-images columns-default is-cropped wp-block-gallery-1 is-layout-flex wp-block-gallery-is-layout-flex\">\n<figure class=\"wp-block-image size-large\"><img loading=\"lazy\" decoding=\"async\" width=\"1024\" height=\"768\" data-id=\"31306\" src=\"http:\/\/minatitlan.tecnm.mx\/wp-content\/uploads\/2023\/08\/24082023_IQ_IA2-1024x768.jpeg\" alt=\"\" class=\"wp-image-31306\" srcset=\"https:\/\/minatitlan.tecnm.mx\/wp-content\/uploads\/2023\/08\/24082023_IQ_IA2-1024x768.jpeg 1024w, https:\/\/minatitlan.tecnm.mx\/wp-content\/uploads\/2023\/08\/24082023_IQ_IA2-300x225.jpeg 300w, https:\/\/minatitlan.tecnm.mx\/wp-content\/uploads\/2023\/08\/24082023_IQ_IA2-768x576.jpeg 768w, https:\/\/minatitlan.tecnm.mx\/wp-content\/uploads\/2023\/08\/24082023_IQ_IA2.jpeg 1080w\" sizes=\"auto, (max-width: 1024px) 100vw, 1024px\" \/><\/figure>\n\n\n\n<figure class=\"wp-block-image size-large\"><img loading=\"lazy\" decoding=\"async\" width=\"1024\" height=\"768\" data-id=\"31307\" src=\"http:\/\/minatitlan.tecnm.mx\/wp-content\/uploads\/2023\/08\/24082023_IQ_IA3-1024x768.jpeg\" alt=\"\" class=\"wp-image-31307\" srcset=\"https:\/\/minatitlan.tecnm.mx\/wp-content\/uploads\/2023\/08\/24082023_IQ_IA3-1024x768.jpeg 1024w, https:\/\/minatitlan.tecnm.mx\/wp-content\/uploads\/2023\/08\/24082023_IQ_IA3-300x225.jpeg 300w, https:\/\/minatitlan.tecnm.mx\/wp-content\/uploads\/2023\/08\/24082023_IQ_IA3-768x576.jpeg 768w, https:\/\/minatitlan.tecnm.mx\/wp-content\/uploads\/2023\/08\/24082023_IQ_IA3.jpeg 1080w\" sizes=\"auto, (max-width: 1024px) 100vw, 1024px\" \/><\/figure>\n<figcaption class=\"blocks-gallery-caption wp-element-caption\"><em>Orgullosamente TecMina.<\/em><\/figcaption><\/figure>\n","protected":false},"excerpt":{"rendered":"<p>El Mtro. Sergio Fernando Garibay Armenta, Director del Tecnol\u00f3gico Nacional de M\u00e9xico Campus Minatitl\u00e1n, Preside Importante Reuni\u00f3n de Trabajo con la H. Academia de Ingenier\u00eda Qu\u00edmica e Ingenier\u00eda Ambiental Minatitl\u00e1n, Ver. 24\/08\/2023.- El d\u00eda 23 de agosto del presente a\u00f1o, el Mtro. Sergio Fernando Garibay Armenta, Director del Tecnol\u00f3gico Nacional de M\u00e9xico Campus Minatitl\u00e1n, encabez\u00f3 [&hellip;]<\/p>\n","protected":false},"author":2,"featured_media":31305,"comment_status":"closed","ping_status":"open","sticky":false,"template":"","format":"standard","meta":{"advgb_blocks_editor_width":"","advgb_blocks_columns_visual_guide":"","footnotes":""},"categories":[12],"tags":[],"class_list":["post-31308","post","type-post","status-publish","format-standard","has-post-thumbnail","hentry","category-noticias"],"author_meta":{"display_name":"Comunicaci\u00f3n y Difusi\u00f3n","author_link":"https:\/\/minatitlan.tecnm.mx\/index.php\/author\/comunicacion-y-difusion\/"},"featured_img":"https:\/\/minatitlan.tecnm.mx\/wp-content\/uploads\/2023\/08\/24082023_IQ_IA1-300x225.jpeg","coauthors":[],"tax_additional":{"categories":{"linked":["<a href=\"https:\/\/minatitlan.tecnm.mx\/index.php\/category\/noticias\/\" class=\"advgb-post-tax-term\">noticias<\/a>"],"unlinked":["<span class=\"advgb-post-tax-term\">noticias<\/span>"]}},"comment_count":"0","relative_dates":{"created":"Publicado 3 a\u00f1os hace","modified":"Actualizado 3 a\u00f1os hace"},"absolute_dates":{"created":"Publicado el 31 agosto, 2023","modified":"Actualizado el 31 agosto, 2023"},"absolute_dates_time":{"created":"Publicado el 31 agosto, 2023 12:06 pm","modified":"Actualizado el 31 agosto, 2023 12:06 pm"},"featured_img_caption":"","series_order":"","_links":{"self":[{"href":"https:\/\/minatitlan.tecnm.mx\/index.php\/wp-json\/wp\/v2\/posts\/31308","targetHints":{"allow":["GET"]}}],"collection":[{"href":"https:\/\/minatitlan.tecnm.mx\/index.php\/wp-json\/wp\/v2\/posts"}],"about":[{"href":"https:\/\/minatitlan.tecnm.mx\/index.php\/wp-json\/wp\/v2\/types\/post"}],"author":[{"embeddable":true,"href":"https:\/\/minatitlan.tecnm.mx\/index.php\/wp-json\/wp\/v2\/users\/2"}],"replies":[{"embeddable":true,"href":"https:\/\/minatitlan.tecnm.mx\/index.php\/wp-json\/wp\/v2\/comments?post=31308"}],"version-history":[{"count":1,"href":"https:\/\/minatitlan.tecnm.mx\/index.php\/wp-json\/wp\/v2\/posts\/31308\/revisions"}],"predecessor-version":[{"id":31309,"href":"https:\/\/minatitlan.tecnm.mx\/index.php\/wp-json\/wp\/v2\/posts\/31308\/revisions\/31309"}],"wp:featuredmedia":[{"embeddable":true,"href":"https:\/\/minatitlan.tecnm.mx\/index.php\/wp-json\/wp\/v2\/media\/31305"}],"wp:attachment":[{"href":"https:\/\/minatitlan.tecnm.mx\/index.php\/wp-json\/wp\/v2\/media?parent=31308"}],"wp:term":[{"taxonomy":"category","embeddable":true,"href":"https:\/\/minatitlan.tecnm.mx\/index.php\/wp-json\/wp\/v2\/categories?post=31308"},{"taxonomy":"post_tag","embeddable":true,"href":"https:\/\/minatitlan.tecnm.mx\/index.php\/wp-json\/wp\/v2\/tags?post=31308"}],"curies":[{"name":"wp","href":"https:\/\/api.w.org\/{rel}","templated":true}]}}