{"id":31462,"date":"2023-09-09T11:29:00","date_gmt":"2023-09-09T17:29:00","guid":{"rendered":"http:\/\/minatitlan.tecnm.mx\/?p=31462"},"modified":"2023-09-23T01:35:19","modified_gmt":"2023-09-23T07:35:19","slug":"estudiantes-del-tecmina-participan-en-el-octavo-maraton-de-matematicas","status":"publish","type":"post","link":"https:\/\/minatitlan.tecnm.mx\/index.php\/estudiantes-del-tecmina-participan-en-el-octavo-maraton-de-matematicas\/","title":{"rendered":"ESTUDIANTES DEL TECMINA PARTICIPAN EN EL OCTAVO MARAT\u00d3N DE MATEM\u00c1TICAS"},"content":{"rendered":"<p style=\"text-align: justify;\"><button id=\"listenButton1\" class=\"responsivevoice-button\" type=\"button\" value=\"Play\" title=\"ResponsiveVoice Tap to Start\/Stop Speech\"><span>&#128266; Clic para Narrar Texto<\/span><\/button>\n        <script>\n            listenButton1.onclick = function(){\n                if(responsiveVoice.isPlaying()){\n                    responsiveVoice.cancel();\n                }else{\n                    responsiveVoice.speak(\"Minatitl\u00e1n, Ver. 09\/09\/2023.- Estudiantes del Tecnol\u00f3gico Nacional de M\u00e9xico Campus Minatitl\u00e1n demostraron su compromiso y pasi\u00f3n por las Ciencias B\u00e1sicas al participar en el Octavo Marat\u00f3n de Matem\u00e1ticas, una actividad de relevancia acad\u00e9mica en el que tuvieron el honor de ser instruidos por el Director General del TecNM, el Mtro. Ram\u00f3n Jim\u00e9nez L\u00f3pez. La actividad acad\u00e9mica es coordinada por la Subdirecci\u00f3n Acad\u00e9mica, a cargo del Dr. Gilberto Rodr\u00edguez Montufar, a trav\u00e9s de la Jefa del Departamento de Ciencias B\u00e1sicas, la Ing. Marlenne Guti\u00e9rrez Pola. Es importante destacar que el Director del plantel, Mtro. Sergio Fernando Garibay Armenta, apoya y fomenta estas iniciativas, mismas que brindan a los estudiantes la oportunidad de mejorar sus habilidades matem\u00e1ticas y les inspiran a alcanzar su m\u00e1ximo potencial acad\u00e9mico. Los desaf\u00edos matem\u00e1ticos planteados en el marat\u00f3n no solo estimulan el pensamiento l\u00f3gico y la resoluci\u00f3n de problemas, sino que tambi\u00e9n fortalecen la capacidad anal\u00edtica y el razonamiento cr\u00edtico de los participantes. Esta iniciativa se encuentra en sinton\u00eda con el programa de desarrollo institucional del Tecnol\u00f3gico Nacional de M\u00e9xico, que est\u00e1 firmemente comprometido en alcanzar la excelencia acad\u00e9mica en todos los niveles educativos. El fortalecimiento de las Ciencias B\u00e1sicas es fundamental para construir una base s\u00f3lida en la educaci\u00f3n tecnol\u00f3gica y garantizar que nuestros estudiantes est\u00e9n preparados para enfrentar los retos del mundo contempor\u00e1neo. cgbs Orgullosamente TecMina.\", \"Spanish Latin American Female\");\n                }\n            };\n        <\/script>\n    <\/p>\n<p style=\"text-align: justify;\"><strong><em>Minatitl\u00e1n, Ver. 09\/09\/2023.- <\/em><\/strong>Estudiantes del Tecnol\u00f3gico Nacional de M\u00e9xico Campus Minatitl\u00e1n demostraron su compromiso y pasi\u00f3n por las Ciencias B\u00e1sicas al participar en el Octavo Marat\u00f3n de Matem\u00e1ticas, una actividad de relevancia acad\u00e9mica en el que tuvieron el honor de ser instruidos por el Director General del TecNM, el Mtro. Ram\u00f3n Jim\u00e9nez L\u00f3pez.<\/p>\n<p style=\"text-align: justify;\">La actividad acad\u00e9mica es coordinada por la Subdirecci\u00f3n Acad\u00e9mica, a cargo del Dr. Gilberto Rodr\u00edguez Montufar, a trav\u00e9s de la Jefa del Departamento de Ciencias B\u00e1sicas, la Ing. Marlenne Guti\u00e9rrez Pola. Es importante destacar que el Director del plantel, Mtro. Sergio Fernando Garibay Armenta, apoya y fomenta estas iniciativas, mismas que brindan a los estudiantes la oportunidad de mejorar sus habilidades matem\u00e1ticas y les inspiran a alcanzar su m\u00e1ximo potencial acad\u00e9mico.<\/p>\n<p style=\"text-align: justify;\">Los desaf\u00edos matem\u00e1ticos planteados en el marat\u00f3n no solo estimulan el pensamiento l\u00f3gico y la resoluci\u00f3n de problemas, sino que tambi\u00e9n fortalecen la capacidad anal\u00edtica y el razonamiento cr\u00edtico de los participantes.<\/p>\n<p style=\"text-align: justify;\">Esta iniciativa se encuentra en sinton\u00eda con el programa de desarrollo institucional del Tecnol\u00f3gico Nacional de M\u00e9xico, que est\u00e1 firmemente comprometido en alcanzar la excelencia acad\u00e9mica en todos los niveles educativos. El fortalecimiento de las Ciencias B\u00e1sicas es fundamental para construir una base s\u00f3lida en la educaci\u00f3n tecnol\u00f3gica y garantizar que nuestros estudiantes est\u00e9n preparados para enfrentar los retos del mundo contempor\u00e1neo.<\/p>\n<p>cgbs<\/p>\n\n\n<figure class=\"wp-block-gallery has-nested-images columns-4 is-cropped wp-block-gallery-1 is-layout-flex wp-block-gallery-is-layout-flex\">\n<figure class=\"wp-block-image size-large\"><img loading=\"lazy\" decoding=\"async\" width=\"1024\" height=\"768\" data-id=\"31458\" src=\"http:\/\/minatitlan.tecnm.mx\/wp-content\/uploads\/2023\/09\/09092023_MATE_DG_2-1024x768.jpeg\" alt=\"\" class=\"wp-image-31458\" srcset=\"https:\/\/minatitlan.tecnm.mx\/wp-content\/uploads\/2023\/09\/09092023_MATE_DG_2-1024x768.jpeg 1024w, https:\/\/minatitlan.tecnm.mx\/wp-content\/uploads\/2023\/09\/09092023_MATE_DG_2-300x225.jpeg 300w, https:\/\/minatitlan.tecnm.mx\/wp-content\/uploads\/2023\/09\/09092023_MATE_DG_2-768x576.jpeg 768w, https:\/\/minatitlan.tecnm.mx\/wp-content\/uploads\/2023\/09\/09092023_MATE_DG_2.jpeg 1080w\" sizes=\"auto, (max-width: 1024px) 100vw, 1024px\" \/><\/figure>\n\n\n\n<figure class=\"wp-block-image size-large\"><img loading=\"lazy\" decoding=\"async\" width=\"1024\" height=\"768\" data-id=\"31459\" src=\"http:\/\/minatitlan.tecnm.mx\/wp-content\/uploads\/2023\/09\/09092023_MATE_DG_3-1024x768.jpeg\" alt=\"\" class=\"wp-image-31459\" srcset=\"https:\/\/minatitlan.tecnm.mx\/wp-content\/uploads\/2023\/09\/09092023_MATE_DG_3-1024x768.jpeg 1024w, https:\/\/minatitlan.tecnm.mx\/wp-content\/uploads\/2023\/09\/09092023_MATE_DG_3-300x225.jpeg 300w, https:\/\/minatitlan.tecnm.mx\/wp-content\/uploads\/2023\/09\/09092023_MATE_DG_3-768x576.jpeg 768w, https:\/\/minatitlan.tecnm.mx\/wp-content\/uploads\/2023\/09\/09092023_MATE_DG_3.jpeg 1080w\" sizes=\"auto, (max-width: 1024px) 100vw, 1024px\" \/><\/figure>\n\n\n\n<figure class=\"wp-block-image size-large\"><img loading=\"lazy\" decoding=\"async\" width=\"1024\" height=\"768\" data-id=\"31461\" src=\"http:\/\/minatitlan.tecnm.mx\/wp-content\/uploads\/2023\/09\/09092023_MATE_DG_5-1024x768.jpeg\" alt=\"\" class=\"wp-image-31461\" srcset=\"https:\/\/minatitlan.tecnm.mx\/wp-content\/uploads\/2023\/09\/09092023_MATE_DG_5-1024x768.jpeg 1024w, https:\/\/minatitlan.tecnm.mx\/wp-content\/uploads\/2023\/09\/09092023_MATE_DG_5-300x225.jpeg 300w, https:\/\/minatitlan.tecnm.mx\/wp-content\/uploads\/2023\/09\/09092023_MATE_DG_5-768x576.jpeg 768w, https:\/\/minatitlan.tecnm.mx\/wp-content\/uploads\/2023\/09\/09092023_MATE_DG_5.jpeg 1080w\" sizes=\"auto, (max-width: 1024px) 100vw, 1024px\" \/><\/figure>\n\n\n\n<figure class=\"wp-block-image size-large\"><img loading=\"lazy\" decoding=\"async\" width=\"1024\" height=\"768\" data-id=\"31460\" src=\"http:\/\/minatitlan.tecnm.mx\/wp-content\/uploads\/2023\/09\/09092023_MATE_DG_4-1024x768.jpeg\" alt=\"\" class=\"wp-image-31460\" srcset=\"https:\/\/minatitlan.tecnm.mx\/wp-content\/uploads\/2023\/09\/09092023_MATE_DG_4-1024x768.jpeg 1024w, https:\/\/minatitlan.tecnm.mx\/wp-content\/uploads\/2023\/09\/09092023_MATE_DG_4-300x225.jpeg 300w, https:\/\/minatitlan.tecnm.mx\/wp-content\/uploads\/2023\/09\/09092023_MATE_DG_4-768x576.jpeg 768w, https:\/\/minatitlan.tecnm.mx\/wp-content\/uploads\/2023\/09\/09092023_MATE_DG_4.jpeg 1080w\" sizes=\"auto, (max-width: 1024px) 100vw, 1024px\" \/><\/figure>\n<figcaption class=\"blocks-gallery-caption wp-element-caption\"><em>Orgullosamente TecMina.<\/em><\/figcaption><\/figure>\n","protected":false},"excerpt":{"rendered":"<p>Minatitl\u00e1n, Ver. 09\/09\/2023.- Estudiantes del Tecnol\u00f3gico Nacional de M\u00e9xico Campus Minatitl\u00e1n demostraron su compromiso y pasi\u00f3n por las Ciencias B\u00e1sicas al participar en el Octavo Marat\u00f3n de Matem\u00e1ticas, una actividad de relevancia acad\u00e9mica en el que tuvieron el honor de ser instruidos por el Director General del TecNM, el Mtro. Ram\u00f3n Jim\u00e9nez L\u00f3pez. La actividad [&hellip;]<\/p>\n","protected":false},"author":2,"featured_media":31457,"comment_status":"closed","ping_status":"open","sticky":false,"template":"","format":"standard","meta":{"advgb_blocks_editor_width":"","advgb_blocks_columns_visual_guide":"","footnotes":""},"categories":[12],"tags":[],"class_list":["post-31462","post","type-post","status-publish","format-standard","has-post-thumbnail","hentry","category-noticias"],"author_meta":{"display_name":"Comunicaci\u00f3n y Difusi\u00f3n","author_link":"https:\/\/minatitlan.tecnm.mx\/index.php\/author\/comunicacion-y-difusion\/"},"featured_img":"https:\/\/minatitlan.tecnm.mx\/wp-content\/uploads\/2023\/09\/09092023_MATE_DG_1-300x225.jpeg","coauthors":[],"tax_additional":{"categories":{"linked":["<a href=\"https:\/\/minatitlan.tecnm.mx\/index.php\/category\/noticias\/\" class=\"advgb-post-tax-term\">noticias<\/a>"],"unlinked":["<span class=\"advgb-post-tax-term\">noticias<\/span>"]}},"comment_count":"0","relative_dates":{"created":"Publicado 3 a\u00f1os hace","modified":"Actualizado 3 a\u00f1os hace"},"absolute_dates":{"created":"Publicado el 9 septiembre, 2023","modified":"Actualizado el 23 septiembre, 2023"},"absolute_dates_time":{"created":"Publicado el 9 septiembre, 2023 11:29 am","modified":"Actualizado el 23 septiembre, 2023 1:35 am"},"featured_img_caption":"","series_order":"","_links":{"self":[{"href":"https:\/\/minatitlan.tecnm.mx\/index.php\/wp-json\/wp\/v2\/posts\/31462","targetHints":{"allow":["GET"]}}],"collection":[{"href":"https:\/\/minatitlan.tecnm.mx\/index.php\/wp-json\/wp\/v2\/posts"}],"about":[{"href":"https:\/\/minatitlan.tecnm.mx\/index.php\/wp-json\/wp\/v2\/types\/post"}],"author":[{"embeddable":true,"href":"https:\/\/minatitlan.tecnm.mx\/index.php\/wp-json\/wp\/v2\/users\/2"}],"replies":[{"embeddable":true,"href":"https:\/\/minatitlan.tecnm.mx\/index.php\/wp-json\/wp\/v2\/comments?post=31462"}],"version-history":[{"count":2,"href":"https:\/\/minatitlan.tecnm.mx\/index.php\/wp-json\/wp\/v2\/posts\/31462\/revisions"}],"predecessor-version":[{"id":31720,"href":"https:\/\/minatitlan.tecnm.mx\/index.php\/wp-json\/wp\/v2\/posts\/31462\/revisions\/31720"}],"wp:featuredmedia":[{"embeddable":true,"href":"https:\/\/minatitlan.tecnm.mx\/index.php\/wp-json\/wp\/v2\/media\/31457"}],"wp:attachment":[{"href":"https:\/\/minatitlan.tecnm.mx\/index.php\/wp-json\/wp\/v2\/media?parent=31462"}],"wp:term":[{"taxonomy":"category","embeddable":true,"href":"https:\/\/minatitlan.tecnm.mx\/index.php\/wp-json\/wp\/v2\/categories?post=31462"},{"taxonomy":"post_tag","embeddable":true,"href":"https:\/\/minatitlan.tecnm.mx\/index.php\/wp-json\/wp\/v2\/tags?post=31462"}],"curies":[{"name":"wp","href":"https:\/\/api.w.org\/{rel}","templated":true}]}}