{"id":31479,"date":"2023-09-11T19:33:07","date_gmt":"2023-09-12T01:33:07","guid":{"rendered":"http:\/\/minatitlan.tecnm.mx\/?p=31479"},"modified":"2023-09-11T19:38:09","modified_gmt":"2023-09-12T01:38:09","slug":"capitulo-estudiantil-iise-607-del-tecmina-celebra-su-primer-informe-de-actividades","status":"publish","type":"post","link":"https:\/\/minatitlan.tecnm.mx\/index.php\/capitulo-estudiantil-iise-607-del-tecmina-celebra-su-primer-informe-de-actividades\/","title":{"rendered":"CAP\u00cdTULO ESTUDIANTIL IISE #607 DEL TECMINA CELEBRA SU PRIMER INFORME DE ACTIVIDADES"},"content":{"rendered":"<button id=\"listenButton1\" class=\"responsivevoice-button\" type=\"button\" value=\"Play\" title=\"ResponsiveVoice Tap to Start\/Stop Speech\"><span>&#128266; Clic para Narrar Texto<\/span><\/button>\n        <script>\n            listenButton1.onclick = function(){\n                if(responsiveVoice.isPlaying()){\n                    responsiveVoice.cancel();\n                }else{\n                    responsiveVoice.speak(\"Minatitl\u00e1n, Ver. 11\/09\/2023.- El Cap\u00edtulo Estudiantil IISE #607 de Ingenier\u00eda Industrial del Tecnol\u00f3gico Nacional de M\u00e9xico Campus llev\u00f3 a cabo su primer informe de actividades, el cual cont\u00f3 con la presencia de la Jefa del Departamento de Ingenier\u00eda Industrial, la Mtra. Carolina del Carmen Orihuela V\u00e1zquez y destacadas docentes del \u00e1rea. Este evento marca un logro importante en el compromiso del Cap\u00edtulo Estudiantil IISE #607 con la comunidad acad\u00e9mica y representa un paso adelante en la promoci\u00f3n del crecimiento y desarrollo de las y los futuros ingenieros industriales del TecMina. El objetivo principal de la actividad es reflexionar y promover el trabajo del capitulado, contribuyendo as\u00ed al crecimiento y desarrollo de la comunidad estudiantil de Ingenier\u00eda Industrial en la instituci\u00f3n. El Cap\u00edtulo Estudiantil IISE #607 de Ingenier\u00eda Industrial tiene como objetivo coordinar y gestionar una variedad de actividades extracurriculares que enriquecen las habilidades de aprendizaje y fomentan el desarrollo de capacidades de liderazgo y aprendizaje continuo entre los estudiantes. La Directiva 2023-2024 del Cap\u00edtulo Estudiantil IISE #607, conformada por: Presidenta: Yamileth S\u00e1nchez Ram\u00edrez. Vicepresidente: Juan Carlos Santiago Hern\u00e1ndez. Tesorero: Alejandro P\u00e9rez Romero. Secretario: Fabrizio Aldoni Alejo P\u00e9rez. Docente asesor: Juan Carlos Barrag\u00e1n Garc\u00eda. cgbs Orgullosamente TecMina.\", \"Spanish Latin American Female\");\n                }\n            };\n        <\/script>\n    \n<p><strong><em>Minatitl\u00e1n, Ver. 11\/09\/2023.- <\/em><\/strong>El Cap\u00edtulo Estudiantil IISE #607 de Ingenier\u00eda Industrial del Tecnol\u00f3gico Nacional de M\u00e9xico Campus llev\u00f3 a cabo su primer informe de actividades, el cual cont\u00f3 con la presencia de la Jefa del Departamento de Ingenier\u00eda Industrial, la Mtra. Carolina del Carmen Orihuela V\u00e1zquez y destacadas docentes del \u00e1rea.<\/p>\n<p>Este evento marca un logro importante en el compromiso del Cap\u00edtulo Estudiantil IISE #607 con la comunidad acad\u00e9mica y representa un paso adelante en la promoci\u00f3n del crecimiento y desarrollo de las y los futuros ingenieros industriales del TecMina. El objetivo principal de la actividad es reflexionar y promover el trabajo del capitulado, contribuyendo as\u00ed al crecimiento y desarrollo de la comunidad estudiantil de Ingenier\u00eda Industrial en la instituci\u00f3n.<\/p>\n<p>El Cap\u00edtulo Estudiantil IISE #607 de Ingenier\u00eda Industrial tiene como objetivo coordinar y gestionar una variedad de actividades extracurriculares que enriquecen las habilidades de aprendizaje y fomentan el desarrollo de capacidades de liderazgo y aprendizaje continuo entre los estudiantes.<\/p>\n<p>La Directiva 2023-2024 del Cap\u00edtulo Estudiantil IISE #607, conformada por:<\/p>\n<ul>\n<li>Presidenta: Yamileth S\u00e1nchez Ram\u00edrez.<\/li>\n<li>Vicepresidente: Juan Carlos Santiago Hern\u00e1ndez.<\/li>\n<li>Tesorero: Alejandro P\u00e9rez Romero.<\/li>\n<li>Secretario: Fabrizio Aldoni Alejo P\u00e9rez.<\/li>\n<li>Docente asesor: Juan Carlos Barrag\u00e1n Garc\u00eda.<\/li>\n<\/ul>\n<p>cgbs<\/p>\n\n\n<figure class=\"wp-block-gallery has-nested-images columns-default is-cropped wp-block-gallery-1 is-layout-flex wp-block-gallery-is-layout-flex\">\n<figure class=\"wp-block-image size-large\"><img loading=\"lazy\" decoding=\"async\" width=\"1024\" height=\"768\" data-id=\"31476\" src=\"http:\/\/minatitlan.tecnm.mx\/wp-content\/uploads\/2023\/09\/11092023_ii_1-1024x768.jpeg\" alt=\"\" class=\"wp-image-31476\" srcset=\"https:\/\/minatitlan.tecnm.mx\/wp-content\/uploads\/2023\/09\/11092023_ii_1-1024x768.jpeg 1024w, https:\/\/minatitlan.tecnm.mx\/wp-content\/uploads\/2023\/09\/11092023_ii_1-300x225.jpeg 300w, https:\/\/minatitlan.tecnm.mx\/wp-content\/uploads\/2023\/09\/11092023_ii_1-768x576.jpeg 768w, https:\/\/minatitlan.tecnm.mx\/wp-content\/uploads\/2023\/09\/11092023_ii_1.jpeg 1080w\" sizes=\"auto, (max-width: 1024px) 100vw, 1024px\" \/><\/figure>\n\n\n\n<figure class=\"wp-block-image size-large\"><img loading=\"lazy\" decoding=\"async\" width=\"1024\" height=\"768\" data-id=\"31477\" src=\"http:\/\/minatitlan.tecnm.mx\/wp-content\/uploads\/2023\/09\/11092023_ii_2-1024x768.jpeg\" alt=\"\" class=\"wp-image-31477\" srcset=\"https:\/\/minatitlan.tecnm.mx\/wp-content\/uploads\/2023\/09\/11092023_ii_2-1024x768.jpeg 1024w, https:\/\/minatitlan.tecnm.mx\/wp-content\/uploads\/2023\/09\/11092023_ii_2-300x225.jpeg 300w, https:\/\/minatitlan.tecnm.mx\/wp-content\/uploads\/2023\/09\/11092023_ii_2-768x576.jpeg 768w, https:\/\/minatitlan.tecnm.mx\/wp-content\/uploads\/2023\/09\/11092023_ii_2.jpeg 1080w\" sizes=\"auto, (max-width: 1024px) 100vw, 1024px\" \/><\/figure>\n\n\n\n<figure class=\"wp-block-image size-large\"><img loading=\"lazy\" decoding=\"async\" width=\"1024\" height=\"768\" data-id=\"31478\" src=\"http:\/\/minatitlan.tecnm.mx\/wp-content\/uploads\/2023\/09\/11092023_ii_3-1024x768.jpeg\" alt=\"\" class=\"wp-image-31478\" srcset=\"https:\/\/minatitlan.tecnm.mx\/wp-content\/uploads\/2023\/09\/11092023_ii_3-1024x768.jpeg 1024w, https:\/\/minatitlan.tecnm.mx\/wp-content\/uploads\/2023\/09\/11092023_ii_3-300x225.jpeg 300w, https:\/\/minatitlan.tecnm.mx\/wp-content\/uploads\/2023\/09\/11092023_ii_3-768x576.jpeg 768w, https:\/\/minatitlan.tecnm.mx\/wp-content\/uploads\/2023\/09\/11092023_ii_3.jpeg 1080w\" sizes=\"auto, (max-width: 1024px) 100vw, 1024px\" \/><\/figure>\n<figcaption class=\"blocks-gallery-caption wp-element-caption\"><em>Orgullosamente TecMina.<\/em><\/figcaption><\/figure>\n","protected":false},"excerpt":{"rendered":"<p>Minatitl\u00e1n, Ver. 11\/09\/2023.- El Cap\u00edtulo Estudiantil IISE #607 de Ingenier\u00eda Industrial del Tecnol\u00f3gico Nacional de M\u00e9xico Campus llev\u00f3 a cabo su primer informe de actividades, el cual cont\u00f3 con la presencia de la Jefa del Departamento de Ingenier\u00eda Industrial, la Mtra. Carolina del Carmen Orihuela V\u00e1zquez y destacadas docentes del \u00e1rea. Este evento marca un [&hellip;]<\/p>\n","protected":false},"author":2,"featured_media":31475,"comment_status":"closed","ping_status":"open","sticky":false,"template":"","format":"standard","meta":{"advgb_blocks_editor_width":"","advgb_blocks_columns_visual_guide":"","footnotes":""},"categories":[12],"tags":[],"class_list":["post-31479","post","type-post","status-publish","format-standard","has-post-thumbnail","hentry","category-noticias"],"author_meta":{"display_name":"Comunicaci\u00f3n y Difusi\u00f3n","author_link":"https:\/\/minatitlan.tecnm.mx\/index.php\/author\/comunicacion-y-difusion\/"},"featured_img":"https:\/\/minatitlan.tecnm.mx\/wp-content\/uploads\/2023\/09\/11092023_ii_0-300x225.jpeg","coauthors":[],"tax_additional":{"categories":{"linked":["<a href=\"https:\/\/minatitlan.tecnm.mx\/index.php\/category\/noticias\/\" class=\"advgb-post-tax-term\">noticias<\/a>"],"unlinked":["<span class=\"advgb-post-tax-term\">noticias<\/span>"]}},"comment_count":"0","relative_dates":{"created":"Publicado 3 a\u00f1os hace","modified":"Actualizado 3 a\u00f1os hace"},"absolute_dates":{"created":"Publicado el 11 septiembre, 2023","modified":"Actualizado el 11 septiembre, 2023"},"absolute_dates_time":{"created":"Publicado el 11 septiembre, 2023 7:33 pm","modified":"Actualizado el 11 septiembre, 2023 7:38 pm"},"featured_img_caption":"","series_order":"","_links":{"self":[{"href":"https:\/\/minatitlan.tecnm.mx\/index.php\/wp-json\/wp\/v2\/posts\/31479","targetHints":{"allow":["GET"]}}],"collection":[{"href":"https:\/\/minatitlan.tecnm.mx\/index.php\/wp-json\/wp\/v2\/posts"}],"about":[{"href":"https:\/\/minatitlan.tecnm.mx\/index.php\/wp-json\/wp\/v2\/types\/post"}],"author":[{"embeddable":true,"href":"https:\/\/minatitlan.tecnm.mx\/index.php\/wp-json\/wp\/v2\/users\/2"}],"replies":[{"embeddable":true,"href":"https:\/\/minatitlan.tecnm.mx\/index.php\/wp-json\/wp\/v2\/comments?post=31479"}],"version-history":[{"count":1,"href":"https:\/\/minatitlan.tecnm.mx\/index.php\/wp-json\/wp\/v2\/posts\/31479\/revisions"}],"predecessor-version":[{"id":31480,"href":"https:\/\/minatitlan.tecnm.mx\/index.php\/wp-json\/wp\/v2\/posts\/31479\/revisions\/31480"}],"wp:featuredmedia":[{"embeddable":true,"href":"https:\/\/minatitlan.tecnm.mx\/index.php\/wp-json\/wp\/v2\/media\/31475"}],"wp:attachment":[{"href":"https:\/\/minatitlan.tecnm.mx\/index.php\/wp-json\/wp\/v2\/media?parent=31479"}],"wp:term":[{"taxonomy":"category","embeddable":true,"href":"https:\/\/minatitlan.tecnm.mx\/index.php\/wp-json\/wp\/v2\/categories?post=31479"},{"taxonomy":"post_tag","embeddable":true,"href":"https:\/\/minatitlan.tecnm.mx\/index.php\/wp-json\/wp\/v2\/tags?post=31479"}],"curies":[{"name":"wp","href":"https:\/\/api.w.org\/{rel}","templated":true}]}}