{"id":31582,"date":"2023-09-18T15:16:10","date_gmt":"2023-09-18T21:16:10","guid":{"rendered":"http:\/\/minatitlan.tecnm.mx\/?p=31582"},"modified":"2023-09-18T15:16:11","modified_gmt":"2023-09-18T21:16:11","slug":"estudiantes-del-tecmina-participan-en-clase-magistral-de-matematicas-impartida-por-el-director-general-del-tecnm","status":"publish","type":"post","link":"https:\/\/minatitlan.tecnm.mx\/index.php\/estudiantes-del-tecmina-participan-en-clase-magistral-de-matematicas-impartida-por-el-director-general-del-tecnm\/","title":{"rendered":"ESTUDIANTES DEL TECMINA PARTICIPAN EN CLASE MAGISTRAL DE MATEM\u00c1TICAS IMPARTIDA POR EL DIRECTOR GENERAL DEL TECNM"},"content":{"rendered":"<p style=\"text-align: justify;\"><button id=\"listenButton1\" class=\"responsivevoice-button\" type=\"button\" value=\"Play\" title=\"ResponsiveVoice Tap to Start\/Stop Speech\"><span>&#128266; Clic para Narrar Texto<\/span><\/button>\n        <script>\n            listenButton1.onclick = function(){\n                if(responsiveVoice.isPlaying()){\n                    responsiveVoice.cancel();\n                }else{\n                    responsiveVoice.speak(\"Minatitl\u00e1n, Ver. 18\/09\/2023.- Hoy lunes 18 de septiembre, estudiantes del Tecnol\u00f3gico Nacional de M\u00e9xico Campus Minatitl\u00e1n, tuvieron el privilegio de participar en una clase magistral de Matem\u00e1ticas: C\u00e1lculo Diferencial, impartida por el Director General del Tecnol\u00f3gico Nacional de M\u00e9xico, el Mtro. Ram\u00f3n Jim\u00e9nez L\u00f3pez. La clase magistral se llev\u00f3 a cabo en el auditorio principal de la instituci\u00f3n y reuni\u00f3 a estudiantes de diversas carreras, quienes mostraron un gran inter\u00e9s en esta disciplina fundamental para su formaci\u00f3n acad\u00e9mica y profesional. La actividad acad\u00e9mica es coordinada por la Subdirecci\u00f3n Acad\u00e9mica, a cargo del Dr. Gilberto Rodr\u00edguez Montufar, a trav\u00e9s de la Jefa del Departamento de Ciencias B\u00e1sicas, la Ing. Marlenne Guti\u00e9rrez Pola. Es importante destacar que el Director del plantel, Mtro. Sergio Fernando Garibay Armenta, apoya y fomenta estas iniciativas, mismas que brindan a los estudiantes la oportunidad de mejorar sus habilidades matem\u00e1ticas y les inspiran a alcanzar su m\u00e1ximo potencial acad\u00e9mico. Durante la sesi\u00f3n, el Mtro. Ram\u00f3n Jim\u00e9nez L\u00f3pez resalt\u00f3 la importancia de las matem\u00e1ticas en la formaci\u00f3n de las y los estudiantes, enfatizando que esta disciplina es la base de muchas \u00e1reas del conocimiento, incluyendo la ingenier\u00eda, la tecnolog\u00eda, la f\u00edsica y la econom\u00eda. Destac\u00f3 que el dominio del C\u00e1lculo Diferencial es esencial para resolver problemas complejos en estos campos y fomentar la creatividad y el pensamiento cr\u00edtico. La participaci\u00f3n activa de los estudiantes y su entusiasmo durante la clase demostraron el \u00e9xito de este evento acad\u00e9mico. El TecNM, a trav\u00e9s de este tipo de iniciativas, refuerza su compromiso con la formaci\u00f3n de profesionales altamente capacitados y conscientes de la importancia de las matem\u00e1ticas en el mundo actual. cgbs \u00a0 Orgullosamente TecMina.\", \"Spanish Latin American Female\");\n                }\n            };\n        <\/script>\n    <\/p>\n<p style=\"text-align: justify;\"><strong><em>Minatitl\u00e1n, Ver. 18\/09\/2023.- <\/em><\/strong>Hoy lunes 18 de septiembre, estudiantes del Tecnol\u00f3gico Nacional de M\u00e9xico Campus Minatitl\u00e1n, tuvieron el privilegio de participar en una clase magistral de Matem\u00e1ticas: C\u00e1lculo Diferencial, impartida por el Director General del Tecnol\u00f3gico Nacional de M\u00e9xico, el Mtro. Ram\u00f3n Jim\u00e9nez L\u00f3pez.<\/p>\n<p style=\"text-align: justify;\">La clase magistral se llev\u00f3 a cabo en el auditorio principal de la instituci\u00f3n y reuni\u00f3 a estudiantes de diversas carreras, quienes mostraron un gran inter\u00e9s en esta disciplina fundamental para su formaci\u00f3n acad\u00e9mica y profesional.<\/p>\n<p style=\"text-align: justify;\">La actividad acad\u00e9mica es coordinada por la Subdirecci\u00f3n Acad\u00e9mica, a cargo del Dr. Gilberto Rodr\u00edguez Montufar, a trav\u00e9s de la Jefa del Departamento de Ciencias B\u00e1sicas, la Ing. Marlenne Guti\u00e9rrez Pola. Es importante destacar que el Director del plantel, Mtro. Sergio Fernando Garibay Armenta, apoya y fomenta estas iniciativas, mismas que brindan a los estudiantes la oportunidad de mejorar sus habilidades matem\u00e1ticas y les inspiran a alcanzar su m\u00e1ximo potencial acad\u00e9mico.<\/p>\n<p style=\"text-align: justify;\">Durante la sesi\u00f3n, el Mtro. Ram\u00f3n Jim\u00e9nez L\u00f3pez resalt\u00f3 la importancia de las matem\u00e1ticas en la formaci\u00f3n de las y los estudiantes, enfatizando que esta disciplina es la base de muchas \u00e1reas del conocimiento, incluyendo la ingenier\u00eda, la tecnolog\u00eda, la f\u00edsica y la econom\u00eda. Destac\u00f3 que el dominio del C\u00e1lculo Diferencial es esencial para resolver problemas complejos en estos campos y fomentar la creatividad y el pensamiento cr\u00edtico.<\/p>\n<p style=\"text-align: justify;\">La participaci\u00f3n activa de los estudiantes y su entusiasmo durante la clase demostraron el \u00e9xito de este evento acad\u00e9mico. El TecNM, a trav\u00e9s de este tipo de iniciativas, refuerza su compromiso con la formaci\u00f3n de profesionales altamente capacitados y conscientes de la importancia de las matem\u00e1ticas en el mundo actual.<\/p>\n<p>cgbs<\/p>\n<p style=\"text-align: justify;\">\u00a0<\/p>\n\n\n<figure class=\"wp-block-gallery has-nested-images columns-4 is-cropped wp-block-gallery-1 is-layout-flex wp-block-gallery-is-layout-flex\">\n<figure class=\"wp-block-image size-large\"><img loading=\"lazy\" decoding=\"async\" width=\"1024\" height=\"768\" data-id=\"31574\" src=\"http:\/\/minatitlan.tecnm.mx\/wp-content\/uploads\/2023\/09\/18092023_CALSE_MATE2-1024x768.jpeg\" alt=\"\" class=\"wp-image-31574\" srcset=\"https:\/\/minatitlan.tecnm.mx\/wp-content\/uploads\/2023\/09\/18092023_CALSE_MATE2-1024x768.jpeg 1024w, https:\/\/minatitlan.tecnm.mx\/wp-content\/uploads\/2023\/09\/18092023_CALSE_MATE2-300x225.jpeg 300w, https:\/\/minatitlan.tecnm.mx\/wp-content\/uploads\/2023\/09\/18092023_CALSE_MATE2-768x576.jpeg 768w, https:\/\/minatitlan.tecnm.mx\/wp-content\/uploads\/2023\/09\/18092023_CALSE_MATE2.jpeg 1080w\" sizes=\"auto, (max-width: 1024px) 100vw, 1024px\" \/><\/figure>\n\n\n\n<figure class=\"wp-block-image size-large\"><img loading=\"lazy\" decoding=\"async\" width=\"1024\" height=\"768\" data-id=\"31575\" src=\"http:\/\/minatitlan.tecnm.mx\/wp-content\/uploads\/2023\/09\/18092023_CALSE_MATE3-1024x768.jpeg\" alt=\"\" class=\"wp-image-31575\" srcset=\"https:\/\/minatitlan.tecnm.mx\/wp-content\/uploads\/2023\/09\/18092023_CALSE_MATE3-1024x768.jpeg 1024w, https:\/\/minatitlan.tecnm.mx\/wp-content\/uploads\/2023\/09\/18092023_CALSE_MATE3-300x225.jpeg 300w, https:\/\/minatitlan.tecnm.mx\/wp-content\/uploads\/2023\/09\/18092023_CALSE_MATE3-768x576.jpeg 768w, https:\/\/minatitlan.tecnm.mx\/wp-content\/uploads\/2023\/09\/18092023_CALSE_MATE3.jpeg 1080w\" sizes=\"auto, (max-width: 1024px) 100vw, 1024px\" \/><\/figure>\n\n\n\n<figure class=\"wp-block-image size-large\"><img loading=\"lazy\" decoding=\"async\" width=\"1024\" height=\"768\" data-id=\"31576\" src=\"http:\/\/minatitlan.tecnm.mx\/wp-content\/uploads\/2023\/09\/18092023_CALSE_MATE4-1024x768.jpeg\" alt=\"\" class=\"wp-image-31576\" srcset=\"https:\/\/minatitlan.tecnm.mx\/wp-content\/uploads\/2023\/09\/18092023_CALSE_MATE4-1024x768.jpeg 1024w, https:\/\/minatitlan.tecnm.mx\/wp-content\/uploads\/2023\/09\/18092023_CALSE_MATE4-300x225.jpeg 300w, https:\/\/minatitlan.tecnm.mx\/wp-content\/uploads\/2023\/09\/18092023_CALSE_MATE4-768x576.jpeg 768w, https:\/\/minatitlan.tecnm.mx\/wp-content\/uploads\/2023\/09\/18092023_CALSE_MATE4.jpeg 1080w\" sizes=\"auto, (max-width: 1024px) 100vw, 1024px\" \/><\/figure>\n\n\n\n<figure class=\"wp-block-image size-large\"><img loading=\"lazy\" decoding=\"async\" width=\"1024\" height=\"768\" data-id=\"31577\" src=\"http:\/\/minatitlan.tecnm.mx\/wp-content\/uploads\/2023\/09\/18092023_CALSE_MATE5-1024x768.jpeg\" alt=\"\" class=\"wp-image-31577\" srcset=\"https:\/\/minatitlan.tecnm.mx\/wp-content\/uploads\/2023\/09\/18092023_CALSE_MATE5-1024x768.jpeg 1024w, https:\/\/minatitlan.tecnm.mx\/wp-content\/uploads\/2023\/09\/18092023_CALSE_MATE5-300x225.jpeg 300w, https:\/\/minatitlan.tecnm.mx\/wp-content\/uploads\/2023\/09\/18092023_CALSE_MATE5-768x576.jpeg 768w, https:\/\/minatitlan.tecnm.mx\/wp-content\/uploads\/2023\/09\/18092023_CALSE_MATE5.jpeg 1080w\" sizes=\"auto, (max-width: 1024px) 100vw, 1024px\" \/><\/figure>\n\n\n\n<figure class=\"wp-block-image size-large\"><img loading=\"lazy\" decoding=\"async\" width=\"1024\" height=\"768\" data-id=\"31578\" src=\"http:\/\/minatitlan.tecnm.mx\/wp-content\/uploads\/2023\/09\/18092023_CALSE_MATE6-1024x768.jpeg\" alt=\"\" class=\"wp-image-31578\" srcset=\"https:\/\/minatitlan.tecnm.mx\/wp-content\/uploads\/2023\/09\/18092023_CALSE_MATE6-1024x768.jpeg 1024w, https:\/\/minatitlan.tecnm.mx\/wp-content\/uploads\/2023\/09\/18092023_CALSE_MATE6-300x225.jpeg 300w, https:\/\/minatitlan.tecnm.mx\/wp-content\/uploads\/2023\/09\/18092023_CALSE_MATE6-768x576.jpeg 768w, https:\/\/minatitlan.tecnm.mx\/wp-content\/uploads\/2023\/09\/18092023_CALSE_MATE6.jpeg 1080w\" sizes=\"auto, (max-width: 1024px) 100vw, 1024px\" \/><\/figure>\n\n\n\n<figure class=\"wp-block-image size-large\"><img loading=\"lazy\" decoding=\"async\" width=\"1024\" height=\"768\" data-id=\"31579\" src=\"http:\/\/minatitlan.tecnm.mx\/wp-content\/uploads\/2023\/09\/18092023_CALSE_MATE7-1024x768.jpeg\" alt=\"\" class=\"wp-image-31579\" srcset=\"https:\/\/minatitlan.tecnm.mx\/wp-content\/uploads\/2023\/09\/18092023_CALSE_MATE7-1024x768.jpeg 1024w, https:\/\/minatitlan.tecnm.mx\/wp-content\/uploads\/2023\/09\/18092023_CALSE_MATE7-300x225.jpeg 300w, https:\/\/minatitlan.tecnm.mx\/wp-content\/uploads\/2023\/09\/18092023_CALSE_MATE7-768x576.jpeg 768w, https:\/\/minatitlan.tecnm.mx\/wp-content\/uploads\/2023\/09\/18092023_CALSE_MATE7.jpeg 1080w\" sizes=\"auto, (max-width: 1024px) 100vw, 1024px\" \/><\/figure>\n\n\n\n<figure class=\"wp-block-image size-large\"><img loading=\"lazy\" decoding=\"async\" width=\"1024\" height=\"768\" data-id=\"31580\" src=\"http:\/\/minatitlan.tecnm.mx\/wp-content\/uploads\/2023\/09\/18092023_CALSE_MATE8-1024x768.jpeg\" alt=\"\" class=\"wp-image-31580\" srcset=\"https:\/\/minatitlan.tecnm.mx\/wp-content\/uploads\/2023\/09\/18092023_CALSE_MATE8-1024x768.jpeg 1024w, https:\/\/minatitlan.tecnm.mx\/wp-content\/uploads\/2023\/09\/18092023_CALSE_MATE8-300x225.jpeg 300w, https:\/\/minatitlan.tecnm.mx\/wp-content\/uploads\/2023\/09\/18092023_CALSE_MATE8-768x576.jpeg 768w, https:\/\/minatitlan.tecnm.mx\/wp-content\/uploads\/2023\/09\/18092023_CALSE_MATE8.jpeg 1080w\" sizes=\"auto, (max-width: 1024px) 100vw, 1024px\" \/><\/figure>\n\n\n\n<figure class=\"wp-block-image size-large\"><img loading=\"lazy\" decoding=\"async\" width=\"1024\" height=\"768\" data-id=\"31581\" src=\"http:\/\/minatitlan.tecnm.mx\/wp-content\/uploads\/2023\/09\/18092023_CALSE_MATE9-1024x768.jpeg\" alt=\"\" class=\"wp-image-31581\" srcset=\"https:\/\/minatitlan.tecnm.mx\/wp-content\/uploads\/2023\/09\/18092023_CALSE_MATE9-1024x768.jpeg 1024w, https:\/\/minatitlan.tecnm.mx\/wp-content\/uploads\/2023\/09\/18092023_CALSE_MATE9-300x225.jpeg 300w, https:\/\/minatitlan.tecnm.mx\/wp-content\/uploads\/2023\/09\/18092023_CALSE_MATE9-768x576.jpeg 768w, https:\/\/minatitlan.tecnm.mx\/wp-content\/uploads\/2023\/09\/18092023_CALSE_MATE9.jpeg 1080w\" sizes=\"auto, (max-width: 1024px) 100vw, 1024px\" \/><\/figure>\n<figcaption class=\"blocks-gallery-caption wp-element-caption\"><em>Orgullosamente TecMina.<\/em><\/figcaption><\/figure>\n","protected":false},"excerpt":{"rendered":"<p>Minatitl\u00e1n, Ver. 18\/09\/2023.- Hoy lunes 18 de septiembre, estudiantes del Tecnol\u00f3gico Nacional de M\u00e9xico Campus Minatitl\u00e1n, tuvieron el privilegio de participar en una clase magistral de Matem\u00e1ticas: C\u00e1lculo Diferencial, impartida por el Director General del Tecnol\u00f3gico Nacional de M\u00e9xico, el Mtro. Ram\u00f3n Jim\u00e9nez L\u00f3pez. La clase magistral se llev\u00f3 a cabo en el auditorio principal [&hellip;]<\/p>\n","protected":false},"author":2,"featured_media":31573,"comment_status":"closed","ping_status":"open","sticky":false,"template":"","format":"standard","meta":{"advgb_blocks_editor_width":"","advgb_blocks_columns_visual_guide":"","footnotes":""},"categories":[12],"tags":[],"class_list":["post-31582","post","type-post","status-publish","format-standard","has-post-thumbnail","hentry","category-noticias"],"author_meta":{"display_name":"Comunicaci\u00f3n y Difusi\u00f3n","author_link":"https:\/\/minatitlan.tecnm.mx\/index.php\/author\/comunicacion-y-difusion\/"},"featured_img":"https:\/\/minatitlan.tecnm.mx\/wp-content\/uploads\/2023\/09\/18092023_CALSE_MATE1-300x225.jpeg","coauthors":[],"tax_additional":{"categories":{"linked":["<a href=\"https:\/\/minatitlan.tecnm.mx\/index.php\/category\/noticias\/\" class=\"advgb-post-tax-term\">noticias<\/a>"],"unlinked":["<span class=\"advgb-post-tax-term\">noticias<\/span>"]}},"comment_count":"0","relative_dates":{"created":"Publicado 3 a\u00f1os hace","modified":"Actualizado 3 a\u00f1os hace"},"absolute_dates":{"created":"Publicado el 18 septiembre, 2023","modified":"Actualizado el 18 septiembre, 2023"},"absolute_dates_time":{"created":"Publicado el 18 septiembre, 2023 3:16 pm","modified":"Actualizado el 18 septiembre, 2023 3:16 pm"},"featured_img_caption":"","series_order":"","_links":{"self":[{"href":"https:\/\/minatitlan.tecnm.mx\/index.php\/wp-json\/wp\/v2\/posts\/31582","targetHints":{"allow":["GET"]}}],"collection":[{"href":"https:\/\/minatitlan.tecnm.mx\/index.php\/wp-json\/wp\/v2\/posts"}],"about":[{"href":"https:\/\/minatitlan.tecnm.mx\/index.php\/wp-json\/wp\/v2\/types\/post"}],"author":[{"embeddable":true,"href":"https:\/\/minatitlan.tecnm.mx\/index.php\/wp-json\/wp\/v2\/users\/2"}],"replies":[{"embeddable":true,"href":"https:\/\/minatitlan.tecnm.mx\/index.php\/wp-json\/wp\/v2\/comments?post=31582"}],"version-history":[{"count":1,"href":"https:\/\/minatitlan.tecnm.mx\/index.php\/wp-json\/wp\/v2\/posts\/31582\/revisions"}],"predecessor-version":[{"id":31583,"href":"https:\/\/minatitlan.tecnm.mx\/index.php\/wp-json\/wp\/v2\/posts\/31582\/revisions\/31583"}],"wp:featuredmedia":[{"embeddable":true,"href":"https:\/\/minatitlan.tecnm.mx\/index.php\/wp-json\/wp\/v2\/media\/31573"}],"wp:attachment":[{"href":"https:\/\/minatitlan.tecnm.mx\/index.php\/wp-json\/wp\/v2\/media?parent=31582"}],"wp:term":[{"taxonomy":"category","embeddable":true,"href":"https:\/\/minatitlan.tecnm.mx\/index.php\/wp-json\/wp\/v2\/categories?post=31582"},{"taxonomy":"post_tag","embeddable":true,"href":"https:\/\/minatitlan.tecnm.mx\/index.php\/wp-json\/wp\/v2\/tags?post=31582"}],"curies":[{"name":"wp","href":"https:\/\/api.w.org\/{rel}","templated":true}]}}