{"id":31790,"date":"2023-09-24T23:51:14","date_gmt":"2023-09-25T05:51:14","guid":{"rendered":"http:\/\/minatitlan.tecnm.mx\/?p=31790"},"modified":"2023-09-24T23:51:14","modified_gmt":"2023-09-25T05:51:14","slug":"reunion-del-comite-de-egresados-del-tecmina","status":"publish","type":"post","link":"https:\/\/minatitlan.tecnm.mx\/index.php\/reunion-del-comite-de-egresados-del-tecmina\/","title":{"rendered":"REUNI\u00d3N DEL COMIT\u00c9 DE EGRESADOS DEL TECMINA"},"content":{"rendered":"<p style=\"text-align: justify;\"><button id=\"listenButton1\" class=\"responsivevoice-button\" type=\"button\" value=\"Play\" title=\"ResponsiveVoice Tap to Start\/Stop Speech\"><span>&#128266; Clic para Narrar Texto<\/span><\/button>\n        <script>\n            listenButton1.onclick = function(){\n                if(responsiveVoice.isPlaying()){\n                    responsiveVoice.cancel();\n                }else{\n                    responsiveVoice.speak(\"Minatitl\u00e1n, Ver. 22\/09\/2023.- El d\u00eda 22 de septiembre del a\u00f1o en curso, se llev\u00f3 a cabo la reuni\u00f3n del Comit\u00e9 de Egresados del Tecnol\u00f3gico Nacional de M\u00e9xico Campus Minatitl\u00e1n. La reuni\u00f3n fue presidida por el Subdirector de Planeaci\u00f3n y Vinculaci\u00f3n, el Ing. Rafael D\u00edaz Rojas, y cont\u00f3 con la participaci\u00f3n activa de docentes representantes de cada una de las diversas carreras que conforman la oferta educativa de nuestra instituci\u00f3n. El objetivo central de esta reuni\u00f3n fue destacar la importancia de fomentar y fortalecer los v\u00ednculos con nuestras y nuestros egresados. Los egresados son un activo invaluable para el Tecnol\u00f3gico Nacional de M\u00e9xico Campus Minatitl\u00e1n, y su participaci\u00f3n activa en la vida institucional es esencial por varias razones: Retroalimentaci\u00f3n y mejora continua: Los egresados son testigos directos de la calidad de la educaci\u00f3n que brindamos. Su retroalimentaci\u00f3n nos permite identificar \u00e1reas de mejora y adaptar nuestros programas acad\u00e9micos para satisfacer las demandas cambiantes del mercado laboral. Networking y oportunidades laborales: Mantener una estrecha relaci\u00f3n con nuestros egresados abre puertas a oportunidades laborales para nuestros estudiantes y reci\u00e9n graduados. Los egresados exitosos a menudo est\u00e1n dispuestos a ofrecer pasant\u00edas, mentor\u00edas y oportunidades de empleo. Promoci\u00f3n y reputaci\u00f3n: Los logros y \u00e9xitos de nuestros egresados son un reflejo directo de la calidad de la educaci\u00f3n que brindamos. Sus historias de \u00e9xito contribuyen al prestigio y al posicionamiento de nuestro plantel, atrayendo a futuros estudiantes y estableciendo una reputaci\u00f3n s\u00f3lida en el \u00e1mbito educativo y empresarial. Colaboraci\u00f3n en proyectos y desarrollo institucional: Los egresados pueden colaborar en proyectos de investigaci\u00f3n, desarrollo tecnol\u00f3gico e innovaci\u00f3n. Su experiencia y conocimiento pueden enriquecer nuestras actividades acad\u00e9micas y de investigaci\u00f3n. Fomentar los v\u00ednculos con nuestros egresados es uno de los objetivos esenciales de nuestro Director, el Mtro. Sergio Fernando Garibay Armenta, para fortalecer el posicionamiento del TecNM Campus Minatitl\u00e1n. Estos lazos no solo benefician a nuestros egresados en t\u00e9rminos de desarrollo profesional y personal, sino que tambi\u00e9n contribuyen significativamente a nuestra misi\u00f3n de ofrecer una educaci\u00f3n de calidad y formar profesionales altamente capacitados y comprometidos con la sociedad. cgbs Orgullosamente TecMina.\", \"Spanish Latin American Female\");\n                }\n            };\n        <\/script>\n    <\/p>\n<p style=\"text-align: justify;\"><strong><em>Minatitl\u00e1n, Ver. 22\/09\/2023.- <\/em><\/strong>El d\u00eda 22 de septiembre del a\u00f1o en curso, se llev\u00f3 a cabo la reuni\u00f3n del Comit\u00e9 de Egresados del Tecnol\u00f3gico Nacional de M\u00e9xico Campus Minatitl\u00e1n. La reuni\u00f3n fue presidida por el Subdirector de Planeaci\u00f3n y Vinculaci\u00f3n, el Ing. Rafael D\u00edaz Rojas, y cont\u00f3 con la participaci\u00f3n activa de docentes representantes de cada una de las diversas carreras que conforman la oferta educativa de nuestra instituci\u00f3n.<\/p>\n<p style=\"text-align: justify;\">El objetivo central de esta reuni\u00f3n fue destacar la importancia de fomentar y fortalecer los v\u00ednculos con nuestras y nuestros egresados. Los egresados son un activo invaluable para el Tecnol\u00f3gico Nacional de M\u00e9xico Campus Minatitl\u00e1n, y su participaci\u00f3n activa en la vida institucional es esencial por varias razones:<\/p>\n<ol style=\"text-align: justify;\">\n<li>Retroalimentaci\u00f3n y mejora continua: Los egresados son testigos directos de la calidad de la educaci\u00f3n que brindamos. Su retroalimentaci\u00f3n nos permite identificar \u00e1reas de mejora y adaptar nuestros programas acad\u00e9micos para satisfacer las demandas cambiantes del mercado laboral.<\/li>\n<li>Networking y oportunidades laborales: Mantener una estrecha relaci\u00f3n con nuestros egresados abre puertas a oportunidades laborales para nuestros estudiantes y reci\u00e9n graduados. Los egresados exitosos a menudo est\u00e1n dispuestos a ofrecer pasant\u00edas, mentor\u00edas y oportunidades de empleo.<\/li>\n<li>Promoci\u00f3n y reputaci\u00f3n: Los logros y \u00e9xitos de nuestros egresados son un reflejo directo de la calidad de la educaci\u00f3n que brindamos. Sus historias de \u00e9xito contribuyen al prestigio y al posicionamiento de nuestro plantel, atrayendo a futuros estudiantes y estableciendo una reputaci\u00f3n s\u00f3lida en el \u00e1mbito educativo y empresarial.<\/li>\n<li>Colaboraci\u00f3n en proyectos y desarrollo institucional: Los egresados pueden colaborar en proyectos de investigaci\u00f3n, desarrollo tecnol\u00f3gico e innovaci\u00f3n. Su experiencia y conocimiento pueden enriquecer nuestras actividades acad\u00e9micas y de investigaci\u00f3n.<\/li>\n<\/ol>\n<p style=\"text-align: justify;\">Fomentar los v\u00ednculos con nuestros egresados es uno de los objetivos esenciales de nuestro Director, el Mtro. Sergio Fernando Garibay Armenta, para fortalecer el posicionamiento del TecNM Campus Minatitl\u00e1n. Estos lazos no solo benefician a nuestros egresados en t\u00e9rminos de desarrollo profesional y personal, sino que tambi\u00e9n contribuyen significativamente a nuestra misi\u00f3n de ofrecer una educaci\u00f3n de calidad y formar profesionales altamente capacitados y comprometidos con la sociedad.<\/p>\n<p>cgbs<\/p>\n\n\n<figure class=\"wp-block-gallery has-nested-images columns-default is-cropped wp-block-gallery-1 is-layout-flex wp-block-gallery-is-layout-flex\">\n<figure class=\"wp-block-image size-large\"><img loading=\"lazy\" decoding=\"async\" width=\"1024\" height=\"768\" data-id=\"31788\" src=\"http:\/\/minatitlan.tecnm.mx\/wp-content\/uploads\/2023\/09\/24092023_notas_pendientes2-1024x768.jpeg\" alt=\"\" class=\"wp-image-31788\" srcset=\"https:\/\/minatitlan.tecnm.mx\/wp-content\/uploads\/2023\/09\/24092023_notas_pendientes2-1024x768.jpeg 1024w, https:\/\/minatitlan.tecnm.mx\/wp-content\/uploads\/2023\/09\/24092023_notas_pendientes2-300x225.jpeg 300w, https:\/\/minatitlan.tecnm.mx\/wp-content\/uploads\/2023\/09\/24092023_notas_pendientes2-768x576.jpeg 768w, https:\/\/minatitlan.tecnm.mx\/wp-content\/uploads\/2023\/09\/24092023_notas_pendientes2.jpeg 1080w\" sizes=\"auto, (max-width: 1024px) 100vw, 1024px\" \/><\/figure>\n<figcaption class=\"blocks-gallery-caption wp-element-caption\"><em>Orgullosamente TecMina.<\/em><\/figcaption><\/figure>\n","protected":false},"excerpt":{"rendered":"<p>Minatitl\u00e1n, Ver. 22\/09\/2023.- El d\u00eda 22 de septiembre del a\u00f1o en curso, se llev\u00f3 a cabo la reuni\u00f3n del Comit\u00e9 de Egresados del Tecnol\u00f3gico Nacional de M\u00e9xico Campus Minatitl\u00e1n. La reuni\u00f3n fue presidida por el Subdirector de Planeaci\u00f3n y Vinculaci\u00f3n, el Ing. Rafael D\u00edaz Rojas, y cont\u00f3 con la participaci\u00f3n activa de docentes representantes de [&hellip;]<\/p>\n","protected":false},"author":2,"featured_media":31789,"comment_status":"closed","ping_status":"open","sticky":false,"template":"","format":"standard","meta":{"advgb_blocks_editor_width":"","advgb_blocks_columns_visual_guide":"","footnotes":""},"categories":[12],"tags":[],"class_list":["post-31790","post","type-post","status-publish","format-standard","has-post-thumbnail","hentry","category-noticias"],"author_meta":{"display_name":"Comunicaci\u00f3n y Difusi\u00f3n","author_link":"https:\/\/minatitlan.tecnm.mx\/index.php\/author\/comunicacion-y-difusion\/"},"featured_img":"https:\/\/minatitlan.tecnm.mx\/wp-content\/uploads\/2023\/09\/24092023_notas_pendientes3-300x168.jpg","coauthors":[],"tax_additional":{"categories":{"linked":["<a href=\"https:\/\/minatitlan.tecnm.mx\/index.php\/category\/noticias\/\" class=\"advgb-post-tax-term\">noticias<\/a>"],"unlinked":["<span class=\"advgb-post-tax-term\">noticias<\/span>"]}},"comment_count":"0","relative_dates":{"created":"Publicado 3 a\u00f1os hace","modified":"Actualizado 3 a\u00f1os hace"},"absolute_dates":{"created":"Publicado el 24 septiembre, 2023","modified":"Actualizado el 24 septiembre, 2023"},"absolute_dates_time":{"created":"Publicado el 24 septiembre, 2023 11:51 pm","modified":"Actualizado el 24 septiembre, 2023 11:51 pm"},"featured_img_caption":"","series_order":"","_links":{"self":[{"href":"https:\/\/minatitlan.tecnm.mx\/index.php\/wp-json\/wp\/v2\/posts\/31790","targetHints":{"allow":["GET"]}}],"collection":[{"href":"https:\/\/minatitlan.tecnm.mx\/index.php\/wp-json\/wp\/v2\/posts"}],"about":[{"href":"https:\/\/minatitlan.tecnm.mx\/index.php\/wp-json\/wp\/v2\/types\/post"}],"author":[{"embeddable":true,"href":"https:\/\/minatitlan.tecnm.mx\/index.php\/wp-json\/wp\/v2\/users\/2"}],"replies":[{"embeddable":true,"href":"https:\/\/minatitlan.tecnm.mx\/index.php\/wp-json\/wp\/v2\/comments?post=31790"}],"version-history":[{"count":1,"href":"https:\/\/minatitlan.tecnm.mx\/index.php\/wp-json\/wp\/v2\/posts\/31790\/revisions"}],"predecessor-version":[{"id":31791,"href":"https:\/\/minatitlan.tecnm.mx\/index.php\/wp-json\/wp\/v2\/posts\/31790\/revisions\/31791"}],"wp:featuredmedia":[{"embeddable":true,"href":"https:\/\/minatitlan.tecnm.mx\/index.php\/wp-json\/wp\/v2\/media\/31789"}],"wp:attachment":[{"href":"https:\/\/minatitlan.tecnm.mx\/index.php\/wp-json\/wp\/v2\/media?parent=31790"}],"wp:term":[{"taxonomy":"category","embeddable":true,"href":"https:\/\/minatitlan.tecnm.mx\/index.php\/wp-json\/wp\/v2\/categories?post=31790"},{"taxonomy":"post_tag","embeddable":true,"href":"https:\/\/minatitlan.tecnm.mx\/index.php\/wp-json\/wp\/v2\/tags?post=31790"}],"curies":[{"name":"wp","href":"https:\/\/api.w.org\/{rel}","templated":true}]}}