{"id":31819,"date":"2023-09-25T19:48:09","date_gmt":"2023-09-26T01:48:09","guid":{"rendered":"http:\/\/minatitlan.tecnm.mx\/?p=31819"},"modified":"2023-09-25T19:48:10","modified_gmt":"2023-09-26T01:48:10","slug":"arranca-capacitacion-para-el-programa-alfabetizatec-del-tecmina","status":"publish","type":"post","link":"https:\/\/minatitlan.tecnm.mx\/index.php\/arranca-capacitacion-para-el-programa-alfabetizatec-del-tecmina\/","title":{"rendered":"ARRANCA CAPACITACI\u00d3N PARA EL PROGRAMA ALFABETIZATEC DEL TECMINA"},"content":{"rendered":"<p style=\"text-align: justify;\"><button id=\"listenButton1\" class=\"responsivevoice-button\" type=\"button\" value=\"Play\" title=\"ResponsiveVoice Tap to Start\/Stop Speech\"><span>&#128266; Clic para Narrar Texto<\/span><\/button>\n        <script>\n            listenButton1.onclick = function(){\n                if(responsiveVoice.isPlaying()){\n                    responsiveVoice.cancel();\n                }else{\n                    responsiveVoice.speak(\"Minatitl\u00e1n, Ver. 25\/09\/2023.- El d\u00eda de hoy, lunes 25 de septiembre del a\u00f1o en curso, el Tecnol\u00f3gico Nacional de M\u00e9xico Campus Minatitl\u00e1n tuvo el honor de recibir al personal del Instituto Veracruzano de Educaci\u00f3n para Adultos (IVEA) para llevar a cabo una importante capacitaci\u00f3n de sensibilizaci\u00f3n dirigida a las y los estudiantes que participar\u00e1n en el programa de alfabetizaci\u00f3n. Cabe destacar que estas actividades forman parte de las principales iniciativas nacionales del Tecnol\u00f3gico Nacional de M\u00e9xico, impulsadas con entusiasmo por nuestro Director General, el Mtro. Ram\u00f3n Jim\u00e9nez L\u00f3pez. Estas iniciativas reflejan la visi\u00f3n de nuestro l\u00edder institucional de formar ciudadanos conscientes de su rol en la sociedad y dispuestos a trabajar por un M\u00e9xico m\u00e1s justo y equitativo. La alfabetizaci\u00f3n es una piedra angular en la construcci\u00f3n de una sociedad m\u00e1s inclusiva y equitativa. Este programa no solo representa una oportunidad para brindar a aquellas personas que no han tenido acceso a la educaci\u00f3n formal la posibilidad de aprender a leer y escribir, sino que tambi\u00e9n es un acto de solidaridad y compromiso social. El Tecnol\u00f3gico Nacional de M\u00e9xico Campus Minatitl\u00e1n, en su compromiso con la transformaci\u00f3n de nuestro pa\u00eds, se enorgullece de ser parte activa de esta noble causa. A trav\u00e9s de este programa de alfabetizaci\u00f3n \u201cAlfabetizaTec\u201d, nuestros estudiantes demuestran su vocaci\u00f3n de servicio y contribuyen directamente a mejorar la calidad de vida de personas en nuestra comunidad que han enfrentado barreras educativas. Las actividades que realiza nuestra casa de estudios en colaboraci\u00f3n con el IVEA son un ejemplo de c\u00f3mo la educaci\u00f3n va m\u00e1s all\u00e1 de las aulas y los ex\u00e1menes. Estamos convencidos de que la verdadera transformaci\u00f3n de M\u00e9xico se logra a trav\u00e9s del conocimiento, la empat\u00eda y la acci\u00f3n concreta. Este programa de alfabetizaci\u00f3n representa una oportunidad invaluable para las y los estudiantes de nuestro Tecnol\u00f3gico de aprender y ense\u00f1ar, de empoderar a quienes han sido excluidos del proceso educativo y de ser agentes activos en la construcci\u00f3n de un M\u00e9xico m\u00e1s justo y equitativo. cgbs Orgullosamente TecMina.\", \"Spanish Latin American Female\");\n                }\n            };\n        <\/script>\n    <\/p>\n<p style=\"text-align: justify;\"><strong><em>Minatitl\u00e1n, Ver. 25\/09\/2023.- <\/em><\/strong>El d\u00eda de hoy, lunes 25 de septiembre del a\u00f1o en curso, el Tecnol\u00f3gico Nacional de M\u00e9xico Campus Minatitl\u00e1n tuvo el honor de recibir al personal del Instituto Veracruzano de Educaci\u00f3n para Adultos (IVEA) para llevar a cabo una importante capacitaci\u00f3n de sensibilizaci\u00f3n dirigida a las y los estudiantes que participar\u00e1n en el programa de alfabetizaci\u00f3n.<\/p>\n<p style=\"text-align: justify;\">Cabe destacar que estas actividades forman parte de las principales iniciativas nacionales del Tecnol\u00f3gico Nacional de M\u00e9xico, impulsadas con entusiasmo por nuestro Director General, el Mtro. Ram\u00f3n Jim\u00e9nez L\u00f3pez. Estas iniciativas reflejan la visi\u00f3n de nuestro l\u00edder institucional de formar ciudadanos conscientes de su rol en la sociedad y dispuestos a trabajar por un M\u00e9xico m\u00e1s justo y equitativo.<\/p>\n<p style=\"text-align: justify;\">La alfabetizaci\u00f3n es una piedra angular en la construcci\u00f3n de una sociedad m\u00e1s inclusiva y equitativa. Este programa no solo representa una oportunidad para brindar a aquellas personas que no han tenido acceso a la educaci\u00f3n formal la posibilidad de aprender a leer y escribir, sino que tambi\u00e9n es un acto de solidaridad y compromiso social.<\/p>\n<p style=\"text-align: justify;\">El Tecnol\u00f3gico Nacional de M\u00e9xico Campus Minatitl\u00e1n, en su compromiso con la transformaci\u00f3n de nuestro pa\u00eds, se enorgullece de ser parte activa de esta noble causa. A trav\u00e9s de este programa de alfabetizaci\u00f3n \u201cAlfabetizaTec\u201d, nuestros estudiantes demuestran su vocaci\u00f3n de servicio y contribuyen directamente a mejorar la calidad de vida de personas en nuestra comunidad que han enfrentado barreras educativas.<\/p>\n<p style=\"text-align: justify;\">Las actividades que realiza nuestra casa de estudios en colaboraci\u00f3n con el IVEA son un ejemplo de c\u00f3mo la educaci\u00f3n va m\u00e1s all\u00e1 de las aulas y los ex\u00e1menes. Estamos convencidos de que la verdadera transformaci\u00f3n de M\u00e9xico se logra a trav\u00e9s del conocimiento, la empat\u00eda y la acci\u00f3n concreta.<\/p>\n<p style=\"text-align: justify;\">Este programa de alfabetizaci\u00f3n representa una oportunidad invaluable para las y los estudiantes de nuestro Tecnol\u00f3gico de aprender y ense\u00f1ar, de empoderar a quienes han sido excluidos del proceso educativo y de ser agentes activos en la construcci\u00f3n de un M\u00e9xico m\u00e1s justo y equitativo.<\/p>\n<p style=\"text-align: justify;\">cgbs<\/p>\n\n\n<figure class=\"wp-block-gallery has-nested-images columns-default is-cropped wp-block-gallery-1 is-layout-flex wp-block-gallery-is-layout-flex\">\n<figure class=\"wp-block-image size-large\"><img loading=\"lazy\" decoding=\"async\" width=\"1024\" height=\"768\" data-id=\"31818\" src=\"http:\/\/minatitlan.tecnm.mx\/wp-content\/uploads\/2023\/09\/25092023_ALFABETIZATEC2-1024x768.jpeg\" alt=\"\" class=\"wp-image-31818\" srcset=\"https:\/\/minatitlan.tecnm.mx\/wp-content\/uploads\/2023\/09\/25092023_ALFABETIZATEC2-1024x768.jpeg 1024w, https:\/\/minatitlan.tecnm.mx\/wp-content\/uploads\/2023\/09\/25092023_ALFABETIZATEC2-300x225.jpeg 300w, https:\/\/minatitlan.tecnm.mx\/wp-content\/uploads\/2023\/09\/25092023_ALFABETIZATEC2-768x576.jpeg 768w, https:\/\/minatitlan.tecnm.mx\/wp-content\/uploads\/2023\/09\/25092023_ALFABETIZATEC2.jpeg 1080w\" sizes=\"auto, (max-width: 1024px) 100vw, 1024px\" \/><\/figure>\n<figcaption class=\"blocks-gallery-caption wp-element-caption\"><em>Orgullosamente TecMina.<\/em><\/figcaption><\/figure>\n","protected":false},"excerpt":{"rendered":"<p>Minatitl\u00e1n, Ver. 25\/09\/2023.- El d\u00eda de hoy, lunes 25 de septiembre del a\u00f1o en curso, el Tecnol\u00f3gico Nacional de M\u00e9xico Campus Minatitl\u00e1n tuvo el honor de recibir al personal del Instituto Veracruzano de Educaci\u00f3n para Adultos (IVEA) para llevar a cabo una importante capacitaci\u00f3n de sensibilizaci\u00f3n dirigida a las y los estudiantes que participar\u00e1n en [&hellip;]<\/p>\n","protected":false},"author":2,"featured_media":31817,"comment_status":"closed","ping_status":"open","sticky":false,"template":"","format":"standard","meta":{"advgb_blocks_editor_width":"","advgb_blocks_columns_visual_guide":"","footnotes":""},"categories":[12],"tags":[],"class_list":["post-31819","post","type-post","status-publish","format-standard","has-post-thumbnail","hentry","category-noticias"],"author_meta":{"display_name":"Comunicaci\u00f3n y Difusi\u00f3n","author_link":"https:\/\/minatitlan.tecnm.mx\/index.php\/author\/comunicacion-y-difusion\/"},"featured_img":"https:\/\/minatitlan.tecnm.mx\/wp-content\/uploads\/2023\/09\/25092023_ALFABETIZATEC1-300x225.jpeg","coauthors":[],"tax_additional":{"categories":{"linked":["<a href=\"https:\/\/minatitlan.tecnm.mx\/index.php\/category\/noticias\/\" class=\"advgb-post-tax-term\">noticias<\/a>"],"unlinked":["<span class=\"advgb-post-tax-term\">noticias<\/span>"]}},"comment_count":"0","relative_dates":{"created":"Publicado 3 a\u00f1os hace","modified":"Actualizado 3 a\u00f1os hace"},"absolute_dates":{"created":"Publicado el 25 septiembre, 2023","modified":"Actualizado el 25 septiembre, 2023"},"absolute_dates_time":{"created":"Publicado el 25 septiembre, 2023 7:48 pm","modified":"Actualizado el 25 septiembre, 2023 7:48 pm"},"featured_img_caption":"","series_order":"","_links":{"self":[{"href":"https:\/\/minatitlan.tecnm.mx\/index.php\/wp-json\/wp\/v2\/posts\/31819","targetHints":{"allow":["GET"]}}],"collection":[{"href":"https:\/\/minatitlan.tecnm.mx\/index.php\/wp-json\/wp\/v2\/posts"}],"about":[{"href":"https:\/\/minatitlan.tecnm.mx\/index.php\/wp-json\/wp\/v2\/types\/post"}],"author":[{"embeddable":true,"href":"https:\/\/minatitlan.tecnm.mx\/index.php\/wp-json\/wp\/v2\/users\/2"}],"replies":[{"embeddable":true,"href":"https:\/\/minatitlan.tecnm.mx\/index.php\/wp-json\/wp\/v2\/comments?post=31819"}],"version-history":[{"count":1,"href":"https:\/\/minatitlan.tecnm.mx\/index.php\/wp-json\/wp\/v2\/posts\/31819\/revisions"}],"predecessor-version":[{"id":31820,"href":"https:\/\/minatitlan.tecnm.mx\/index.php\/wp-json\/wp\/v2\/posts\/31819\/revisions\/31820"}],"wp:featuredmedia":[{"embeddable":true,"href":"https:\/\/minatitlan.tecnm.mx\/index.php\/wp-json\/wp\/v2\/media\/31817"}],"wp:attachment":[{"href":"https:\/\/minatitlan.tecnm.mx\/index.php\/wp-json\/wp\/v2\/media?parent=31819"}],"wp:term":[{"taxonomy":"category","embeddable":true,"href":"https:\/\/minatitlan.tecnm.mx\/index.php\/wp-json\/wp\/v2\/categories?post=31819"},{"taxonomy":"post_tag","embeddable":true,"href":"https:\/\/minatitlan.tecnm.mx\/index.php\/wp-json\/wp\/v2\/tags?post=31819"}],"curies":[{"name":"wp","href":"https:\/\/api.w.org\/{rel}","templated":true}]}}