{"id":31827,"date":"2023-09-25T21:57:12","date_gmt":"2023-09-26T03:57:12","guid":{"rendered":"http:\/\/minatitlan.tecnm.mx\/?p=31827"},"modified":"2023-09-25T21:57:12","modified_gmt":"2023-09-26T03:57:12","slug":"el-tecmina-se-une-a-la-semana-de-educacion-financiera-con-el-curso-aprende-a-emprender","status":"publish","type":"post","link":"https:\/\/minatitlan.tecnm.mx\/index.php\/el-tecmina-se-une-a-la-semana-de-educacion-financiera-con-el-curso-aprende-a-emprender\/","title":{"rendered":"EL TECMINA SE UNE A LA SEMANA DE EDUCACI\u00d3N FINANCIERA CON EL CURSO &#8220;APRENDE A EMPRENDER&#8221;"},"content":{"rendered":"<p style=\"text-align: justify;\"><button id=\"listenButton1\" class=\"responsivevoice-button\" type=\"button\" value=\"Play\" title=\"ResponsiveVoice Tap to Start\/Stop Speech\"><span>&#128266; Clic para Narrar Texto<\/span><\/button>\n        <script>\n            listenButton1.onclick = function(){\n                if(responsiveVoice.isPlaying()){\n                    responsiveVoice.cancel();\n                }else{\n                    responsiveVoice.speak(\"Minatitl\u00e1n, Ver. 25\/09\/2023.- En el marco de la Semana de Educaci\u00f3n Financiera, el Tecnol\u00f3gico Nacional de M\u00e9xico Campus Minatitl\u00e1n es sede del curso \\\"Aprende a Emprender\\\", impartido por el Ing. Jos\u00e9 Luis Mej\u00eda del Nacional Financiera y Finabien. Este evento se lleva a cabo como parte del esfuerzo conjunto del Gobierno de M\u00e9xico para sensibilizar a la poblaci\u00f3n sobre la importancia de desarrollar capacidades financieras s\u00f3lidas. La Semana de Educaci\u00f3n Financiera es una iniciativa crucial que tiene como objetivo fomentar la educaci\u00f3n financiera entre los ciudadanos, promoviendo el manejo adecuado de los recursos y la toma de decisiones financieras informadas. Durante el acto de apertura del curso, el Ing. Rafael D\u00edaz Rojas, Subdirector de Planeaci\u00f3n y Vinculaci\u00f3n del Campus Minatitl\u00e1n, en representaci\u00f3n del Director del plantel, Mtro. Sergio Fernando Garibay Armenta, expres\u00f3 su gratitud hacia el ponente y subray\u00f3 la importancia de inculcar una cultura del ahorro entre los estudiantes. Destac\u00f3 que brindar a las y los j\u00f3venes las herramientas necesarias para emprender y administrar sus recursos de manera efectiva es fundamental para su desarrollo personal y profesional. El curso \\\"Aprende a Emprender\\\" busca empoderar a los participantes con habilidades financieras y empresariales que les permitan tomar decisiones financieras inteligentes y promover el esp\u00edritu emprendedor y concluye el d\u00eda viernes 29 de septiembre del a\u00f1o en curso. Orgullosamente TecMina.\", \"Spanish Latin American Female\");\n                }\n            };\n        <\/script>\n    <\/p>\n<p style=\"text-align: justify;\"><em><strong>Minatitl\u00e1n, Ver. 25\/09\/2023.-<\/strong> <\/em>En el marco de la Semana de Educaci\u00f3n Financiera, el Tecnol\u00f3gico Nacional de M\u00e9xico Campus Minatitl\u00e1n es sede del curso &#8220;Aprende a Emprender&#8221;, impartido por el Ing. Jos\u00e9 Luis Mej\u00eda del Nacional Financiera y Finabien. Este evento se lleva a cabo como parte del esfuerzo conjunto del Gobierno de M\u00e9xico para sensibilizar a la poblaci\u00f3n sobre la importancia de desarrollar capacidades financieras s\u00f3lidas.<\/p>\n<p style=\"text-align: justify;\">La Semana de Educaci\u00f3n Financiera es una iniciativa crucial que tiene como objetivo fomentar la educaci\u00f3n financiera entre los ciudadanos, promoviendo el manejo adecuado de los recursos y la toma de decisiones financieras informadas.<\/p>\n<p style=\"text-align: justify;\">Durante el acto de apertura del curso, el Ing. Rafael D\u00edaz Rojas, Subdirector de Planeaci\u00f3n y Vinculaci\u00f3n del Campus Minatitl\u00e1n, en representaci\u00f3n del Director del plantel, Mtro. Sergio Fernando Garibay Armenta, expres\u00f3 su gratitud hacia el ponente y subray\u00f3 la importancia de inculcar una cultura del ahorro entre los estudiantes. Destac\u00f3 que brindar a las y los j\u00f3venes las herramientas necesarias para emprender y administrar sus recursos de manera efectiva es fundamental para su desarrollo personal y profesional.<\/p>\n<p style=\"text-align: justify;\">El curso &#8220;Aprende a Emprender&#8221; busca empoderar a los participantes con habilidades financieras y empresariales que les permitan tomar decisiones financieras inteligentes y promover el esp\u00edritu emprendedor y concluye el d\u00eda viernes 29 de septiembre del a\u00f1o en curso.<\/p>\n\n\n<figure class=\"wp-block-gallery has-nested-images columns-5 is-cropped wp-block-gallery-1 is-layout-flex wp-block-gallery-is-layout-flex\">\n<figure class=\"wp-block-image size-large\"><a href=\"http:\/\/minatitlan.tecnm.mx\/wp-content\/uploads\/2023\/09\/25092023_CURSO_SFINANZA2.jpeg\"><img loading=\"lazy\" decoding=\"async\" width=\"1024\" height=\"768\" data-id=\"31822\" src=\"http:\/\/minatitlan.tecnm.mx\/wp-content\/uploads\/2023\/09\/25092023_CURSO_SFINANZA2-1024x768.jpeg\" alt=\"\" class=\"wp-image-31822\" srcset=\"https:\/\/minatitlan.tecnm.mx\/wp-content\/uploads\/2023\/09\/25092023_CURSO_SFINANZA2-1024x768.jpeg 1024w, https:\/\/minatitlan.tecnm.mx\/wp-content\/uploads\/2023\/09\/25092023_CURSO_SFINANZA2-300x225.jpeg 300w, https:\/\/minatitlan.tecnm.mx\/wp-content\/uploads\/2023\/09\/25092023_CURSO_SFINANZA2-768x576.jpeg 768w, https:\/\/minatitlan.tecnm.mx\/wp-content\/uploads\/2023\/09\/25092023_CURSO_SFINANZA2.jpeg 1080w\" sizes=\"auto, (max-width: 1024px) 100vw, 1024px\" \/><\/a><\/figure>\n\n\n\n<figure class=\"wp-block-image size-large\"><a href=\"http:\/\/minatitlan.tecnm.mx\/wp-content\/uploads\/2023\/09\/25092023_CURSO_SFINANZA3.jpeg\"><img loading=\"lazy\" decoding=\"async\" width=\"1024\" height=\"768\" data-id=\"31823\" src=\"http:\/\/minatitlan.tecnm.mx\/wp-content\/uploads\/2023\/09\/25092023_CURSO_SFINANZA3-1024x768.jpeg\" alt=\"\" class=\"wp-image-31823\" srcset=\"https:\/\/minatitlan.tecnm.mx\/wp-content\/uploads\/2023\/09\/25092023_CURSO_SFINANZA3-1024x768.jpeg 1024w, https:\/\/minatitlan.tecnm.mx\/wp-content\/uploads\/2023\/09\/25092023_CURSO_SFINANZA3-300x225.jpeg 300w, https:\/\/minatitlan.tecnm.mx\/wp-content\/uploads\/2023\/09\/25092023_CURSO_SFINANZA3-768x576.jpeg 768w, https:\/\/minatitlan.tecnm.mx\/wp-content\/uploads\/2023\/09\/25092023_CURSO_SFINANZA3.jpeg 1080w\" sizes=\"auto, (max-width: 1024px) 100vw, 1024px\" \/><\/a><\/figure>\n\n\n\n<figure class=\"wp-block-image size-large\"><a href=\"http:\/\/minatitlan.tecnm.mx\/wp-content\/uploads\/2023\/09\/25092023_CURSO_SFINANZA4.jpeg\"><img loading=\"lazy\" decoding=\"async\" width=\"1024\" height=\"768\" data-id=\"31824\" src=\"http:\/\/minatitlan.tecnm.mx\/wp-content\/uploads\/2023\/09\/25092023_CURSO_SFINANZA4-1024x768.jpeg\" alt=\"\" class=\"wp-image-31824\" srcset=\"https:\/\/minatitlan.tecnm.mx\/wp-content\/uploads\/2023\/09\/25092023_CURSO_SFINANZA4-1024x768.jpeg 1024w, https:\/\/minatitlan.tecnm.mx\/wp-content\/uploads\/2023\/09\/25092023_CURSO_SFINANZA4-300x225.jpeg 300w, https:\/\/minatitlan.tecnm.mx\/wp-content\/uploads\/2023\/09\/25092023_CURSO_SFINANZA4-768x576.jpeg 768w, https:\/\/minatitlan.tecnm.mx\/wp-content\/uploads\/2023\/09\/25092023_CURSO_SFINANZA4.jpeg 1080w\" sizes=\"auto, (max-width: 1024px) 100vw, 1024px\" \/><\/a><\/figure>\n\n\n\n<figure class=\"wp-block-image size-large\"><a href=\"http:\/\/minatitlan.tecnm.mx\/wp-content\/uploads\/2023\/09\/25092023_CURSO_SFINANZA5.jpeg\"><img loading=\"lazy\" decoding=\"async\" width=\"1024\" height=\"768\" data-id=\"31825\" src=\"http:\/\/minatitlan.tecnm.mx\/wp-content\/uploads\/2023\/09\/25092023_CURSO_SFINANZA5-1024x768.jpeg\" alt=\"\" class=\"wp-image-31825\" srcset=\"https:\/\/minatitlan.tecnm.mx\/wp-content\/uploads\/2023\/09\/25092023_CURSO_SFINANZA5-1024x768.jpeg 1024w, https:\/\/minatitlan.tecnm.mx\/wp-content\/uploads\/2023\/09\/25092023_CURSO_SFINANZA5-300x225.jpeg 300w, https:\/\/minatitlan.tecnm.mx\/wp-content\/uploads\/2023\/09\/25092023_CURSO_SFINANZA5-768x576.jpeg 768w, https:\/\/minatitlan.tecnm.mx\/wp-content\/uploads\/2023\/09\/25092023_CURSO_SFINANZA5.jpeg 1080w\" sizes=\"auto, (max-width: 1024px) 100vw, 1024px\" \/><\/a><\/figure>\n\n\n\n<figure class=\"wp-block-image size-large\"><a href=\"http:\/\/minatitlan.tecnm.mx\/wp-content\/uploads\/2023\/09\/25092023_CURSO_SFINANZA6.jpeg\"><img loading=\"lazy\" decoding=\"async\" width=\"1024\" height=\"768\" data-id=\"31826\" src=\"http:\/\/minatitlan.tecnm.mx\/wp-content\/uploads\/2023\/09\/25092023_CURSO_SFINANZA6-1024x768.jpeg\" alt=\"\" class=\"wp-image-31826\" srcset=\"https:\/\/minatitlan.tecnm.mx\/wp-content\/uploads\/2023\/09\/25092023_CURSO_SFINANZA6-1024x768.jpeg 1024w, https:\/\/minatitlan.tecnm.mx\/wp-content\/uploads\/2023\/09\/25092023_CURSO_SFINANZA6-300x225.jpeg 300w, https:\/\/minatitlan.tecnm.mx\/wp-content\/uploads\/2023\/09\/25092023_CURSO_SFINANZA6-768x576.jpeg 768w, https:\/\/minatitlan.tecnm.mx\/wp-content\/uploads\/2023\/09\/25092023_CURSO_SFINANZA6.jpeg 1080w\" sizes=\"auto, (max-width: 1024px) 100vw, 1024px\" \/><\/a><\/figure>\n<figcaption class=\"blocks-gallery-caption wp-element-caption\"><em>Orgullosamente TecMina.<\/em><\/figcaption><\/figure>\n","protected":false},"excerpt":{"rendered":"<p>Minatitl\u00e1n, Ver. 25\/09\/2023.- En el marco de la Semana de Educaci\u00f3n Financiera, el Tecnol\u00f3gico Nacional de M\u00e9xico Campus Minatitl\u00e1n es sede del curso &#8220;Aprende a Emprender&#8221;, impartido por el Ing. Jos\u00e9 Luis Mej\u00eda del Nacional Financiera y Finabien. Este evento se lleva a cabo como parte del esfuerzo conjunto del Gobierno de M\u00e9xico para sensibilizar [&hellip;]<\/p>\n","protected":false},"author":2,"featured_media":31821,"comment_status":"closed","ping_status":"open","sticky":false,"template":"","format":"standard","meta":{"advgb_blocks_editor_width":"","advgb_blocks_columns_visual_guide":"","footnotes":""},"categories":[12],"tags":[],"class_list":["post-31827","post","type-post","status-publish","format-standard","has-post-thumbnail","hentry","category-noticias"],"author_meta":{"display_name":"Comunicaci\u00f3n y Difusi\u00f3n","author_link":"https:\/\/minatitlan.tecnm.mx\/index.php\/author\/comunicacion-y-difusion\/"},"featured_img":"https:\/\/minatitlan.tecnm.mx\/wp-content\/uploads\/2023\/09\/25092023_CURSO_SFINANZA1-300x225.jpeg","coauthors":[],"tax_additional":{"categories":{"linked":["<a href=\"https:\/\/minatitlan.tecnm.mx\/index.php\/category\/noticias\/\" class=\"advgb-post-tax-term\">noticias<\/a>"],"unlinked":["<span class=\"advgb-post-tax-term\">noticias<\/span>"]}},"comment_count":"0","relative_dates":{"created":"Publicado 3 a\u00f1os hace","modified":"Actualizado 3 a\u00f1os hace"},"absolute_dates":{"created":"Publicado el 25 septiembre, 2023","modified":"Actualizado el 25 septiembre, 2023"},"absolute_dates_time":{"created":"Publicado el 25 septiembre, 2023 9:57 pm","modified":"Actualizado el 25 septiembre, 2023 9:57 pm"},"featured_img_caption":"","series_order":"","_links":{"self":[{"href":"https:\/\/minatitlan.tecnm.mx\/index.php\/wp-json\/wp\/v2\/posts\/31827","targetHints":{"allow":["GET"]}}],"collection":[{"href":"https:\/\/minatitlan.tecnm.mx\/index.php\/wp-json\/wp\/v2\/posts"}],"about":[{"href":"https:\/\/minatitlan.tecnm.mx\/index.php\/wp-json\/wp\/v2\/types\/post"}],"author":[{"embeddable":true,"href":"https:\/\/minatitlan.tecnm.mx\/index.php\/wp-json\/wp\/v2\/users\/2"}],"replies":[{"embeddable":true,"href":"https:\/\/minatitlan.tecnm.mx\/index.php\/wp-json\/wp\/v2\/comments?post=31827"}],"version-history":[{"count":1,"href":"https:\/\/minatitlan.tecnm.mx\/index.php\/wp-json\/wp\/v2\/posts\/31827\/revisions"}],"predecessor-version":[{"id":31828,"href":"https:\/\/minatitlan.tecnm.mx\/index.php\/wp-json\/wp\/v2\/posts\/31827\/revisions\/31828"}],"wp:featuredmedia":[{"embeddable":true,"href":"https:\/\/minatitlan.tecnm.mx\/index.php\/wp-json\/wp\/v2\/media\/31821"}],"wp:attachment":[{"href":"https:\/\/minatitlan.tecnm.mx\/index.php\/wp-json\/wp\/v2\/media?parent=31827"}],"wp:term":[{"taxonomy":"category","embeddable":true,"href":"https:\/\/minatitlan.tecnm.mx\/index.php\/wp-json\/wp\/v2\/categories?post=31827"},{"taxonomy":"post_tag","embeddable":true,"href":"https:\/\/minatitlan.tecnm.mx\/index.php\/wp-json\/wp\/v2\/tags?post=31827"}],"curies":[{"name":"wp","href":"https:\/\/api.w.org\/{rel}","templated":true}]}}