{"id":31836,"date":"2023-09-27T10:09:24","date_gmt":"2023-09-27T16:09:24","guid":{"rendered":"http:\/\/minatitlan.tecnm.mx\/?p=31836"},"modified":"2023-09-27T10:11:38","modified_gmt":"2023-09-27T16:11:38","slug":"halcones-que-vuelan-alto-en-la-etapa-regional-de-innovatecnm-2023","status":"publish","type":"post","link":"https:\/\/minatitlan.tecnm.mx\/index.php\/halcones-que-vuelan-alto-en-la-etapa-regional-de-innovatecnm-2023\/","title":{"rendered":"HALCONES QUE VUELAN ALTO: EN LA ETAPA REGIONAL DE INNOVATECNM 2023"},"content":{"rendered":"<button id=\"listenButton1\" class=\"responsivevoice-button\" type=\"button\" value=\"Play\" title=\"ResponsiveVoice Tap to Start\/Stop Speech\"><span>&#128266; Clic para Narrar Texto<\/span><\/button>\n        <script>\n            listenButton1.onclick = function(){\n                if(responsiveVoice.isPlaying()){\n                    responsiveVoice.cancel();\n                }else{\n                    responsiveVoice.speak(\"Tuxtla Guti\u00e9rrez, Chis. 27\/10\/2022.- Este mi\u00e9rcoles veintisiete de septiembre del a\u00f1o en curso, con sede en el Tecnol\u00f3gico Nacional Campus Tuxtla Guti\u00e9rrez se lleva a cabo la etapa Regional de la Cumbre Nacional de Desarrollo Tecnol\u00f3gico, Investigaci\u00f3n e Innovaci\u00f3n (InnovaTecNM 2023) en la que est\u00e1.\u00a0 presentes nuestra delegaci\u00f3n a trav\u00e9s de estudiantes y asesores quienes participan con proyectos innovadores que tendr\u00e1n un impacto important\u00edsimo en la regi\u00f3n sur del pa\u00eds. \u00a1A nombre de la toda nuestra comunidad tecnol\u00f3gica les deseamos el mayor de los \u00e9xitos! \u00a1A VOLAR ALTO HALCONES! \u00a1POR SIEMPRE ORGULLOSAMENTE TECMINA! Orgullosamente TecMina.\", \"Spanish Latin American Female\");\n                }\n            };\n        <\/script>\n    \n<p class=\"p1\"><em><strong>Tuxtla Guti\u00e9rrez, Chis. 27\/10\/2022.-<\/strong><\/em> Este mi\u00e9rcoles veintisiete de septiembre del a\u00f1o en curso, con sede en el Tecnol\u00f3gico Nacional Campus Tuxtla Guti\u00e9rrez se lleva a cabo la etapa Regional de la Cumbre Nacional de Desarrollo Tecnol\u00f3gico, Investigaci\u00f3n e Innovaci\u00f3n (InnovaTecNM 2023) en la que est\u00e1.<span class=\"Apple-converted-space\">\u00a0 <\/span>presentes nuestra delegaci\u00f3n a trav\u00e9s de estudiantes y asesores quienes participan con proyectos innovadores que tendr\u00e1n un impacto important\u00edsimo en la regi\u00f3n sur del pa\u00eds.<\/p>\n<p class=\"p1\"><em><strong>\u00a1A nombre de la toda nuestra comunidad tecnol\u00f3gica les deseamos el mayor de los \u00e9xitos!<\/strong><\/em><\/p>\n<h5 class=\"p1\">\u00a1A VOLAR ALTO HALCONES! \u00a1POR SIEMPRE ORGULLOSAMENTE TECMINA!<\/h5>\n\n\n<figure class=\"wp-block-gallery has-nested-images columns-default is-cropped wp-block-gallery-1 is-layout-flex wp-block-gallery-is-layout-flex\">\n<figure class=\"wp-block-image size-large\"><img loading=\"lazy\" decoding=\"async\" width=\"1024\" height=\"768\" data-id=\"31835\" src=\"http:\/\/minatitlan.tecnm.mx\/wp-content\/uploads\/2023\/09\/64EEF37B-148D-4E49-B8D2-07DE3186C1AB-1024x768.jpeg\" alt=\"\" class=\"wp-image-31835\" srcset=\"https:\/\/minatitlan.tecnm.mx\/wp-content\/uploads\/2023\/09\/64EEF37B-148D-4E49-B8D2-07DE3186C1AB-1024x768.jpeg 1024w, https:\/\/minatitlan.tecnm.mx\/wp-content\/uploads\/2023\/09\/64EEF37B-148D-4E49-B8D2-07DE3186C1AB-300x225.jpeg 300w, https:\/\/minatitlan.tecnm.mx\/wp-content\/uploads\/2023\/09\/64EEF37B-148D-4E49-B8D2-07DE3186C1AB-768x576.jpeg 768w, https:\/\/minatitlan.tecnm.mx\/wp-content\/uploads\/2023\/09\/64EEF37B-148D-4E49-B8D2-07DE3186C1AB.jpeg 1280w\" sizes=\"auto, (max-width: 1024px) 100vw, 1024px\" \/><\/figure>\n<figcaption class=\"blocks-gallery-caption wp-element-caption\"><em>Orgullosamente TecMina.<\/em><\/figcaption><\/figure>\n","protected":false},"excerpt":{"rendered":"<p>Tuxtla Guti\u00e9rrez, Chis. 27\/10\/2022.- Este mi\u00e9rcoles veintisiete de septiembre del a\u00f1o en curso, con sede en el Tecnol\u00f3gico Nacional Campus Tuxtla Guti\u00e9rrez se lleva a cabo la etapa Regional de la Cumbre Nacional de Desarrollo Tecnol\u00f3gico, Investigaci\u00f3n e Innovaci\u00f3n (InnovaTecNM 2023) en la que est\u00e1.\u00a0 presentes nuestra delegaci\u00f3n a trav\u00e9s de estudiantes y asesores quienes [&hellip;]<\/p>\n","protected":false},"author":2,"featured_media":31834,"comment_status":"closed","ping_status":"open","sticky":false,"template":"","format":"standard","meta":{"advgb_blocks_editor_width":"","advgb_blocks_columns_visual_guide":"","footnotes":""},"categories":[12],"tags":[],"class_list":["post-31836","post","type-post","status-publish","format-standard","has-post-thumbnail","hentry","category-noticias"],"author_meta":{"display_name":"Comunicaci\u00f3n y Difusi\u00f3n","author_link":"https:\/\/minatitlan.tecnm.mx\/index.php\/author\/comunicacion-y-difusion\/"},"featured_img":"https:\/\/minatitlan.tecnm.mx\/wp-content\/uploads\/2023\/09\/5D992002-0D9D-4399-8B17-334DFF345495-300x225.jpeg","coauthors":[],"tax_additional":{"categories":{"linked":["<a href=\"https:\/\/minatitlan.tecnm.mx\/index.php\/category\/noticias\/\" class=\"advgb-post-tax-term\">noticias<\/a>"],"unlinked":["<span class=\"advgb-post-tax-term\">noticias<\/span>"]}},"comment_count":"0","relative_dates":{"created":"Publicado 3 a\u00f1os hace","modified":"Actualizado 3 a\u00f1os hace"},"absolute_dates":{"created":"Publicado el 27 septiembre, 2023","modified":"Actualizado el 27 septiembre, 2023"},"absolute_dates_time":{"created":"Publicado el 27 septiembre, 2023 10:09 am","modified":"Actualizado el 27 septiembre, 2023 10:11 am"},"featured_img_caption":"","series_order":"","_links":{"self":[{"href":"https:\/\/minatitlan.tecnm.mx\/index.php\/wp-json\/wp\/v2\/posts\/31836","targetHints":{"allow":["GET"]}}],"collection":[{"href":"https:\/\/minatitlan.tecnm.mx\/index.php\/wp-json\/wp\/v2\/posts"}],"about":[{"href":"https:\/\/minatitlan.tecnm.mx\/index.php\/wp-json\/wp\/v2\/types\/post"}],"author":[{"embeddable":true,"href":"https:\/\/minatitlan.tecnm.mx\/index.php\/wp-json\/wp\/v2\/users\/2"}],"replies":[{"embeddable":true,"href":"https:\/\/minatitlan.tecnm.mx\/index.php\/wp-json\/wp\/v2\/comments?post=31836"}],"version-history":[{"count":3,"href":"https:\/\/minatitlan.tecnm.mx\/index.php\/wp-json\/wp\/v2\/posts\/31836\/revisions"}],"predecessor-version":[{"id":31844,"href":"https:\/\/minatitlan.tecnm.mx\/index.php\/wp-json\/wp\/v2\/posts\/31836\/revisions\/31844"}],"wp:featuredmedia":[{"embeddable":true,"href":"https:\/\/minatitlan.tecnm.mx\/index.php\/wp-json\/wp\/v2\/media\/31834"}],"wp:attachment":[{"href":"https:\/\/minatitlan.tecnm.mx\/index.php\/wp-json\/wp\/v2\/media?parent=31836"}],"wp:term":[{"taxonomy":"category","embeddable":true,"href":"https:\/\/minatitlan.tecnm.mx\/index.php\/wp-json\/wp\/v2\/categories?post=31836"},{"taxonomy":"post_tag","embeddable":true,"href":"https:\/\/minatitlan.tecnm.mx\/index.php\/wp-json\/wp\/v2\/tags?post=31836"}],"curies":[{"name":"wp","href":"https:\/\/api.w.org\/{rel}","templated":true}]}}