{"id":31840,"date":"2023-09-27T15:38:41","date_gmt":"2023-09-27T21:38:41","guid":{"rendered":"http:\/\/minatitlan.tecnm.mx\/?p=31840"},"modified":"2023-09-28T09:07:54","modified_gmt":"2023-09-28T15:07:54","slug":"foroaguatecnm2023","status":"publish","type":"post","link":"https:\/\/minatitlan.tecnm.mx\/index.php\/foroaguatecnm2023\/","title":{"rendered":"#ForoNacionalDelAguaTecNM2023"},"content":{"rendered":"<p style=\"text-align: justify;\"><button id=\"listenButton1\" class=\"responsivevoice-button\" type=\"button\" value=\"Play\" title=\"ResponsiveVoice Tap to Start\/Stop Speech\"><span>&#128266; Clic para Narrar Texto<\/span><\/button>\n        <script>\n            listenButton1.onclick = function(){\n                if(responsiveVoice.isPlaying()){\n                    responsiveVoice.cancel();\n                }else{\n                    responsiveVoice.speak(\"iEl TecNM Campus Villahermosa se encuentra listo para ser sede del Segundo Foro Nacional Agenda Estrat\u00e9gica para el Agua Limpia y Saneamiento del TecNM 2023! El prop\u00f3sito principal de esta Agenda Estrat\u00e9gica liderada por nuestro Director General, el Mtro. Ram\u00f3n Jim\u00e9nez L\u00f3pez, es incentivar la participaci\u00f3n activa de acad\u00e9micos e investigadores del TecNM, impulsando proyectos y acciones alineadas a la gesti\u00f3n sustentable del recurso h\u00eddrico, as\u00ed como el manejo de aguas residuales y el fortalecimiento de una cultura del agua, entre otros temas. Ma\u00f1ana es el gran d\u00eda: Sigue las redes oficiales del TecNM para ser parte de este evento en vivohttps:\/\/www.facebook.com\/SomosTecNM\", \"Spanish Latin American Female\");\n                }\n            };\n        <\/script>\n    <\/p>\n<h4 class=\"p1\" style=\"text-align: justify;\"><span class=\"s1\">iEl TecNM Campus Villahermosa se encuentra listo para ser sede del <\/span><span class=\"s2\">Segundo <\/span><span class=\"s1\">Foro Nacional <\/span><span class=\"s3\">Agenda Estrat\u00e9gica para el Agua Limpia y Saneamiento del TecNM 2023!<\/span><\/h4>\n<h4 class=\"p5\" style=\"text-align: justify;\"><span class=\"s6\">El prop\u00f3sito principal de<\/span><span class=\"s7\"><b> esta Agenda Estrat\u00e9gica liderada por nuestro Director General, el Mtro. Ram\u00f3n Jim\u00e9nez L\u00f3pez, es <\/b><\/span><span class=\"s6\">incentivar la participaci\u00f3n activa de acad\u00e9micos e investigadores del TecNM, impulsando proyectos y acciones alineadas <\/span><span class=\"s8\">a la gesti\u00f3n sustentable del recurso h\u00eddrico, as\u00ed como el manejo de aguas residuales y el fortalecimiento de una cultura del agua, entre otros temas.<\/span><\/h4>\n\n\n<figure class=\"wp-block-table\"><table><tbody><tr><td><strong><em>Ma\u00f1ana es el gran d\u00eda: Sigue las redes oficiales del TecNM para ser parte de este evento en vivo<\/em><\/strong><a href=\"https:\/\/www.facebook.com\/SomosTecNM\" data-type=\"link\" data-id=\"https:\/\/www.facebook.com\/SomosTecNM\">https:\/\/www.facebook.com\/SomosTecNM<\/a><\/td><td><img loading=\"lazy\" decoding=\"async\" width=\"40\" height=\"40\" class=\"wp-image-19323\" style=\"width: 40px;\" src=\"http:\/\/minatitlan.tecnm.mx\/wp-content\/uploads\/2022\/11\/Url.png\" alt=\"\"><\/td><\/tr><\/tbody><\/table><\/figure>\n","protected":false},"excerpt":{"rendered":"<p>iEl TecNM Campus Villahermosa se encuentra listo para ser sede del Segundo Foro Nacional Agenda Estrat\u00e9gica para el Agua Limpia y Saneamiento del TecNM 2023! El prop\u00f3sito principal de esta Agenda Estrat\u00e9gica liderada por nuestro Director General, el Mtro. Ram\u00f3n Jim\u00e9nez L\u00f3pez, es incentivar la participaci\u00f3n activa de acad\u00e9micos e investigadores del TecNM, impulsando proyectos [&hellip;]<\/p>\n","protected":false},"author":2,"featured_media":31841,"comment_status":"closed","ping_status":"open","sticky":false,"template":"","format":"standard","meta":{"advgb_blocks_editor_width":"","advgb_blocks_columns_visual_guide":"","footnotes":""},"categories":[12],"tags":[],"class_list":["post-31840","post","type-post","status-publish","format-standard","has-post-thumbnail","hentry","category-noticias"],"author_meta":{"display_name":"Comunicaci\u00f3n y Difusi\u00f3n","author_link":"https:\/\/minatitlan.tecnm.mx\/index.php\/author\/comunicacion-y-difusion\/"},"featured_img":"https:\/\/minatitlan.tecnm.mx\/wp-content\/uploads\/2023\/09\/foto-agua-300x132.jpg","coauthors":[],"tax_additional":{"categories":{"linked":["<a href=\"https:\/\/minatitlan.tecnm.mx\/index.php\/category\/noticias\/\" class=\"advgb-post-tax-term\">noticias<\/a>"],"unlinked":["<span class=\"advgb-post-tax-term\">noticias<\/span>"]}},"comment_count":"0","relative_dates":{"created":"Publicado 3 a\u00f1os hace","modified":"Actualizado 3 a\u00f1os hace"},"absolute_dates":{"created":"Publicado el 27 septiembre, 2023","modified":"Actualizado el 28 septiembre, 2023"},"absolute_dates_time":{"created":"Publicado el 27 septiembre, 2023 3:38 pm","modified":"Actualizado el 28 septiembre, 2023 9:07 am"},"featured_img_caption":"","series_order":"","_links":{"self":[{"href":"https:\/\/minatitlan.tecnm.mx\/index.php\/wp-json\/wp\/v2\/posts\/31840","targetHints":{"allow":["GET"]}}],"collection":[{"href":"https:\/\/minatitlan.tecnm.mx\/index.php\/wp-json\/wp\/v2\/posts"}],"about":[{"href":"https:\/\/minatitlan.tecnm.mx\/index.php\/wp-json\/wp\/v2\/types\/post"}],"author":[{"embeddable":true,"href":"https:\/\/minatitlan.tecnm.mx\/index.php\/wp-json\/wp\/v2\/users\/2"}],"replies":[{"embeddable":true,"href":"https:\/\/minatitlan.tecnm.mx\/index.php\/wp-json\/wp\/v2\/comments?post=31840"}],"version-history":[{"count":3,"href":"https:\/\/minatitlan.tecnm.mx\/index.php\/wp-json\/wp\/v2\/posts\/31840\/revisions"}],"predecessor-version":[{"id":31853,"href":"https:\/\/minatitlan.tecnm.mx\/index.php\/wp-json\/wp\/v2\/posts\/31840\/revisions\/31853"}],"wp:featuredmedia":[{"embeddable":true,"href":"https:\/\/minatitlan.tecnm.mx\/index.php\/wp-json\/wp\/v2\/media\/31841"}],"wp:attachment":[{"href":"https:\/\/minatitlan.tecnm.mx\/index.php\/wp-json\/wp\/v2\/media?parent=31840"}],"wp:term":[{"taxonomy":"category","embeddable":true,"href":"https:\/\/minatitlan.tecnm.mx\/index.php\/wp-json\/wp\/v2\/categories?post=31840"},{"taxonomy":"post_tag","embeddable":true,"href":"https:\/\/minatitlan.tecnm.mx\/index.php\/wp-json\/wp\/v2\/tags?post=31840"}],"curies":[{"name":"wp","href":"https:\/\/api.w.org\/{rel}","templated":true}]}}