{"id":34114,"date":"2024-01-31T21:41:45","date_gmt":"2024-02-01T03:41:45","guid":{"rendered":"http:\/\/minatitlan.tecnm.mx\/?p=34114"},"modified":"2024-01-31T21:41:45","modified_gmt":"2024-02-01T03:41:45","slug":"un-tecmina-comprometido-transformando-vidas-y-construyendo-un-mexico-mas-justo","status":"publish","type":"post","link":"https:\/\/minatitlan.tecnm.mx\/index.php\/un-tecmina-comprometido-transformando-vidas-y-construyendo-un-mexico-mas-justo\/","title":{"rendered":"UN TECMINA\u00a0COMPROMETIDO: TRANSFORMANDO VIDAS Y CONSTRUYENDO UN M\u00c9XICO M\u00c1S JUSTO"},"content":{"rendered":"<p style=\"text-align: justify;\"><button id=\"listenButton1\" class=\"responsivevoice-button\" type=\"button\" value=\"Play\" title=\"ResponsiveVoice Tap to Start\/Stop Speech\"><span>&#128266; Clic para Narrar Texto<\/span><\/button>\n        <script>\n            listenButton1.onclick = function(){\n                if(responsiveVoice.isPlaying()){\n                    responsiveVoice.cancel();\n                }else{\n                    responsiveVoice.speak(\"MAESTRO SERGIO FERNANDO GARIBAY ARMENTA PRESIDE CEREMONIA DE INICIO DE CURSOS CORRESPONDIENTE AL PERIODO ENERO-JUNIO 2024 Y ENTREGA 38 CONSTANCIAS A ADULTOS EGRESADOS DEL PROGRAMA NACIONAL DE ALFABETIZACI\u00d3N \u201cALFABETIZATEC\u201d Minatitl\u00e1n, Ver. 31\/01\/2024.- En un acto lleno de emotividad y compromiso, el Director del Tecnol\u00f3gico Nacional de M\u00e9xico Campus Minatitl\u00e1n, Mtro. Sergio Fernando Garibay Armenta, encabez\u00f3 la Ceremonia de inicio de cursos correspondiente al ciclo escolar enero-junio 2024. El evento congreg\u00f3 a estudiantes, docentes y autoridades de la regi\u00f3n, marcando el inicio de un nuevo semestre lleno de retos y oportunidades. Durante la ceremonia, se comparti\u00f3 el inspirador mensaje del Director General del Tecnol\u00f3gico Nacional de M\u00e9xico (TecNM), Mtro. Ram\u00f3n Jim\u00e9nez L\u00f3pez, quien exhort\u00f3 a romper la inercia y aprovechar al m\u00e1ximo las oportunidades para desarrollar habilidades tecnol\u00f3gicas. En este semestre, se anunci\u00f3 un enfoque especial en fortalecer las \u00e1reas deportivas para enriquecer la experiencia educativa de la comunidad del TecNM. El Mtro. Sergio Fernando Garibay Armenta, en su discurso de bienvenida, resalt\u00f3 la importancia de establecer compromisos y acciones para transformar la misi\u00f3n del Tec de Mina, consolid\u00e1ndolo como el nido de halcones campeones. Destac\u00f3 los logros y reconocimientos acad\u00e9micos, c\u00edvicos y culturales obtenidos en el 2023, reafirmando el compromiso del campus con la efisciencia de energ\u00eda mediante la instalaci\u00f3n de 100 paneles fotovoltaicos, donados por la Secretar\u00eda de Energ\u00eda. La ceremonia fue enriquecida por los honores a la bandera nacional, a cargo de la Banda de Guerra y Escolta, quienes destacaron la solemnidad y el sentido de pertenencia institucional. En reconocimiento al esfuerzo de los estudiantes, se entregaron reconocimientos a los 8 mejores promedios del semestre anterior, fomentando un sentido de pertenencia y superaci\u00f3n en el \u00e1mbito acad\u00e9mico. Un momento especial durante el acto fue la entrega de 38 certificados (25 de primaria y 13 de secundaria) a las y los egresados de la primera generaci\u00f3n del Programa \u201cAlfabetizaTec\u201d. Este proyecto, resultado de un convenio entre el Instituto Nacional para la Educaci\u00f3n de los Adultos (INEA) y el TecNM, busca contribuir a la alfabetizaci\u00f3n de adultos en el pa\u00eds. Veinti\u00fan estudiantes de diversas carreras se capacitaron como instructores, quienes tambi\u00e9n fueron reconocidos por su destacado papel en el programa, trabajaron en colaboraci\u00f3n con el Instituto Veracruzano de Educaci\u00f3n para Adultos (IVEA). Esta iniciativa refleja la visi\u00f3n del Director General del TecNM, Mtro. Ram\u00f3n Jim\u00e9nez L\u00f3pez, una de las estrategias de construir ciudadan\u00eda en la juventud del TecNM es de formar ciudadanos conscientes de su papel en la sociedad y comprometidos transformando vidas y escribiendo un M\u00e9xico m\u00e1s justo y equitativo. La alfabetizaci\u00f3n no solo es una oportunidad invaluable para aprender y ense\u00f1ar, sino tambi\u00e9n para empoderar a aquellos que han sido excluidos del proceso educativo. El programa de alfabetizaci\u00f3n se erige como un pilar fundamental en la construcci\u00f3n de una sociedad m\u00e1s justa y equitativa, donde los estudiantes del TecNM se convierten en agentes activos en la construcci\u00f3n de un M\u00e9xico mejor. Este compromiso demuestra que el TecNM no solo se preocupa por el desarrollo acad\u00e9mico, sino que tambi\u00e9n se involucra activamente en iniciativas que impactan positivamente en la sociedad. El inicio del ciclo escolar no solo marca el comienzo de clases, sino el comienzo de una etapa donde el TecNM sigue transformando vidas y construyendo un M\u00e9xico m\u00e1s justo. El acto cont\u00f3 con la presencia de: la Delegada de la SEV en Coatzacoalcos, Mtra. Paola Cabrera Antonio; la Alcaldesa del H. Ayuntamiento de Minatitl\u00e1n, Dra. Carmen Medel Palma; el Alcalde del H. Ayuntamiento de Cosoleacaque, Lic. Ponciano V\u00e1zquez Parissi; la Regidora de Educaci\u00f3n del H. Ayuntamiento de Coatzacoalcos, Lic. Yajaira Tadeo Rodr\u00edguez; el Presidente de CANACO Delegaci\u00f3n Minatitl\u00e1n, Lic. Erick Jacobo Cisneros Ixba; El Tesorero CANACINTRA, el Ing. Mario Eduardo V\u00e1zquez Mendoza; la Secretaria General de la Delegaci\u00f3n D-V-117, Lic. Iracema Ort\u00edz Montalvo; el Subdirector de Servicios Administrativos del TecNM Campus Minatitl\u00e1n, el Mtro. Eduardo Enoch Galindo S\u00e1nchez; Subdirector Acad\u00e9mico, Dr. Gilberto Rodr\u00edguez Montufar, y el Subdirector de Planeaci\u00f3n y Vinculaci\u00f3n, Ing. Rafael D\u00edaz Rojas. cgbs Orgullosamente TecMina.\", \"Spanish Latin American Female\");\n                }\n            };\n        <\/script>\n    <\/p>\n<p style=\"font-weight: 400; text-align: justify;\"><strong><em>MAESTRO SERGIO FERNANDO GARIBAY ARMENTA PRESIDE CEREMONIA DE INICIO DE CURSOS CORRESPONDIENTE AL PERIODO ENERO-JUNIO 2024 Y ENTREGA 38 CONSTANCIAS A ADULTOS EGRESADOS DEL PROGRAMA NACIONAL DE ALFABETIZACI\u00d3N \u201cALFABETIZATEC\u201d<\/em><\/strong><\/p>\n<p style=\"font-weight: 400; text-align: justify;\"><strong><em>Minatitl\u00e1n, Ver. 31\/01\/2024.- <\/em><\/strong>En un acto lleno de emotividad y compromiso, el Director del Tecnol\u00f3gico Nacional de M\u00e9xico Campus Minatitl\u00e1n, Mtro. Sergio Fernando Garibay Armenta, encabez\u00f3 la Ceremonia de inicio de cursos correspondiente al ciclo escolar enero-junio 2024. El evento congreg\u00f3 a estudiantes, docentes y autoridades de la regi\u00f3n, marcando el inicio de un nuevo semestre lleno de retos y oportunidades.<\/p>\n<p style=\"font-weight: 400; text-align: justify;\">Durante la ceremonia, se comparti\u00f3 el inspirador mensaje del Director General del Tecnol\u00f3gico Nacional de M\u00e9xico (TecNM), Mtro. Ram\u00f3n Jim\u00e9nez L\u00f3pez, quien exhort\u00f3 a romper la inercia y aprovechar al m\u00e1ximo las oportunidades para desarrollar habilidades tecnol\u00f3gicas. En este semestre, se anunci\u00f3 un enfoque especial en fortalecer las \u00e1reas deportivas para enriquecer la experiencia educativa de la comunidad del TecNM.<\/p>\n<p style=\"font-weight: 400; text-align: justify;\">El Mtro. Sergio Fernando Garibay Armenta, en su discurso de bienvenida, resalt\u00f3 la importancia de establecer compromisos y acciones para transformar la misi\u00f3n del Tec de Mina, consolid\u00e1ndolo como el nido de halcones campeones. Destac\u00f3 los logros y reconocimientos acad\u00e9micos, c\u00edvicos y culturales obtenidos en el 2023, reafirmando el compromiso del campus con la efisciencia de energ\u00eda mediante la instalaci\u00f3n de 100 paneles fotovoltaicos, donados por la Secretar\u00eda de Energ\u00eda.<\/p>\n<p style=\"font-weight: 400; text-align: justify;\">La ceremonia fue enriquecida por los honores a la bandera nacional, a cargo de la Banda de Guerra y Escolta, quienes destacaron la solemnidad y el sentido de pertenencia institucional. En reconocimiento al esfuerzo de los estudiantes, se entregaron reconocimientos a los 8 mejores promedios del semestre anterior, fomentando un sentido de pertenencia y superaci\u00f3n en el \u00e1mbito acad\u00e9mico.<\/p>\n<p style=\"font-weight: 400; text-align: justify;\">Un momento especial durante el acto fue la entrega de 38 certificados (25 de primaria y 13 de secundaria) a las y los egresados de la primera generaci\u00f3n del Programa \u201cAlfabetizaTec\u201d. Este proyecto, resultado de un convenio entre el Instituto Nacional para la Educaci\u00f3n de los Adultos (INEA) y el TecNM, busca contribuir a la alfabetizaci\u00f3n de adultos en el pa\u00eds. Veinti\u00fan estudiantes de diversas carreras se capacitaron como instructores, quienes tambi\u00e9n fueron reconocidos por su destacado papel en el programa, trabajaron en colaboraci\u00f3n con el Instituto Veracruzano de Educaci\u00f3n para Adultos (IVEA).<\/p>\n<p style=\"font-weight: 400; text-align: justify;\">Esta iniciativa refleja la visi\u00f3n del Director General del TecNM, Mtro. Ram\u00f3n Jim\u00e9nez L\u00f3pez, una de las estrategias de construir ciudadan\u00eda en la juventud del TecNM es de formar ciudadanos conscientes de su papel en la sociedad y comprometidos transformando vidas y escribiendo un M\u00e9xico m\u00e1s justo y equitativo. La alfabetizaci\u00f3n no solo es una oportunidad invaluable para aprender y ense\u00f1ar, sino tambi\u00e9n para empoderar a aquellos que han sido excluidos del proceso educativo.<\/p>\n<p style=\"font-weight: 400; text-align: justify;\">El programa de alfabetizaci\u00f3n se erige como un pilar fundamental en la construcci\u00f3n de una sociedad m\u00e1s justa y equitativa, donde los estudiantes del TecNM se convierten en agentes activos en la construcci\u00f3n de un M\u00e9xico mejor. Este compromiso demuestra que el TecNM no solo se preocupa por el desarrollo acad\u00e9mico, sino que tambi\u00e9n se involucra activamente en iniciativas que impactan positivamente en la sociedad. El inicio del ciclo escolar no solo marca el comienzo de clases, sino el comienzo de una etapa donde el TecNM sigue transformando vidas y construyendo un M\u00e9xico m\u00e1s justo.<\/p>\n<p style=\"font-weight: 400; text-align: justify;\">El acto cont\u00f3 con la presencia de: la Delegada de la SEV en Coatzacoalcos, Mtra. Paola Cabrera Antonio; la Alcaldesa del H. Ayuntamiento de Minatitl\u00e1n, Dra. Carmen Medel Palma; el Alcalde del H. Ayuntamiento de Cosoleacaque, Lic. Ponciano V\u00e1zquez Parissi; la Regidora de Educaci\u00f3n del H. Ayuntamiento de Coatzacoalcos, Lic. Yajaira Tadeo Rodr\u00edguez; el Presidente de CANACO Delegaci\u00f3n Minatitl\u00e1n, Lic. Erick Jacobo Cisneros Ixba; El Tesorero CANACINTRA, el Ing. Mario Eduardo V\u00e1zquez Mendoza; la Secretaria General de la Delegaci\u00f3n D-V-117, Lic. Iracema Ort\u00edz Montalvo; el Subdirector de Servicios Administrativos del TecNM Campus Minatitl\u00e1n, el Mtro. Eduardo Enoch Galindo S\u00e1nchez; Subdirector Acad\u00e9mico, Dr. Gilberto Rodr\u00edguez Montufar, y el Subdirector de Planeaci\u00f3n y Vinculaci\u00f3n, Ing. Rafael D\u00edaz Rojas.<\/p>\n<p>cgbs<\/p>\n\n\n<figure class=\"wp-block-gallery has-nested-images columns-default is-cropped wp-block-gallery-1 is-layout-flex wp-block-gallery-is-layout-flex\">\n<figure class=\"wp-block-image size-large\"><a href=\"http:\/\/minatitlan.tecnm.mx\/wp-content\/uploads\/2024\/01\/31012024_CEREMONIA_INICIO_DE_CURSOS2.jpeg\" target=\"_blank\" rel=\"noopener\"><img loading=\"lazy\" decoding=\"async\" width=\"1024\" height=\"768\" data-id=\"34091\" src=\"http:\/\/minatitlan.tecnm.mx\/wp-content\/uploads\/2024\/01\/31012024_CEREMONIA_INICIO_DE_CURSOS2-1024x768.jpeg\" alt=\"\" class=\"wp-image-34091\" srcset=\"https:\/\/minatitlan.tecnm.mx\/wp-content\/uploads\/2024\/01\/31012024_CEREMONIA_INICIO_DE_CURSOS2-1024x768.jpeg 1024w, https:\/\/minatitlan.tecnm.mx\/wp-content\/uploads\/2024\/01\/31012024_CEREMONIA_INICIO_DE_CURSOS2-300x225.jpeg 300w, https:\/\/minatitlan.tecnm.mx\/wp-content\/uploads\/2024\/01\/31012024_CEREMONIA_INICIO_DE_CURSOS2-768x576.jpeg 768w, https:\/\/minatitlan.tecnm.mx\/wp-content\/uploads\/2024\/01\/31012024_CEREMONIA_INICIO_DE_CURSOS2-1536x1152.jpeg 1536w, https:\/\/minatitlan.tecnm.mx\/wp-content\/uploads\/2024\/01\/31012024_CEREMONIA_INICIO_DE_CURSOS2-2048x1536.jpeg 2048w\" sizes=\"auto, (max-width: 1024px) 100vw, 1024px\" \/><\/a><\/figure>\n\n\n\n<figure class=\"wp-block-image size-large\"><a href=\"http:\/\/minatitlan.tecnm.mx\/wp-content\/uploads\/2024\/01\/31012024_CEREMONIA_INICIO_DE_CURSOS3.jpeg\" target=\"_blank\" rel=\"noopener\"><img loading=\"lazy\" decoding=\"async\" width=\"1024\" height=\"768\" data-id=\"34092\" src=\"http:\/\/minatitlan.tecnm.mx\/wp-content\/uploads\/2024\/01\/31012024_CEREMONIA_INICIO_DE_CURSOS3-1024x768.jpeg\" alt=\"\" class=\"wp-image-34092\" srcset=\"https:\/\/minatitlan.tecnm.mx\/wp-content\/uploads\/2024\/01\/31012024_CEREMONIA_INICIO_DE_CURSOS3-1024x768.jpeg 1024w, https:\/\/minatitlan.tecnm.mx\/wp-content\/uploads\/2024\/01\/31012024_CEREMONIA_INICIO_DE_CURSOS3-300x225.jpeg 300w, https:\/\/minatitlan.tecnm.mx\/wp-content\/uploads\/2024\/01\/31012024_CEREMONIA_INICIO_DE_CURSOS3-768x576.jpeg 768w, https:\/\/minatitlan.tecnm.mx\/wp-content\/uploads\/2024\/01\/31012024_CEREMONIA_INICIO_DE_CURSOS3-1536x1152.jpeg 1536w, https:\/\/minatitlan.tecnm.mx\/wp-content\/uploads\/2024\/01\/31012024_CEREMONIA_INICIO_DE_CURSOS3-2048x1536.jpeg 2048w\" sizes=\"auto, (max-width: 1024px) 100vw, 1024px\" \/><\/a><\/figure>\n\n\n\n<figure class=\"wp-block-image size-large\"><a href=\"http:\/\/minatitlan.tecnm.mx\/wp-content\/uploads\/2024\/01\/31012024_CEREMONIA_INICIO_DE_CURSOS4.jpeg\" target=\"_blank\" rel=\"noopener\"><img loading=\"lazy\" decoding=\"async\" width=\"1024\" height=\"768\" data-id=\"34093\" src=\"http:\/\/minatitlan.tecnm.mx\/wp-content\/uploads\/2024\/01\/31012024_CEREMONIA_INICIO_DE_CURSOS4-1024x768.jpeg\" alt=\"\" class=\"wp-image-34093\" srcset=\"https:\/\/minatitlan.tecnm.mx\/wp-content\/uploads\/2024\/01\/31012024_CEREMONIA_INICIO_DE_CURSOS4-1024x768.jpeg 1024w, https:\/\/minatitlan.tecnm.mx\/wp-content\/uploads\/2024\/01\/31012024_CEREMONIA_INICIO_DE_CURSOS4-300x225.jpeg 300w, https:\/\/minatitlan.tecnm.mx\/wp-content\/uploads\/2024\/01\/31012024_CEREMONIA_INICIO_DE_CURSOS4-768x576.jpeg 768w, https:\/\/minatitlan.tecnm.mx\/wp-content\/uploads\/2024\/01\/31012024_CEREMONIA_INICIO_DE_CURSOS4-1536x1152.jpeg 1536w, https:\/\/minatitlan.tecnm.mx\/wp-content\/uploads\/2024\/01\/31012024_CEREMONIA_INICIO_DE_CURSOS4-2048x1536.jpeg 2048w\" sizes=\"auto, (max-width: 1024px) 100vw, 1024px\" \/><\/a><\/figure>\n\n\n\n<figure class=\"wp-block-image size-large\"><a href=\"http:\/\/minatitlan.tecnm.mx\/wp-content\/uploads\/2024\/01\/31012024_CEREMONIA_INICIO_DE_CURSOS5.jpeg\" target=\"_blank\" rel=\"noopener\"><img loading=\"lazy\" decoding=\"async\" width=\"1024\" height=\"768\" data-id=\"34094\" src=\"http:\/\/minatitlan.tecnm.mx\/wp-content\/uploads\/2024\/01\/31012024_CEREMONIA_INICIO_DE_CURSOS5-1024x768.jpeg\" alt=\"\" class=\"wp-image-34094\" srcset=\"https:\/\/minatitlan.tecnm.mx\/wp-content\/uploads\/2024\/01\/31012024_CEREMONIA_INICIO_DE_CURSOS5-1024x768.jpeg 1024w, https:\/\/minatitlan.tecnm.mx\/wp-content\/uploads\/2024\/01\/31012024_CEREMONIA_INICIO_DE_CURSOS5-300x225.jpeg 300w, https:\/\/minatitlan.tecnm.mx\/wp-content\/uploads\/2024\/01\/31012024_CEREMONIA_INICIO_DE_CURSOS5-768x576.jpeg 768w, https:\/\/minatitlan.tecnm.mx\/wp-content\/uploads\/2024\/01\/31012024_CEREMONIA_INICIO_DE_CURSOS5-1536x1152.jpeg 1536w, https:\/\/minatitlan.tecnm.mx\/wp-content\/uploads\/2024\/01\/31012024_CEREMONIA_INICIO_DE_CURSOS5-2048x1536.jpeg 2048w\" sizes=\"auto, (max-width: 1024px) 100vw, 1024px\" \/><\/a><\/figure>\n\n\n\n<figure class=\"wp-block-image size-large\"><a href=\"http:\/\/minatitlan.tecnm.mx\/wp-content\/uploads\/2024\/01\/31012024_CEREMONIA_INICIO_DE_CURSOS6.jpeg\" target=\"_blank\" rel=\"noopener\"><img loading=\"lazy\" decoding=\"async\" width=\"1024\" height=\"768\" data-id=\"34095\" src=\"http:\/\/minatitlan.tecnm.mx\/wp-content\/uploads\/2024\/01\/31012024_CEREMONIA_INICIO_DE_CURSOS6-1024x768.jpeg\" alt=\"\" class=\"wp-image-34095\" srcset=\"https:\/\/minatitlan.tecnm.mx\/wp-content\/uploads\/2024\/01\/31012024_CEREMONIA_INICIO_DE_CURSOS6-1024x768.jpeg 1024w, https:\/\/minatitlan.tecnm.mx\/wp-content\/uploads\/2024\/01\/31012024_CEREMONIA_INICIO_DE_CURSOS6-300x225.jpeg 300w, https:\/\/minatitlan.tecnm.mx\/wp-content\/uploads\/2024\/01\/31012024_CEREMONIA_INICIO_DE_CURSOS6-768x576.jpeg 768w, https:\/\/minatitlan.tecnm.mx\/wp-content\/uploads\/2024\/01\/31012024_CEREMONIA_INICIO_DE_CURSOS6-1536x1152.jpeg 1536w, https:\/\/minatitlan.tecnm.mx\/wp-content\/uploads\/2024\/01\/31012024_CEREMONIA_INICIO_DE_CURSOS6-2048x1536.jpeg 2048w\" sizes=\"auto, (max-width: 1024px) 100vw, 1024px\" \/><\/a><\/figure>\n\n\n\n<figure class=\"wp-block-image size-large\"><a href=\"http:\/\/minatitlan.tecnm.mx\/wp-content\/uploads\/2024\/01\/31012024_CEREMONIA_INICIO_DE_CURSOS7.jpeg\" target=\"_blank\" rel=\"noopener\"><img loading=\"lazy\" decoding=\"async\" width=\"1024\" height=\"768\" data-id=\"34096\" src=\"http:\/\/minatitlan.tecnm.mx\/wp-content\/uploads\/2024\/01\/31012024_CEREMONIA_INICIO_DE_CURSOS7-1024x768.jpeg\" alt=\"\" class=\"wp-image-34096\" srcset=\"https:\/\/minatitlan.tecnm.mx\/wp-content\/uploads\/2024\/01\/31012024_CEREMONIA_INICIO_DE_CURSOS7-1024x768.jpeg 1024w, https:\/\/minatitlan.tecnm.mx\/wp-content\/uploads\/2024\/01\/31012024_CEREMONIA_INICIO_DE_CURSOS7-300x225.jpeg 300w, https:\/\/minatitlan.tecnm.mx\/wp-content\/uploads\/2024\/01\/31012024_CEREMONIA_INICIO_DE_CURSOS7-768x576.jpeg 768w, https:\/\/minatitlan.tecnm.mx\/wp-content\/uploads\/2024\/01\/31012024_CEREMONIA_INICIO_DE_CURSOS7-1536x1152.jpeg 1536w, https:\/\/minatitlan.tecnm.mx\/wp-content\/uploads\/2024\/01\/31012024_CEREMONIA_INICIO_DE_CURSOS7-2048x1536.jpeg 2048w\" sizes=\"auto, (max-width: 1024px) 100vw, 1024px\" \/><\/a><\/figure>\n\n\n\n<figure class=\"wp-block-image size-large\"><a href=\"http:\/\/minatitlan.tecnm.mx\/wp-content\/uploads\/2024\/01\/31012024_CEREMONIA_INICIO_DE_CURSOS8.jpeg\" target=\"_blank\" rel=\"noopener\"><img loading=\"lazy\" decoding=\"async\" width=\"1024\" height=\"768\" data-id=\"34097\" src=\"http:\/\/minatitlan.tecnm.mx\/wp-content\/uploads\/2024\/01\/31012024_CEREMONIA_INICIO_DE_CURSOS8-1024x768.jpeg\" alt=\"\" class=\"wp-image-34097\" srcset=\"https:\/\/minatitlan.tecnm.mx\/wp-content\/uploads\/2024\/01\/31012024_CEREMONIA_INICIO_DE_CURSOS8-1024x768.jpeg 1024w, https:\/\/minatitlan.tecnm.mx\/wp-content\/uploads\/2024\/01\/31012024_CEREMONIA_INICIO_DE_CURSOS8-300x225.jpeg 300w, https:\/\/minatitlan.tecnm.mx\/wp-content\/uploads\/2024\/01\/31012024_CEREMONIA_INICIO_DE_CURSOS8-768x576.jpeg 768w, https:\/\/minatitlan.tecnm.mx\/wp-content\/uploads\/2024\/01\/31012024_CEREMONIA_INICIO_DE_CURSOS8-1536x1152.jpeg 1536w, https:\/\/minatitlan.tecnm.mx\/wp-content\/uploads\/2024\/01\/31012024_CEREMONIA_INICIO_DE_CURSOS8-2048x1536.jpeg 2048w\" sizes=\"auto, (max-width: 1024px) 100vw, 1024px\" \/><\/a><\/figure>\n\n\n\n<figure class=\"wp-block-image size-large\"><a href=\"http:\/\/minatitlan.tecnm.mx\/wp-content\/uploads\/2024\/01\/31012024_CEREMONIA_INICIO_DE_CURSOS9.jpeg\" target=\"_blank\" rel=\"noopener\"><img loading=\"lazy\" decoding=\"async\" width=\"1024\" height=\"768\" data-id=\"34098\" src=\"http:\/\/minatitlan.tecnm.mx\/wp-content\/uploads\/2024\/01\/31012024_CEREMONIA_INICIO_DE_CURSOS9-1024x768.jpeg\" alt=\"\" class=\"wp-image-34098\" srcset=\"https:\/\/minatitlan.tecnm.mx\/wp-content\/uploads\/2024\/01\/31012024_CEREMONIA_INICIO_DE_CURSOS9-1024x768.jpeg 1024w, https:\/\/minatitlan.tecnm.mx\/wp-content\/uploads\/2024\/01\/31012024_CEREMONIA_INICIO_DE_CURSOS9-300x225.jpeg 300w, https:\/\/minatitlan.tecnm.mx\/wp-content\/uploads\/2024\/01\/31012024_CEREMONIA_INICIO_DE_CURSOS9-768x576.jpeg 768w, https:\/\/minatitlan.tecnm.mx\/wp-content\/uploads\/2024\/01\/31012024_CEREMONIA_INICIO_DE_CURSOS9-1536x1152.jpeg 1536w, https:\/\/minatitlan.tecnm.mx\/wp-content\/uploads\/2024\/01\/31012024_CEREMONIA_INICIO_DE_CURSOS9-2048x1536.jpeg 2048w\" sizes=\"auto, (max-width: 1024px) 100vw, 1024px\" \/><\/a><\/figure>\n\n\n\n<figure class=\"wp-block-image size-large\"><a href=\"http:\/\/minatitlan.tecnm.mx\/wp-content\/uploads\/2024\/01\/31012024_CEREMONIA_INICIO_DE_CURSOS10.jpeg\" target=\"_blank\" rel=\"noopener\"><img loading=\"lazy\" decoding=\"async\" width=\"1024\" height=\"768\" data-id=\"34099\" src=\"http:\/\/minatitlan.tecnm.mx\/wp-content\/uploads\/2024\/01\/31012024_CEREMONIA_INICIO_DE_CURSOS10-1024x768.jpeg\" alt=\"\" class=\"wp-image-34099\" srcset=\"https:\/\/minatitlan.tecnm.mx\/wp-content\/uploads\/2024\/01\/31012024_CEREMONIA_INICIO_DE_CURSOS10-1024x768.jpeg 1024w, https:\/\/minatitlan.tecnm.mx\/wp-content\/uploads\/2024\/01\/31012024_CEREMONIA_INICIO_DE_CURSOS10-300x225.jpeg 300w, https:\/\/minatitlan.tecnm.mx\/wp-content\/uploads\/2024\/01\/31012024_CEREMONIA_INICIO_DE_CURSOS10-768x576.jpeg 768w, https:\/\/minatitlan.tecnm.mx\/wp-content\/uploads\/2024\/01\/31012024_CEREMONIA_INICIO_DE_CURSOS10-1536x1152.jpeg 1536w, https:\/\/minatitlan.tecnm.mx\/wp-content\/uploads\/2024\/01\/31012024_CEREMONIA_INICIO_DE_CURSOS10-2048x1536.jpeg 2048w\" sizes=\"auto, (max-width: 1024px) 100vw, 1024px\" \/><\/a><\/figure>\n\n\n\n<figure class=\"wp-block-image size-large\"><a href=\"http:\/\/minatitlan.tecnm.mx\/wp-content\/uploads\/2024\/01\/31012024_CEREMONIA_INICIO_DE_CURSOS11.jpeg\" target=\"_blank\" rel=\"noopener\"><img loading=\"lazy\" decoding=\"async\" width=\"1024\" height=\"768\" data-id=\"34100\" src=\"http:\/\/minatitlan.tecnm.mx\/wp-content\/uploads\/2024\/01\/31012024_CEREMONIA_INICIO_DE_CURSOS11-1024x768.jpeg\" alt=\"\" class=\"wp-image-34100\" srcset=\"https:\/\/minatitlan.tecnm.mx\/wp-content\/uploads\/2024\/01\/31012024_CEREMONIA_INICIO_DE_CURSOS11-1024x768.jpeg 1024w, https:\/\/minatitlan.tecnm.mx\/wp-content\/uploads\/2024\/01\/31012024_CEREMONIA_INICIO_DE_CURSOS11-300x225.jpeg 300w, https:\/\/minatitlan.tecnm.mx\/wp-content\/uploads\/2024\/01\/31012024_CEREMONIA_INICIO_DE_CURSOS11-768x576.jpeg 768w, https:\/\/minatitlan.tecnm.mx\/wp-content\/uploads\/2024\/01\/31012024_CEREMONIA_INICIO_DE_CURSOS11-1536x1152.jpeg 1536w, https:\/\/minatitlan.tecnm.mx\/wp-content\/uploads\/2024\/01\/31012024_CEREMONIA_INICIO_DE_CURSOS11-2048x1536.jpeg 2048w\" sizes=\"auto, (max-width: 1024px) 100vw, 1024px\" \/><\/a><\/figure>\n\n\n\n<figure class=\"wp-block-image size-large\"><a href=\"http:\/\/minatitlan.tecnm.mx\/wp-content\/uploads\/2024\/01\/31012024_CEREMONIA_INICIO_DE_CURSOS12.jpeg\" target=\"_blank\" rel=\"noopener\"><img loading=\"lazy\" decoding=\"async\" width=\"1024\" height=\"768\" data-id=\"34101\" src=\"http:\/\/minatitlan.tecnm.mx\/wp-content\/uploads\/2024\/01\/31012024_CEREMONIA_INICIO_DE_CURSOS12-1024x768.jpeg\" alt=\"\" class=\"wp-image-34101\" srcset=\"https:\/\/minatitlan.tecnm.mx\/wp-content\/uploads\/2024\/01\/31012024_CEREMONIA_INICIO_DE_CURSOS12-1024x768.jpeg 1024w, https:\/\/minatitlan.tecnm.mx\/wp-content\/uploads\/2024\/01\/31012024_CEREMONIA_INICIO_DE_CURSOS12-300x225.jpeg 300w, https:\/\/minatitlan.tecnm.mx\/wp-content\/uploads\/2024\/01\/31012024_CEREMONIA_INICIO_DE_CURSOS12-768x576.jpeg 768w, https:\/\/minatitlan.tecnm.mx\/wp-content\/uploads\/2024\/01\/31012024_CEREMONIA_INICIO_DE_CURSOS12-1536x1152.jpeg 1536w, https:\/\/minatitlan.tecnm.mx\/wp-content\/uploads\/2024\/01\/31012024_CEREMONIA_INICIO_DE_CURSOS12-2048x1536.jpeg 2048w\" sizes=\"auto, (max-width: 1024px) 100vw, 1024px\" \/><\/a><\/figure>\n\n\n\n<figure class=\"wp-block-image size-large\"><a href=\"http:\/\/minatitlan.tecnm.mx\/wp-content\/uploads\/2024\/01\/31012024_CEREMONIA_INICIO_DE_CURSOS13.jpeg\" target=\"_blank\" rel=\"noopener\"><img loading=\"lazy\" decoding=\"async\" width=\"1024\" height=\"768\" data-id=\"34102\" src=\"http:\/\/minatitlan.tecnm.mx\/wp-content\/uploads\/2024\/01\/31012024_CEREMONIA_INICIO_DE_CURSOS13-1024x768.jpeg\" alt=\"\" class=\"wp-image-34102\" srcset=\"https:\/\/minatitlan.tecnm.mx\/wp-content\/uploads\/2024\/01\/31012024_CEREMONIA_INICIO_DE_CURSOS13-1024x768.jpeg 1024w, https:\/\/minatitlan.tecnm.mx\/wp-content\/uploads\/2024\/01\/31012024_CEREMONIA_INICIO_DE_CURSOS13-300x225.jpeg 300w, https:\/\/minatitlan.tecnm.mx\/wp-content\/uploads\/2024\/01\/31012024_CEREMONIA_INICIO_DE_CURSOS13-768x576.jpeg 768w, https:\/\/minatitlan.tecnm.mx\/wp-content\/uploads\/2024\/01\/31012024_CEREMONIA_INICIO_DE_CURSOS13-1536x1152.jpeg 1536w, https:\/\/minatitlan.tecnm.mx\/wp-content\/uploads\/2024\/01\/31012024_CEREMONIA_INICIO_DE_CURSOS13-2048x1536.jpeg 2048w\" sizes=\"auto, (max-width: 1024px) 100vw, 1024px\" \/><\/a><\/figure>\n\n\n\n<figure class=\"wp-block-image size-large\"><a href=\"http:\/\/minatitlan.tecnm.mx\/wp-content\/uploads\/2024\/01\/31012024_CEREMONIA_INICIO_DE_CURSOS14.jpeg\" target=\"_blank\" rel=\"noopener\"><img loading=\"lazy\" decoding=\"async\" width=\"1024\" height=\"768\" data-id=\"34103\" src=\"http:\/\/minatitlan.tecnm.mx\/wp-content\/uploads\/2024\/01\/31012024_CEREMONIA_INICIO_DE_CURSOS14-1024x768.jpeg\" alt=\"\" class=\"wp-image-34103\" srcset=\"https:\/\/minatitlan.tecnm.mx\/wp-content\/uploads\/2024\/01\/31012024_CEREMONIA_INICIO_DE_CURSOS14-1024x768.jpeg 1024w, https:\/\/minatitlan.tecnm.mx\/wp-content\/uploads\/2024\/01\/31012024_CEREMONIA_INICIO_DE_CURSOS14-300x225.jpeg 300w, https:\/\/minatitlan.tecnm.mx\/wp-content\/uploads\/2024\/01\/31012024_CEREMONIA_INICIO_DE_CURSOS14-768x576.jpeg 768w, https:\/\/minatitlan.tecnm.mx\/wp-content\/uploads\/2024\/01\/31012024_CEREMONIA_INICIO_DE_CURSOS14-1536x1152.jpeg 1536w, https:\/\/minatitlan.tecnm.mx\/wp-content\/uploads\/2024\/01\/31012024_CEREMONIA_INICIO_DE_CURSOS14-2048x1536.jpeg 2048w\" sizes=\"auto, (max-width: 1024px) 100vw, 1024px\" \/><\/a><\/figure>\n\n\n\n<figure class=\"wp-block-image size-large\"><a href=\"http:\/\/minatitlan.tecnm.mx\/wp-content\/uploads\/2024\/01\/31012024_CEREMONIA_INICIO_DE_CURSOS15.jpeg\" target=\"_blank\" rel=\"noopener\"><img loading=\"lazy\" decoding=\"async\" width=\"1024\" height=\"768\" data-id=\"34104\" src=\"http:\/\/minatitlan.tecnm.mx\/wp-content\/uploads\/2024\/01\/31012024_CEREMONIA_INICIO_DE_CURSOS15-1024x768.jpeg\" alt=\"\" class=\"wp-image-34104\" srcset=\"https:\/\/minatitlan.tecnm.mx\/wp-content\/uploads\/2024\/01\/31012024_CEREMONIA_INICIO_DE_CURSOS15-1024x768.jpeg 1024w, https:\/\/minatitlan.tecnm.mx\/wp-content\/uploads\/2024\/01\/31012024_CEREMONIA_INICIO_DE_CURSOS15-300x225.jpeg 300w, https:\/\/minatitlan.tecnm.mx\/wp-content\/uploads\/2024\/01\/31012024_CEREMONIA_INICIO_DE_CURSOS15-768x576.jpeg 768w, https:\/\/minatitlan.tecnm.mx\/wp-content\/uploads\/2024\/01\/31012024_CEREMONIA_INICIO_DE_CURSOS15-1536x1152.jpeg 1536w, https:\/\/minatitlan.tecnm.mx\/wp-content\/uploads\/2024\/01\/31012024_CEREMONIA_INICIO_DE_CURSOS15-2048x1536.jpeg 2048w\" sizes=\"auto, (max-width: 1024px) 100vw, 1024px\" \/><\/a><\/figure>\n\n\n\n<figure class=\"wp-block-image size-large\"><a href=\"http:\/\/minatitlan.tecnm.mx\/wp-content\/uploads\/2024\/01\/31012024_CEREMONIA_INICIO_DE_CURSOS16.jpeg\" target=\"_blank\" rel=\"noopener\"><img loading=\"lazy\" decoding=\"async\" width=\"1024\" height=\"768\" data-id=\"34105\" src=\"http:\/\/minatitlan.tecnm.mx\/wp-content\/uploads\/2024\/01\/31012024_CEREMONIA_INICIO_DE_CURSOS16-1024x768.jpeg\" alt=\"\" class=\"wp-image-34105\" srcset=\"https:\/\/minatitlan.tecnm.mx\/wp-content\/uploads\/2024\/01\/31012024_CEREMONIA_INICIO_DE_CURSOS16-1024x768.jpeg 1024w, https:\/\/minatitlan.tecnm.mx\/wp-content\/uploads\/2024\/01\/31012024_CEREMONIA_INICIO_DE_CURSOS16-300x225.jpeg 300w, https:\/\/minatitlan.tecnm.mx\/wp-content\/uploads\/2024\/01\/31012024_CEREMONIA_INICIO_DE_CURSOS16-768x576.jpeg 768w, https:\/\/minatitlan.tecnm.mx\/wp-content\/uploads\/2024\/01\/31012024_CEREMONIA_INICIO_DE_CURSOS16-1536x1152.jpeg 1536w, https:\/\/minatitlan.tecnm.mx\/wp-content\/uploads\/2024\/01\/31012024_CEREMONIA_INICIO_DE_CURSOS16-2048x1536.jpeg 2048w\" sizes=\"auto, (max-width: 1024px) 100vw, 1024px\" \/><\/a><\/figure>\n\n\n\n<figure class=\"wp-block-image size-large\"><a href=\"http:\/\/minatitlan.tecnm.mx\/wp-content\/uploads\/2024\/01\/31012024_CEREMONIA_INICIO_DE_CURSOS17.jpeg\" target=\"_blank\" rel=\"noopener\"><img loading=\"lazy\" decoding=\"async\" width=\"1024\" height=\"768\" data-id=\"34106\" src=\"http:\/\/minatitlan.tecnm.mx\/wp-content\/uploads\/2024\/01\/31012024_CEREMONIA_INICIO_DE_CURSOS17-1024x768.jpeg\" alt=\"\" class=\"wp-image-34106\" srcset=\"https:\/\/minatitlan.tecnm.mx\/wp-content\/uploads\/2024\/01\/31012024_CEREMONIA_INICIO_DE_CURSOS17-1024x768.jpeg 1024w, https:\/\/minatitlan.tecnm.mx\/wp-content\/uploads\/2024\/01\/31012024_CEREMONIA_INICIO_DE_CURSOS17-300x225.jpeg 300w, https:\/\/minatitlan.tecnm.mx\/wp-content\/uploads\/2024\/01\/31012024_CEREMONIA_INICIO_DE_CURSOS17-768x576.jpeg 768w, https:\/\/minatitlan.tecnm.mx\/wp-content\/uploads\/2024\/01\/31012024_CEREMONIA_INICIO_DE_CURSOS17-1536x1152.jpeg 1536w, https:\/\/minatitlan.tecnm.mx\/wp-content\/uploads\/2024\/01\/31012024_CEREMONIA_INICIO_DE_CURSOS17-2048x1536.jpeg 2048w\" sizes=\"auto, (max-width: 1024px) 100vw, 1024px\" \/><\/a><\/figure>\n\n\n\n<figure class=\"wp-block-image size-large\"><a href=\"http:\/\/minatitlan.tecnm.mx\/wp-content\/uploads\/2024\/01\/31012024_CEREMONIA_INICIO_DE_CURSOS18.jpeg\" target=\"_blank\" rel=\"noopener\"><img loading=\"lazy\" decoding=\"async\" width=\"1024\" height=\"768\" data-id=\"34107\" src=\"http:\/\/minatitlan.tecnm.mx\/wp-content\/uploads\/2024\/01\/31012024_CEREMONIA_INICIO_DE_CURSOS18-1024x768.jpeg\" alt=\"\" class=\"wp-image-34107\" srcset=\"https:\/\/minatitlan.tecnm.mx\/wp-content\/uploads\/2024\/01\/31012024_CEREMONIA_INICIO_DE_CURSOS18-1024x768.jpeg 1024w, https:\/\/minatitlan.tecnm.mx\/wp-content\/uploads\/2024\/01\/31012024_CEREMONIA_INICIO_DE_CURSOS18-300x225.jpeg 300w, https:\/\/minatitlan.tecnm.mx\/wp-content\/uploads\/2024\/01\/31012024_CEREMONIA_INICIO_DE_CURSOS18-768x576.jpeg 768w, https:\/\/minatitlan.tecnm.mx\/wp-content\/uploads\/2024\/01\/31012024_CEREMONIA_INICIO_DE_CURSOS18-1536x1152.jpeg 1536w, https:\/\/minatitlan.tecnm.mx\/wp-content\/uploads\/2024\/01\/31012024_CEREMONIA_INICIO_DE_CURSOS18-2048x1536.jpeg 2048w\" sizes=\"auto, (max-width: 1024px) 100vw, 1024px\" \/><\/a><\/figure>\n\n\n\n<figure class=\"wp-block-image size-large\"><a href=\"http:\/\/minatitlan.tecnm.mx\/wp-content\/uploads\/2024\/01\/31012024_CEREMONIA_INICIO_DE_CURSOS19.jpeg\" target=\"_blank\" rel=\"noopener\"><img loading=\"lazy\" decoding=\"async\" width=\"1024\" height=\"768\" data-id=\"34108\" src=\"http:\/\/minatitlan.tecnm.mx\/wp-content\/uploads\/2024\/01\/31012024_CEREMONIA_INICIO_DE_CURSOS19-1024x768.jpeg\" alt=\"\" class=\"wp-image-34108\" srcset=\"https:\/\/minatitlan.tecnm.mx\/wp-content\/uploads\/2024\/01\/31012024_CEREMONIA_INICIO_DE_CURSOS19-1024x768.jpeg 1024w, https:\/\/minatitlan.tecnm.mx\/wp-content\/uploads\/2024\/01\/31012024_CEREMONIA_INICIO_DE_CURSOS19-300x225.jpeg 300w, https:\/\/minatitlan.tecnm.mx\/wp-content\/uploads\/2024\/01\/31012024_CEREMONIA_INICIO_DE_CURSOS19-768x576.jpeg 768w, https:\/\/minatitlan.tecnm.mx\/wp-content\/uploads\/2024\/01\/31012024_CEREMONIA_INICIO_DE_CURSOS19-1536x1152.jpeg 1536w, https:\/\/minatitlan.tecnm.mx\/wp-content\/uploads\/2024\/01\/31012024_CEREMONIA_INICIO_DE_CURSOS19-2048x1536.jpeg 2048w\" sizes=\"auto, (max-width: 1024px) 100vw, 1024px\" \/><\/a><\/figure>\n\n\n\n<figure class=\"wp-block-image size-large\"><a href=\"http:\/\/minatitlan.tecnm.mx\/wp-content\/uploads\/2024\/01\/31012024_CEREMONIA_INICIO_DE_CURSOS20.jpeg\" target=\"_blank\" rel=\"noopener\"><img loading=\"lazy\" decoding=\"async\" width=\"1024\" height=\"768\" data-id=\"34109\" src=\"http:\/\/minatitlan.tecnm.mx\/wp-content\/uploads\/2024\/01\/31012024_CEREMONIA_INICIO_DE_CURSOS20-1024x768.jpeg\" alt=\"\" class=\"wp-image-34109\" srcset=\"https:\/\/minatitlan.tecnm.mx\/wp-content\/uploads\/2024\/01\/31012024_CEREMONIA_INICIO_DE_CURSOS20-1024x768.jpeg 1024w, https:\/\/minatitlan.tecnm.mx\/wp-content\/uploads\/2024\/01\/31012024_CEREMONIA_INICIO_DE_CURSOS20-300x225.jpeg 300w, https:\/\/minatitlan.tecnm.mx\/wp-content\/uploads\/2024\/01\/31012024_CEREMONIA_INICIO_DE_CURSOS20-768x576.jpeg 768w, https:\/\/minatitlan.tecnm.mx\/wp-content\/uploads\/2024\/01\/31012024_CEREMONIA_INICIO_DE_CURSOS20-1536x1152.jpeg 1536w, https:\/\/minatitlan.tecnm.mx\/wp-content\/uploads\/2024\/01\/31012024_CEREMONIA_INICIO_DE_CURSOS20-2048x1536.jpeg 2048w\" sizes=\"auto, (max-width: 1024px) 100vw, 1024px\" \/><\/a><\/figure>\n\n\n\n<figure class=\"wp-block-image size-large\"><a href=\"http:\/\/minatitlan.tecnm.mx\/wp-content\/uploads\/2024\/01\/31012024_CEREMONIA_INICIO_DE_CURSOS21.jpeg\" target=\"_blank\" rel=\"noopener\"><img loading=\"lazy\" decoding=\"async\" width=\"1024\" height=\"768\" data-id=\"34110\" src=\"http:\/\/minatitlan.tecnm.mx\/wp-content\/uploads\/2024\/01\/31012024_CEREMONIA_INICIO_DE_CURSOS21-1024x768.jpeg\" alt=\"\" class=\"wp-image-34110\" srcset=\"https:\/\/minatitlan.tecnm.mx\/wp-content\/uploads\/2024\/01\/31012024_CEREMONIA_INICIO_DE_CURSOS21-1024x768.jpeg 1024w, https:\/\/minatitlan.tecnm.mx\/wp-content\/uploads\/2024\/01\/31012024_CEREMONIA_INICIO_DE_CURSOS21-300x225.jpeg 300w, https:\/\/minatitlan.tecnm.mx\/wp-content\/uploads\/2024\/01\/31012024_CEREMONIA_INICIO_DE_CURSOS21-768x576.jpeg 768w, https:\/\/minatitlan.tecnm.mx\/wp-content\/uploads\/2024\/01\/31012024_CEREMONIA_INICIO_DE_CURSOS21-1536x1152.jpeg 1536w, https:\/\/minatitlan.tecnm.mx\/wp-content\/uploads\/2024\/01\/31012024_CEREMONIA_INICIO_DE_CURSOS21-2048x1536.jpeg 2048w\" sizes=\"auto, (max-width: 1024px) 100vw, 1024px\" \/><\/a><\/figure>\n\n\n\n<figure class=\"wp-block-image size-large\"><a href=\"http:\/\/minatitlan.tecnm.mx\/wp-content\/uploads\/2024\/01\/31012024_CEREMONIA_INICIO_DE_CURSOS22.jpeg\" target=\"_blank\" rel=\"noopener\"><img loading=\"lazy\" decoding=\"async\" width=\"1024\" height=\"768\" data-id=\"34111\" src=\"http:\/\/minatitlan.tecnm.mx\/wp-content\/uploads\/2024\/01\/31012024_CEREMONIA_INICIO_DE_CURSOS22-1024x768.jpeg\" alt=\"\" class=\"wp-image-34111\" srcset=\"https:\/\/minatitlan.tecnm.mx\/wp-content\/uploads\/2024\/01\/31012024_CEREMONIA_INICIO_DE_CURSOS22-1024x768.jpeg 1024w, https:\/\/minatitlan.tecnm.mx\/wp-content\/uploads\/2024\/01\/31012024_CEREMONIA_INICIO_DE_CURSOS22-300x225.jpeg 300w, https:\/\/minatitlan.tecnm.mx\/wp-content\/uploads\/2024\/01\/31012024_CEREMONIA_INICIO_DE_CURSOS22-768x576.jpeg 768w, https:\/\/minatitlan.tecnm.mx\/wp-content\/uploads\/2024\/01\/31012024_CEREMONIA_INICIO_DE_CURSOS22-1536x1152.jpeg 1536w, https:\/\/minatitlan.tecnm.mx\/wp-content\/uploads\/2024\/01\/31012024_CEREMONIA_INICIO_DE_CURSOS22-2048x1536.jpeg 2048w\" sizes=\"auto, (max-width: 1024px) 100vw, 1024px\" \/><\/a><\/figure>\n\n\n\n<figure class=\"wp-block-image size-large\"><a href=\"http:\/\/minatitlan.tecnm.mx\/wp-content\/uploads\/2024\/01\/31012024_CEREMONIA_INICIO_DE_CURSOS23.jpeg\" target=\"_blank\" rel=\"noopener\"><img loading=\"lazy\" decoding=\"async\" width=\"1024\" height=\"768\" data-id=\"34112\" src=\"http:\/\/minatitlan.tecnm.mx\/wp-content\/uploads\/2024\/01\/31012024_CEREMONIA_INICIO_DE_CURSOS23-1024x768.jpeg\" alt=\"\" class=\"wp-image-34112\" srcset=\"https:\/\/minatitlan.tecnm.mx\/wp-content\/uploads\/2024\/01\/31012024_CEREMONIA_INICIO_DE_CURSOS23-1024x768.jpeg 1024w, https:\/\/minatitlan.tecnm.mx\/wp-content\/uploads\/2024\/01\/31012024_CEREMONIA_INICIO_DE_CURSOS23-300x225.jpeg 300w, https:\/\/minatitlan.tecnm.mx\/wp-content\/uploads\/2024\/01\/31012024_CEREMONIA_INICIO_DE_CURSOS23-768x576.jpeg 768w, https:\/\/minatitlan.tecnm.mx\/wp-content\/uploads\/2024\/01\/31012024_CEREMONIA_INICIO_DE_CURSOS23-1536x1152.jpeg 1536w, https:\/\/minatitlan.tecnm.mx\/wp-content\/uploads\/2024\/01\/31012024_CEREMONIA_INICIO_DE_CURSOS23-2048x1536.jpeg 2048w\" sizes=\"auto, (max-width: 1024px) 100vw, 1024px\" \/><\/a><\/figure>\n\n\n\n<figure class=\"wp-block-image size-large\"><a href=\"http:\/\/minatitlan.tecnm.mx\/wp-content\/uploads\/2024\/01\/31012024_CEREMONIA_INICIO_DE_CURSOS24.jpeg\" target=\"_blank\" rel=\"noopener\"><img loading=\"lazy\" decoding=\"async\" width=\"1024\" height=\"768\" data-id=\"34113\" src=\"http:\/\/minatitlan.tecnm.mx\/wp-content\/uploads\/2024\/01\/31012024_CEREMONIA_INICIO_DE_CURSOS24-1024x768.jpeg\" alt=\"\" class=\"wp-image-34113\" srcset=\"https:\/\/minatitlan.tecnm.mx\/wp-content\/uploads\/2024\/01\/31012024_CEREMONIA_INICIO_DE_CURSOS24-1024x768.jpeg 1024w, https:\/\/minatitlan.tecnm.mx\/wp-content\/uploads\/2024\/01\/31012024_CEREMONIA_INICIO_DE_CURSOS24-300x225.jpeg 300w, https:\/\/minatitlan.tecnm.mx\/wp-content\/uploads\/2024\/01\/31012024_CEREMONIA_INICIO_DE_CURSOS24-768x576.jpeg 768w, https:\/\/minatitlan.tecnm.mx\/wp-content\/uploads\/2024\/01\/31012024_CEREMONIA_INICIO_DE_CURSOS24-1536x1152.jpeg 1536w, https:\/\/minatitlan.tecnm.mx\/wp-content\/uploads\/2024\/01\/31012024_CEREMONIA_INICIO_DE_CURSOS24-2048x1536.jpeg 2048w\" sizes=\"auto, (max-width: 1024px) 100vw, 1024px\" \/><\/a><\/figure>\n\n\n\n<figure class=\"wp-block-image size-large\"><a href=\"http:\/\/minatitlan.tecnm.mx\/wp-content\/uploads\/2024\/01\/31012024_CEREMONIA_INICIO_DE_CURSOS25.jpeg\" target=\"_blank\" rel=\"noopener\"><img loading=\"lazy\" decoding=\"async\" width=\"1024\" height=\"768\" data-id=\"34115\" src=\"http:\/\/minatitlan.tecnm.mx\/wp-content\/uploads\/2024\/01\/31012024_CEREMONIA_INICIO_DE_CURSOS25-1024x768.jpeg\" alt=\"\" class=\"wp-image-34115\" srcset=\"https:\/\/minatitlan.tecnm.mx\/wp-content\/uploads\/2024\/01\/31012024_CEREMONIA_INICIO_DE_CURSOS25-1024x768.jpeg 1024w, https:\/\/minatitlan.tecnm.mx\/wp-content\/uploads\/2024\/01\/31012024_CEREMONIA_INICIO_DE_CURSOS25-300x225.jpeg 300w, https:\/\/minatitlan.tecnm.mx\/wp-content\/uploads\/2024\/01\/31012024_CEREMONIA_INICIO_DE_CURSOS25-768x576.jpeg 768w, https:\/\/minatitlan.tecnm.mx\/wp-content\/uploads\/2024\/01\/31012024_CEREMONIA_INICIO_DE_CURSOS25-1536x1152.jpeg 1536w, https:\/\/minatitlan.tecnm.mx\/wp-content\/uploads\/2024\/01\/31012024_CEREMONIA_INICIO_DE_CURSOS25-2048x1536.jpeg 2048w\" sizes=\"auto, (max-width: 1024px) 100vw, 1024px\" \/><\/a><\/figure>\n<figcaption class=\"blocks-gallery-caption wp-element-caption\"><em>Orgullosamente TecMina.<\/em><\/figcaption><\/figure>\n","protected":false},"excerpt":{"rendered":"<p>MAESTRO SERGIO FERNANDO GARIBAY ARMENTA PRESIDE CEREMONIA DE INICIO DE CURSOS CORRESPONDIENTE AL PERIODO ENERO-JUNIO 2024 Y ENTREGA 38 CONSTANCIAS A ADULTOS EGRESADOS DEL PROGRAMA NACIONAL DE ALFABETIZACI\u00d3N \u201cALFABETIZATEC\u201d Minatitl\u00e1n, Ver. 31\/01\/2024.- En un acto lleno de emotividad y compromiso, el Director del Tecnol\u00f3gico Nacional de M\u00e9xico Campus Minatitl\u00e1n, Mtro. Sergio Fernando Garibay Armenta, encabez\u00f3 [&hellip;]<\/p>\n","protected":false},"author":2,"featured_media":34090,"comment_status":"closed","ping_status":"open","sticky":false,"template":"","format":"standard","meta":{"advgb_blocks_editor_width":"","advgb_blocks_columns_visual_guide":"","footnotes":""},"categories":[12],"tags":[],"class_list":["post-34114","post","type-post","status-publish","format-standard","has-post-thumbnail","hentry","category-noticias"],"author_meta":{"display_name":"Comunicaci\u00f3n y Difusi\u00f3n","author_link":"https:\/\/minatitlan.tecnm.mx\/index.php\/author\/comunicacion-y-difusion\/"},"featured_img":"https:\/\/minatitlan.tecnm.mx\/wp-content\/uploads\/2024\/01\/31012024_CEREMONIA_INICIO_DE_CURSOS1-300x225.jpeg","coauthors":[],"tax_additional":{"categories":{"linked":["<a href=\"https:\/\/minatitlan.tecnm.mx\/index.php\/category\/noticias\/\" class=\"advgb-post-tax-term\">noticias<\/a>"],"unlinked":["<span class=\"advgb-post-tax-term\">noticias<\/span>"]}},"comment_count":"0","relative_dates":{"created":"Publicado 3 a\u00f1os hace","modified":"Actualizado 3 a\u00f1os hace"},"absolute_dates":{"created":"Publicado el 31 enero, 2024","modified":"Actualizado el 31 enero, 2024"},"absolute_dates_time":{"created":"Publicado el 31 enero, 2024 9:41 pm","modified":"Actualizado el 31 enero, 2024 9:41 pm"},"featured_img_caption":"","series_order":"","_links":{"self":[{"href":"https:\/\/minatitlan.tecnm.mx\/index.php\/wp-json\/wp\/v2\/posts\/34114","targetHints":{"allow":["GET"]}}],"collection":[{"href":"https:\/\/minatitlan.tecnm.mx\/index.php\/wp-json\/wp\/v2\/posts"}],"about":[{"href":"https:\/\/minatitlan.tecnm.mx\/index.php\/wp-json\/wp\/v2\/types\/post"}],"author":[{"embeddable":true,"href":"https:\/\/minatitlan.tecnm.mx\/index.php\/wp-json\/wp\/v2\/users\/2"}],"replies":[{"embeddable":true,"href":"https:\/\/minatitlan.tecnm.mx\/index.php\/wp-json\/wp\/v2\/comments?post=34114"}],"version-history":[{"count":1,"href":"https:\/\/minatitlan.tecnm.mx\/index.php\/wp-json\/wp\/v2\/posts\/34114\/revisions"}],"predecessor-version":[{"id":34116,"href":"https:\/\/minatitlan.tecnm.mx\/index.php\/wp-json\/wp\/v2\/posts\/34114\/revisions\/34116"}],"wp:featuredmedia":[{"embeddable":true,"href":"https:\/\/minatitlan.tecnm.mx\/index.php\/wp-json\/wp\/v2\/media\/34090"}],"wp:attachment":[{"href":"https:\/\/minatitlan.tecnm.mx\/index.php\/wp-json\/wp\/v2\/media?parent=34114"}],"wp:term":[{"taxonomy":"category","embeddable":true,"href":"https:\/\/minatitlan.tecnm.mx\/index.php\/wp-json\/wp\/v2\/categories?post=34114"},{"taxonomy":"post_tag","embeddable":true,"href":"https:\/\/minatitlan.tecnm.mx\/index.php\/wp-json\/wp\/v2\/tags?post=34114"}],"curies":[{"name":"wp","href":"https:\/\/api.w.org\/{rel}","templated":true}]}}