{"id":36078,"date":"2024-05-02T21:08:19","date_gmt":"2024-05-03T03:08:19","guid":{"rendered":"http:\/\/minatitlan.tecnm.mx\/?p=36078"},"modified":"2024-05-02T21:08:20","modified_gmt":"2024-05-03T03:08:20","slug":"dialogando-con-el-investigador-arturo-vera-hernandez","status":"publish","type":"post","link":"https:\/\/minatitlan.tecnm.mx\/index.php\/dialogando-con-el-investigador-arturo-vera-hernandez\/","title":{"rendered":"DIALOGANDO CON EL INVESTIGADOR ARTURO VERA HERN\u00c1NDEZ"},"content":{"rendered":"<p style=\"text-align: justify;\"><button id=\"listenButton1\" class=\"responsivevoice-button\" type=\"button\" value=\"Play\" title=\"ResponsiveVoice Tap to Start\/Stop Speech\"><span>&#128266; Clic para Narrar Texto<\/span><\/button>\n        <script>\n            listenButton1.onclick = function(){\n                if(responsiveVoice.isPlaying()){\n                    responsiveVoice.cancel();\n                }else{\n                    responsiveVoice.speak(\"Minatitl\u00e1n, Ver. 02\/05\/2024.-\u00a0El Tecnol\u00f3gico Nacional de M\u00e9xico (TecNM) Minatitl\u00e1n, a trav\u00e9s de la Divisi\u00f3n de Estudios de Posgrado e Investigaci\u00f3n y el Departamento de Ingenier\u00eda El\u00e9ctrica y Electr\u00f3nica, llev\u00f3 a cabo la conferencia \\\"Dialogando con un Investigador\\\", destacando la participaci\u00f3n del Dr. Arturo Vera Hern\u00e1ndez. Esta iniciativa, ofreci\u00f3 una valiosa oportunidad para explorar temas relevantes en ingenier\u00eda electr\u00f3nica, reafirmando el compromiso del TecNM Minatitl\u00e1n con la excelencia acad\u00e9mica y el avance cient\u00edfico. La activa participaci\u00f3n de las y los estudiantes de Ingenier\u00eda Electr\u00f3nica resalta el compromiso de la comunidad estudiantil con la b\u00fasqueda de conocimiento y el desarrollo de habilidades investigativas. Esta interacci\u00f3n enriquece el crecimiento personal y profesional de los estudiantes, inspirando a trav\u00e9s del conocimiento y la experiencia compartida por destacados profesionales en el campo de la ingenier\u00eda electr\u00f3nica. cgbs Orgullosamente TecMina.\", \"Spanish Latin American Female\");\n                }\n            };\n        <\/script>\n    <\/p>\n<p style=\"text-align: justify;\"><strong><em>Minatitl\u00e1n, Ver. 02\/05\/2024.-<\/em><\/strong>\u00a0El Tecnol\u00f3gico Nacional de M\u00e9xico (TecNM) Minatitl\u00e1n, a trav\u00e9s de la Divisi\u00f3n de Estudios de Posgrado e Investigaci\u00f3n y el Departamento de Ingenier\u00eda El\u00e9ctrica y Electr\u00f3nica, llev\u00f3 a cabo la conferencia &#8220;Dialogando con un Investigador&#8221;, destacando la participaci\u00f3n del Dr. Arturo Vera Hern\u00e1ndez. Esta iniciativa, ofreci\u00f3 una valiosa oportunidad para explorar temas relevantes en ingenier\u00eda electr\u00f3nica, reafirmando el compromiso del TecNM Minatitl\u00e1n con la excelencia acad\u00e9mica y el avance cient\u00edfico.<\/p>\n<p style=\"text-align: justify;\">La activa participaci\u00f3n de las y los estudiantes de Ingenier\u00eda Electr\u00f3nica resalta el compromiso de la comunidad estudiantil con la b\u00fasqueda de conocimiento y el desarrollo de habilidades investigativas. Esta interacci\u00f3n enriquece el crecimiento personal y profesional de los estudiantes, inspirando a trav\u00e9s del conocimiento y la experiencia compartida por destacados profesionales en el campo de la ingenier\u00eda electr\u00f3nica.<\/p>\n<p style=\"text-align: justify;\">cgbs<\/p>\n\n\n<figure class=\"wp-block-gallery has-nested-images columns-default is-cropped wp-block-gallery-1 is-layout-flex wp-block-gallery-is-layout-flex\">\n<figure class=\"wp-block-image size-large\"><img loading=\"lazy\" decoding=\"async\" width=\"1024\" height=\"768\" data-id=\"36077\" src=\"http:\/\/minatitlan.tecnm.mx\/wp-content\/uploads\/2024\/05\/02052024_DOC_RAFA_2_2-1024x768.jpeg\" alt=\"\" class=\"wp-image-36077\" srcset=\"https:\/\/minatitlan.tecnm.mx\/wp-content\/uploads\/2024\/05\/02052024_DOC_RAFA_2_2-1024x768.jpeg 1024w, https:\/\/minatitlan.tecnm.mx\/wp-content\/uploads\/2024\/05\/02052024_DOC_RAFA_2_2-300x225.jpeg 300w, https:\/\/minatitlan.tecnm.mx\/wp-content\/uploads\/2024\/05\/02052024_DOC_RAFA_2_2-768x576.jpeg 768w, https:\/\/minatitlan.tecnm.mx\/wp-content\/uploads\/2024\/05\/02052024_DOC_RAFA_2_2-1536x1152.jpeg 1536w, https:\/\/minatitlan.tecnm.mx\/wp-content\/uploads\/2024\/05\/02052024_DOC_RAFA_2_2-2048x1536.jpeg 2048w\" sizes=\"auto, (max-width: 1024px) 100vw, 1024px\" \/><\/figure>\n<figcaption class=\"blocks-gallery-caption wp-element-caption\"><em>Orgullosamente TecMina.<\/em><\/figcaption><\/figure>\n","protected":false},"excerpt":{"rendered":"<p>Minatitl\u00e1n, Ver. 02\/05\/2024.-\u00a0El Tecnol\u00f3gico Nacional de M\u00e9xico (TecNM) Minatitl\u00e1n, a trav\u00e9s de la Divisi\u00f3n de Estudios de Posgrado e Investigaci\u00f3n y el Departamento de Ingenier\u00eda El\u00e9ctrica y Electr\u00f3nica, llev\u00f3 a cabo la conferencia &#8220;Dialogando con un Investigador&#8221;, destacando la participaci\u00f3n del Dr. Arturo Vera Hern\u00e1ndez. Esta iniciativa, ofreci\u00f3 una valiosa oportunidad para explorar temas relevantes [&hellip;]<\/p>\n","protected":false},"author":2,"featured_media":36076,"comment_status":"closed","ping_status":"open","sticky":false,"template":"","format":"standard","meta":{"advgb_blocks_editor_width":"","advgb_blocks_columns_visual_guide":"","footnotes":""},"categories":[12],"tags":[],"class_list":["post-36078","post","type-post","status-publish","format-standard","has-post-thumbnail","hentry","category-noticias"],"author_meta":{"display_name":"Comunicaci\u00f3n y Difusi\u00f3n","author_link":"https:\/\/minatitlan.tecnm.mx\/index.php\/author\/comunicacion-y-difusion\/"},"featured_img":"https:\/\/minatitlan.tecnm.mx\/wp-content\/uploads\/2024\/05\/02052024_DOC_RAFA_2_1-300x225.jpeg","coauthors":[],"tax_additional":{"categories":{"linked":["<a href=\"https:\/\/minatitlan.tecnm.mx\/index.php\/category\/noticias\/\" class=\"advgb-post-tax-term\">noticias<\/a>"],"unlinked":["<span class=\"advgb-post-tax-term\">noticias<\/span>"]}},"comment_count":"0","relative_dates":{"created":"Publicado 2 a\u00f1os hace","modified":"Actualizado 2 a\u00f1os hace"},"absolute_dates":{"created":"Publicado el 2 mayo, 2024","modified":"Actualizado el 2 mayo, 2024"},"absolute_dates_time":{"created":"Publicado el 2 mayo, 2024 9:08 pm","modified":"Actualizado el 2 mayo, 2024 9:08 pm"},"featured_img_caption":"","series_order":"","_links":{"self":[{"href":"https:\/\/minatitlan.tecnm.mx\/index.php\/wp-json\/wp\/v2\/posts\/36078","targetHints":{"allow":["GET"]}}],"collection":[{"href":"https:\/\/minatitlan.tecnm.mx\/index.php\/wp-json\/wp\/v2\/posts"}],"about":[{"href":"https:\/\/minatitlan.tecnm.mx\/index.php\/wp-json\/wp\/v2\/types\/post"}],"author":[{"embeddable":true,"href":"https:\/\/minatitlan.tecnm.mx\/index.php\/wp-json\/wp\/v2\/users\/2"}],"replies":[{"embeddable":true,"href":"https:\/\/minatitlan.tecnm.mx\/index.php\/wp-json\/wp\/v2\/comments?post=36078"}],"version-history":[{"count":1,"href":"https:\/\/minatitlan.tecnm.mx\/index.php\/wp-json\/wp\/v2\/posts\/36078\/revisions"}],"predecessor-version":[{"id":36079,"href":"https:\/\/minatitlan.tecnm.mx\/index.php\/wp-json\/wp\/v2\/posts\/36078\/revisions\/36079"}],"wp:featuredmedia":[{"embeddable":true,"href":"https:\/\/minatitlan.tecnm.mx\/index.php\/wp-json\/wp\/v2\/media\/36076"}],"wp:attachment":[{"href":"https:\/\/minatitlan.tecnm.mx\/index.php\/wp-json\/wp\/v2\/media?parent=36078"}],"wp:term":[{"taxonomy":"category","embeddable":true,"href":"https:\/\/minatitlan.tecnm.mx\/index.php\/wp-json\/wp\/v2\/categories?post=36078"},{"taxonomy":"post_tag","embeddable":true,"href":"https:\/\/minatitlan.tecnm.mx\/index.php\/wp-json\/wp\/v2\/tags?post=36078"}],"curies":[{"name":"wp","href":"https:\/\/api.w.org\/{rel}","templated":true}]}}