{"id":36840,"date":"2024-05-27T10:22:39","date_gmt":"2024-05-27T16:22:39","guid":{"rendered":"http:\/\/minatitlan.tecnm.mx\/?p=36840"},"modified":"2024-05-27T10:22:40","modified_gmt":"2024-05-27T16:22:40","slug":"inscribete-al-taller-de-creacion-literaria","status":"publish","type":"post","link":"https:\/\/minatitlan.tecnm.mx\/index.php\/inscribete-al-taller-de-creacion-literaria\/","title":{"rendered":"INSCR\u00cdBETE AL \u201cTALLER DE CREACI\u00d3N LITERARIA\u201d"},"content":{"rendered":"<p style=\"text-align: justify;\"><span class=\"s1\"><button id=\"listenButton1\" class=\"responsivevoice-button\" type=\"button\" value=\"Play\" title=\"ResponsiveVoice Tap to Start\/Stop Speech\"><span>&#128266; Clic para Narrar Texto<\/span><\/button>\n        <script>\n            listenButton1.onclick = function(){\n                if(responsiveVoice.isPlaying()){\n                    responsiveVoice.cancel();\n                }else{\n                    responsiveVoice.speak(\"El TecNM Minatitl\u00e1n te invitamos al \u201cTaller de creaci\u00f3n literaria\u201d este 28 y 29 de mayo, de 15:00 a 17:00 horas; ser\u00e1 impartido por el Licenciado en Gesti\u00f3n Intercultural para el Desarrollo, Juan Jos\u00e9 Reyes Lara. \u00a1Inscr\u00edbete!\", \"Spanish Latin American Female\");\n                }\n            };\n        <\/script>\n    <\/span><\/p>\n<p style=\"font-weight: 400; text-align: justify;\">El TecNM Minatitl\u00e1n te invitamos al \u201cTaller de creaci\u00f3n literaria\u201d este 28 y 29 de mayo, de 15:00 a 17:00 horas; ser\u00e1 impartido por el Licenciado en Gesti\u00f3n Intercultural para el Desarrollo, Juan Jos\u00e9 Reyes Lara.<\/p>\n\n\n<figure class=\"wp-block-table is-style-stripes\"><table class=\"has-fixed-layout\"><thead><tr><th><\/th><th class=\"has-text-align-center\" data-align=\"center\"><\/th><\/tr><\/thead><tbody><tr><td><a href=\"https:\/\/forms.office.com\/pages\/responsepage.aspx?id=AFO8p_yS5EqsdhVKR5nxNfYw7mz47TlEt53mTOw6iB5URFY4OVBXODVETVFVTVBOUE9WTFNVRjNRUi4u&amp;origin=QRCode&amp;qrcodeorigin=presentation\">\u00a1Inscr\u00edbete!<\/a><\/td><td class=\"has-text-align-center\" data-align=\"center\"><img loading=\"lazy\" decoding=\"async\" width=\"40\" height=\"40\" class=\"wp-image-19323\" style=\"width: 40px;\" src=\"http:\/\/minatitlan.tecnm.mx\/wp-content\/uploads\/2022\/11\/Url.png\" alt=\"\"><\/td><\/tr><\/tbody><\/table><\/figure>\n","protected":false},"excerpt":{"rendered":"<p>El TecNM Minatitl\u00e1n te invitamos al \u201cTaller de creaci\u00f3n literaria\u201d este 28 y 29 de mayo, de 15:00 a 17:00 horas; ser\u00e1 impartido por el Licenciado en Gesti\u00f3n Intercultural para el Desarrollo, Juan Jos\u00e9 Reyes Lara. \u00a1Inscr\u00edbete!<\/p>\n","protected":false},"author":2,"featured_media":36839,"comment_status":"closed","ping_status":"open","sticky":false,"template":"","format":"standard","meta":{"advgb_blocks_editor_width":"","advgb_blocks_columns_visual_guide":"","footnotes":""},"categories":[12],"tags":[],"class_list":["post-36840","post","type-post","status-publish","format-standard","has-post-thumbnail","hentry","category-noticias"],"author_meta":{"display_name":"Comunicaci\u00f3n y Difusi\u00f3n","author_link":"https:\/\/minatitlan.tecnm.mx\/index.php\/author\/comunicacion-y-difusion\/"},"featured_img":"https:\/\/minatitlan.tecnm.mx\/wp-content\/uploads\/2024\/05\/27052024_THOMAS-300x300.png","coauthors":[],"tax_additional":{"categories":{"linked":["<a href=\"https:\/\/minatitlan.tecnm.mx\/index.php\/category\/noticias\/\" class=\"advgb-post-tax-term\">noticias<\/a>"],"unlinked":["<span class=\"advgb-post-tax-term\">noticias<\/span>"]}},"comment_count":"0","relative_dates":{"created":"Publicado 2 a\u00f1os hace","modified":"Actualizado 2 a\u00f1os hace"},"absolute_dates":{"created":"Publicado el 27 mayo, 2024","modified":"Actualizado el 27 mayo, 2024"},"absolute_dates_time":{"created":"Publicado el 27 mayo, 2024 10:22 am","modified":"Actualizado el 27 mayo, 2024 10:22 am"},"featured_img_caption":"","series_order":"","_links":{"self":[{"href":"https:\/\/minatitlan.tecnm.mx\/index.php\/wp-json\/wp\/v2\/posts\/36840","targetHints":{"allow":["GET"]}}],"collection":[{"href":"https:\/\/minatitlan.tecnm.mx\/index.php\/wp-json\/wp\/v2\/posts"}],"about":[{"href":"https:\/\/minatitlan.tecnm.mx\/index.php\/wp-json\/wp\/v2\/types\/post"}],"author":[{"embeddable":true,"href":"https:\/\/minatitlan.tecnm.mx\/index.php\/wp-json\/wp\/v2\/users\/2"}],"replies":[{"embeddable":true,"href":"https:\/\/minatitlan.tecnm.mx\/index.php\/wp-json\/wp\/v2\/comments?post=36840"}],"version-history":[{"count":1,"href":"https:\/\/minatitlan.tecnm.mx\/index.php\/wp-json\/wp\/v2\/posts\/36840\/revisions"}],"predecessor-version":[{"id":36841,"href":"https:\/\/minatitlan.tecnm.mx\/index.php\/wp-json\/wp\/v2\/posts\/36840\/revisions\/36841"}],"wp:featuredmedia":[{"embeddable":true,"href":"https:\/\/minatitlan.tecnm.mx\/index.php\/wp-json\/wp\/v2\/media\/36839"}],"wp:attachment":[{"href":"https:\/\/minatitlan.tecnm.mx\/index.php\/wp-json\/wp\/v2\/media?parent=36840"}],"wp:term":[{"taxonomy":"category","embeddable":true,"href":"https:\/\/minatitlan.tecnm.mx\/index.php\/wp-json\/wp\/v2\/categories?post=36840"},{"taxonomy":"post_tag","embeddable":true,"href":"https:\/\/minatitlan.tecnm.mx\/index.php\/wp-json\/wp\/v2\/tags?post=36840"}],"curies":[{"name":"wp","href":"https:\/\/api.w.org\/{rel}","templated":true}]}}