{"id":42577,"date":"2025-01-14T10:16:56","date_gmt":"2025-01-14T16:16:56","guid":{"rendered":"https:\/\/minatitlan.tecnm.mx\/?p=42577"},"modified":"2025-01-14T10:16:58","modified_gmt":"2025-01-14T16:16:58","slug":"rotacion-de-personal-en-el-instituto-tecnologico-de-minatitlan","status":"publish","type":"post","link":"https:\/\/minatitlan.tecnm.mx\/index.php\/rotacion-de-personal-en-el-instituto-tecnologico-de-minatitlan\/","title":{"rendered":"ROTACI\u00d3N DE PERSONAL EN EL INSTITUTO TECNOL\u00d3GICO DE MINATITL\u00c1N"},"content":{"rendered":"<p style=\"text-align: justify;\"><button id=\"listenButton1\" class=\"responsivevoice-button\" type=\"button\" value=\"Play\" title=\"ResponsiveVoice Tap to Start\/Stop Speech\"><span>&#128266; Clic para Narrar Texto<\/span><\/button>\n        <script>\n            listenButton1.onclick = function(){\n                if(responsiveVoice.isPlaying()){\n                    responsiveVoice.cancel();\n                }else{\n                    responsiveVoice.speak(\"Minatitl\u00e1n, Ver. 13\/01\/2025.- El d\u00eda de hoy, en un acto protocolario encabezado por nuestro Subdirector de Servicios Administrativos del Instituto Tecnol\u00f3gico de Minatitl\u00e1n, el Mtro. Eduardo Enoch Galindo S\u00e1nchez quien en representaci\u00f3n de nuestro Director, el Mtro. Sergio Fernando Garibay Armenta, contin\u00faa el proceso de rotaci\u00f3n de personal en diversas \u00e1reas de la instituci\u00f3n. Estas acciones tienen como objetivo fortalecer los equipos de trabajo y promover el desarrollo profesional de los colaboradores. Durante el acto, se oficializ\u00f3 el nombramiento de la Lic. Claudia Marlene Arteaga Ruiz, quien dej\u00f3 el puesto de Auxiliar Administrativo en el Departamento de Recursos Humanos para asumir el puesto de Secretaria del Centro de C\u00f3mputo. Asimismo, la Lic. Xitlalli Guadalupe Garduza Espinosa, quien tambi\u00e9n se desempe\u00f1aba como Auxiliar Administrativa en Recursos Humanos, fue designada Jefa de la Oficina de Registros y Controles de dicho departamento. Este tipo de rotaciones busca optimizar la operatividad de la instituci\u00f3n, favoreciendo el crecimiento y la capacitaci\u00f3n continua del personal, lo cual contribuye a la mejora constante de los procesos administrativos y acad\u00e9micos. El acto cont\u00f3 con la presencia de la Mtra. Zeiny Isabel Cruz Charis, Jefa del Departamento de Recursos Humanos, y destacado personal de dicha \u00e1rea, quienes expresaron su apoyo a las nuevas asignaciones y destacaron la importancia de estos cambios para el bienestar institucional. cgbs Orgullosamente TecMina.\", \"Spanish Latin American Female\");\n                }\n            };\n        <\/script>\n    <\/p>\n<p style=\"font-weight: 400; text-align: justify;\"><strong><em>Minatitl\u00e1n, Ver. 13\/01\/2025.-<\/em><\/strong> El d\u00eda de hoy, en un acto protocolario encabezado por nuestro Subdirector de Servicios Administrativos del Instituto Tecnol\u00f3gico de Minatitl\u00e1n, el Mtro. Eduardo Enoch Galindo S\u00e1nchez quien en representaci\u00f3n de nuestro Director, el Mtro. Sergio Fernando Garibay Armenta, contin\u00faa el proceso de rotaci\u00f3n de personal en diversas \u00e1reas de la instituci\u00f3n. Estas acciones tienen como objetivo fortalecer los equipos de trabajo y promover el desarrollo profesional de los colaboradores.<\/p>\n<p style=\"font-weight: 400; text-align: justify;\">Durante el acto, se oficializ\u00f3 el nombramiento de la Lic. Claudia Marlene Arteaga Ruiz, quien dej\u00f3 el puesto de Auxiliar Administrativo en el Departamento de Recursos Humanos para asumir el puesto de Secretaria del Centro de C\u00f3mputo. Asimismo, la Lic. Xitlalli Guadalupe Garduza Espinosa, quien tambi\u00e9n se desempe\u00f1aba como Auxiliar Administrativa en Recursos Humanos, fue designada Jefa de la Oficina de Registros y Controles de dicho departamento.<\/p>\n<p style=\"font-weight: 400; text-align: justify;\">Este tipo de rotaciones busca optimizar la operatividad de la instituci\u00f3n, favoreciendo el crecimiento y la capacitaci\u00f3n continua del personal, lo cual contribuye a la mejora constante de los procesos administrativos y acad\u00e9micos.<\/p>\n<p style=\"font-weight: 400; text-align: justify;\">El acto cont\u00f3 con la presencia de la Mtra. Zeiny Isabel Cruz Charis, Jefa del Departamento de Recursos Humanos, y destacado personal de dicha \u00e1rea, quienes expresaron su apoyo a las nuevas asignaciones y destacaron la importancia de estos cambios para el bienestar institucional.<\/p>\n<p style=\"text-align: justify;\">cgbs<\/p>\n\n\n<figure class=\"wp-block-gallery has-nested-images columns-default is-cropped wp-block-gallery-1 is-layout-flex wp-block-gallery-is-layout-flex\">\n<figure class=\"wp-block-image size-large\"><img loading=\"lazy\" decoding=\"async\" width=\"1024\" height=\"768\" data-id=\"42572\" src=\"https:\/\/minatitlan.tecnm.mx\/wp-content\/uploads\/2025\/01\/13012025_HANNA_4-1024x768.jpeg\" alt=\"\" class=\"wp-image-42572\" srcset=\"https:\/\/minatitlan.tecnm.mx\/wp-content\/uploads\/2025\/01\/13012025_HANNA_4-1024x768.jpeg 1024w, https:\/\/minatitlan.tecnm.mx\/wp-content\/uploads\/2025\/01\/13012025_HANNA_4-300x225.jpeg 300w, https:\/\/minatitlan.tecnm.mx\/wp-content\/uploads\/2025\/01\/13012025_HANNA_4-768x576.jpeg 768w, https:\/\/minatitlan.tecnm.mx\/wp-content\/uploads\/2025\/01\/13012025_HANNA_4-1536x1152.jpeg 1536w, https:\/\/minatitlan.tecnm.mx\/wp-content\/uploads\/2025\/01\/13012025_HANNA_4-2048x1536.jpeg 2048w\" sizes=\"auto, (max-width: 1024px) 100vw, 1024px\" \/><\/figure>\n\n\n\n<figure class=\"wp-block-image size-large\"><img loading=\"lazy\" decoding=\"async\" width=\"1024\" height=\"768\" data-id=\"42573\" src=\"https:\/\/minatitlan.tecnm.mx\/wp-content\/uploads\/2025\/01\/13012025_HANNA_5-1024x768.jpeg\" alt=\"\" class=\"wp-image-42573\" srcset=\"https:\/\/minatitlan.tecnm.mx\/wp-content\/uploads\/2025\/01\/13012025_HANNA_5-1024x768.jpeg 1024w, https:\/\/minatitlan.tecnm.mx\/wp-content\/uploads\/2025\/01\/13012025_HANNA_5-300x225.jpeg 300w, https:\/\/minatitlan.tecnm.mx\/wp-content\/uploads\/2025\/01\/13012025_HANNA_5-768x576.jpeg 768w, https:\/\/minatitlan.tecnm.mx\/wp-content\/uploads\/2025\/01\/13012025_HANNA_5-1536x1152.jpeg 1536w, https:\/\/minatitlan.tecnm.mx\/wp-content\/uploads\/2025\/01\/13012025_HANNA_5-2048x1536.jpeg 2048w\" sizes=\"auto, (max-width: 1024px) 100vw, 1024px\" \/><\/figure>\n\n\n\n<figure class=\"wp-block-image size-large\"><img loading=\"lazy\" decoding=\"async\" width=\"1024\" height=\"768\" data-id=\"42574\" src=\"https:\/\/minatitlan.tecnm.mx\/wp-content\/uploads\/2025\/01\/13012025_HANNA_6-1024x768.jpeg\" alt=\"\" class=\"wp-image-42574\" srcset=\"https:\/\/minatitlan.tecnm.mx\/wp-content\/uploads\/2025\/01\/13012025_HANNA_6-1024x768.jpeg 1024w, https:\/\/minatitlan.tecnm.mx\/wp-content\/uploads\/2025\/01\/13012025_HANNA_6-300x225.jpeg 300w, https:\/\/minatitlan.tecnm.mx\/wp-content\/uploads\/2025\/01\/13012025_HANNA_6-768x576.jpeg 768w, https:\/\/minatitlan.tecnm.mx\/wp-content\/uploads\/2025\/01\/13012025_HANNA_6-1536x1152.jpeg 1536w, https:\/\/minatitlan.tecnm.mx\/wp-content\/uploads\/2025\/01\/13012025_HANNA_6-2048x1536.jpeg 2048w\" sizes=\"auto, (max-width: 1024px) 100vw, 1024px\" \/><\/figure>\n\n\n\n<figure class=\"wp-block-image size-large\"><img loading=\"lazy\" decoding=\"async\" width=\"1024\" height=\"768\" data-id=\"42575\" src=\"https:\/\/minatitlan.tecnm.mx\/wp-content\/uploads\/2025\/01\/13012025_HANNA_7-1024x768.jpeg\" alt=\"\" class=\"wp-image-42575\" srcset=\"https:\/\/minatitlan.tecnm.mx\/wp-content\/uploads\/2025\/01\/13012025_HANNA_7-1024x768.jpeg 1024w, https:\/\/minatitlan.tecnm.mx\/wp-content\/uploads\/2025\/01\/13012025_HANNA_7-300x225.jpeg 300w, https:\/\/minatitlan.tecnm.mx\/wp-content\/uploads\/2025\/01\/13012025_HANNA_7-768x576.jpeg 768w, https:\/\/minatitlan.tecnm.mx\/wp-content\/uploads\/2025\/01\/13012025_HANNA_7-1536x1152.jpeg 1536w, https:\/\/minatitlan.tecnm.mx\/wp-content\/uploads\/2025\/01\/13012025_HANNA_7-2048x1536.jpeg 2048w\" sizes=\"auto, (max-width: 1024px) 100vw, 1024px\" \/><\/figure>\n\n\n\n<figure class=\"wp-block-image size-large\"><img loading=\"lazy\" decoding=\"async\" width=\"1024\" height=\"768\" data-id=\"42576\" src=\"https:\/\/minatitlan.tecnm.mx\/wp-content\/uploads\/2025\/01\/13012025_HANNA_8-1024x768.jpeg\" alt=\"\" class=\"wp-image-42576\" srcset=\"https:\/\/minatitlan.tecnm.mx\/wp-content\/uploads\/2025\/01\/13012025_HANNA_8-1024x768.jpeg 1024w, https:\/\/minatitlan.tecnm.mx\/wp-content\/uploads\/2025\/01\/13012025_HANNA_8-300x225.jpeg 300w, https:\/\/minatitlan.tecnm.mx\/wp-content\/uploads\/2025\/01\/13012025_HANNA_8-768x576.jpeg 768w, https:\/\/minatitlan.tecnm.mx\/wp-content\/uploads\/2025\/01\/13012025_HANNA_8-1536x1152.jpeg 1536w, https:\/\/minatitlan.tecnm.mx\/wp-content\/uploads\/2025\/01\/13012025_HANNA_8-2048x1536.jpeg 2048w\" sizes=\"auto, (max-width: 1024px) 100vw, 1024px\" \/><\/figure>\n<figcaption class=\"blocks-gallery-caption wp-element-caption\"><em>Orgullosamente TecMina.<\/em><\/figcaption><\/figure>\n","protected":false},"excerpt":{"rendered":"<p>Minatitl\u00e1n, Ver. 13\/01\/2025.- El d\u00eda de hoy, en un acto protocolario encabezado por nuestro Subdirector de Servicios Administrativos del Instituto Tecnol\u00f3gico de Minatitl\u00e1n, el Mtro. Eduardo Enoch Galindo S\u00e1nchez quien en representaci\u00f3n de nuestro Director, el Mtro. Sergio Fernando Garibay Armenta, contin\u00faa el proceso de rotaci\u00f3n de personal en diversas \u00e1reas de la instituci\u00f3n. Estas [&hellip;]<\/p>\n","protected":false},"author":2,"featured_media":42571,"comment_status":"closed","ping_status":"open","sticky":false,"template":"","format":"standard","meta":{"advgb_blocks_editor_width":"","advgb_blocks_columns_visual_guide":"","footnotes":""},"categories":[12],"tags":[],"class_list":["post-42577","post","type-post","status-publish","format-standard","has-post-thumbnail","hentry","category-noticias"],"author_meta":{"display_name":"Comunicaci\u00f3n y Difusi\u00f3n","author_link":"https:\/\/minatitlan.tecnm.mx\/index.php\/author\/comunicacion-y-difusion\/"},"featured_img":"https:\/\/minatitlan.tecnm.mx\/wp-content\/uploads\/2025\/01\/13012025_HANNA_3-300x225.jpeg","coauthors":[],"tax_additional":{"categories":{"linked":["<a href=\"https:\/\/minatitlan.tecnm.mx\/index.php\/category\/noticias\/\" class=\"advgb-post-tax-term\">noticias<\/a>"],"unlinked":["<span class=\"advgb-post-tax-term\">noticias<\/span>"]}},"comment_count":"0","relative_dates":{"created":"Publicado 2 a\u00f1os hace","modified":"Actualizado 2 a\u00f1os hace"},"absolute_dates":{"created":"Publicado el 14 enero, 2025","modified":"Actualizado el 14 enero, 2025"},"absolute_dates_time":{"created":"Publicado el 14 enero, 2025 10:16 am","modified":"Actualizado el 14 enero, 2025 10:16 am"},"featured_img_caption":"","series_order":"","_links":{"self":[{"href":"https:\/\/minatitlan.tecnm.mx\/index.php\/wp-json\/wp\/v2\/posts\/42577","targetHints":{"allow":["GET"]}}],"collection":[{"href":"https:\/\/minatitlan.tecnm.mx\/index.php\/wp-json\/wp\/v2\/posts"}],"about":[{"href":"https:\/\/minatitlan.tecnm.mx\/index.php\/wp-json\/wp\/v2\/types\/post"}],"author":[{"embeddable":true,"href":"https:\/\/minatitlan.tecnm.mx\/index.php\/wp-json\/wp\/v2\/users\/2"}],"replies":[{"embeddable":true,"href":"https:\/\/minatitlan.tecnm.mx\/index.php\/wp-json\/wp\/v2\/comments?post=42577"}],"version-history":[{"count":1,"href":"https:\/\/minatitlan.tecnm.mx\/index.php\/wp-json\/wp\/v2\/posts\/42577\/revisions"}],"predecessor-version":[{"id":42578,"href":"https:\/\/minatitlan.tecnm.mx\/index.php\/wp-json\/wp\/v2\/posts\/42577\/revisions\/42578"}],"wp:featuredmedia":[{"embeddable":true,"href":"https:\/\/minatitlan.tecnm.mx\/index.php\/wp-json\/wp\/v2\/media\/42571"}],"wp:attachment":[{"href":"https:\/\/minatitlan.tecnm.mx\/index.php\/wp-json\/wp\/v2\/media?parent=42577"}],"wp:term":[{"taxonomy":"category","embeddable":true,"href":"https:\/\/minatitlan.tecnm.mx\/index.php\/wp-json\/wp\/v2\/categories?post=42577"},{"taxonomy":"post_tag","embeddable":true,"href":"https:\/\/minatitlan.tecnm.mx\/index.php\/wp-json\/wp\/v2\/tags?post=42577"}],"curies":[{"name":"wp","href":"https:\/\/api.w.org\/{rel}","templated":true}]}}