{"id":43716,"date":"2025-02-24T09:53:26","date_gmt":"2025-02-24T15:53:26","guid":{"rendered":"https:\/\/minatitlan.tecnm.mx\/?p=43716"},"modified":"2025-02-24T09:53:27","modified_gmt":"2025-02-24T15:53:27","slug":"tecnologico-de-minatitlan-conmemora-el-dia-de-la-bandera","status":"publish","type":"post","link":"https:\/\/minatitlan.tecnm.mx\/index.php\/tecnologico-de-minatitlan-conmemora-el-dia-de-la-bandera\/","title":{"rendered":"TECNOL\u00d3GICO DE MINATITL\u00c1N CONMEMORA EL D\u00cdA DE LA BANDERA"},"content":{"rendered":"<p style=\"text-align: justify;\"><button id=\"listenButton1\" class=\"responsivevoice-button\" type=\"button\" value=\"Play\" title=\"ResponsiveVoice Tap to Start\/Stop Speech\"><span>&#128266; Clic para Narrar Texto<\/span><\/button>\n        <script>\n            listenButton1.onclick = function(){\n                if(responsiveVoice.isPlaying()){\n                    responsiveVoice.cancel();\n                }else{\n                    responsiveVoice.speak(\"Minatitl\u00e1n, Ver. 24\/02\/2025.- Atendiendo a instrucciones superiores, el d\u00eda de hoy, nuestro Instituto Tecnol\u00f3gico de Minatitl\u00e1n llev\u00f3 a cabo el izamiento de bandera, en conmemoraci\u00f3n del D\u00eda Nacional de la Bandera de M\u00e9xico. El evento tuvo lugar en nuestras instalaciones, con la participaci\u00f3n activa de estudiantes, personal docente y personal directivo, reafirmando el compromiso de nuestra instituci\u00f3n con la identidad y los valores patrios. Es importante se\u00f1alar que el D\u00eda de la Bandera Mexicana fue establecido el 24 de febrero de 1934. Sin embargo, esta conmemoraci\u00f3n nacional fue oficialmente reconocida hasta 1940, por decreto del Presidente L\u00e1zaro C\u00e1rdenas del R\u00edo. Nuestro Director de esta casa de estudios, el Mtro. Sergio Fernando Garibay Armenta, impulsa fuertemente estas actividades, las cuales destacan el rescate y fomento de nuestros valores c\u00edvicos, promoviendo en los miembros de nuestra comunidad un profundo respeto por los s\u00edmbolos nacionales. cgbs Orgullosamente TecMina.\", \"Spanish Latin American Female\");\n                }\n            };\n        <\/script>\n    <\/p>\n<p style=\"font-weight: 400; text-align: justify;\"><strong><em>Minatitl\u00e1n, Ver. 24\/02\/2025.- <\/em><\/strong>Atendiendo a instrucciones superiores, el d\u00eda de hoy, nuestro Instituto Tecnol\u00f3gico de Minatitl\u00e1n llev\u00f3 a cabo el izamiento de bandera, en conmemoraci\u00f3n del D\u00eda Nacional de la Bandera de M\u00e9xico.<\/p>\n<p style=\"font-weight: 400; text-align: justify;\">El evento tuvo lugar en nuestras instalaciones, con la participaci\u00f3n activa de estudiantes, personal docente y personal directivo, reafirmando el compromiso de nuestra instituci\u00f3n con la identidad y los valores patrios.<\/p>\n<p style=\"font-weight: 400; text-align: justify;\">Es importante se\u00f1alar que el D\u00eda de la Bandera Mexicana fue establecido el 24 de febrero de 1934. Sin embargo, esta conmemoraci\u00f3n nacional fue oficialmente reconocida hasta 1940, por decreto del Presidente L\u00e1zaro C\u00e1rdenas del R\u00edo.<\/p>\n<p style=\"font-weight: 400; text-align: justify;\">Nuestro Director de esta casa de estudios, el Mtro. Sergio Fernando Garibay Armenta, impulsa fuertemente estas actividades, las cuales destacan el rescate y fomento de nuestros valores c\u00edvicos, promoviendo en los miembros de nuestra comunidad un profundo respeto por los s\u00edmbolos nacionales.<\/p>\n<p style=\"text-align: justify;\">cgbs<\/p>\n\n\n<figure class=\"wp-block-gallery has-nested-images columns-default is-cropped wp-block-gallery-1 is-layout-flex wp-block-gallery-is-layout-flex\">\n<figure class=\"wp-block-image size-large\"><img loading=\"lazy\" decoding=\"async\" width=\"1024\" height=\"768\" data-id=\"43714\" src=\"https:\/\/minatitlan.tecnm.mx\/wp-content\/uploads\/2025\/02\/24022025_bandera_izada_2-1024x768.jpeg\" alt=\"\" class=\"wp-image-43714\" srcset=\"https:\/\/minatitlan.tecnm.mx\/wp-content\/uploads\/2025\/02\/24022025_bandera_izada_2-1024x768.jpeg 1024w, https:\/\/minatitlan.tecnm.mx\/wp-content\/uploads\/2025\/02\/24022025_bandera_izada_2-300x225.jpeg 300w, https:\/\/minatitlan.tecnm.mx\/wp-content\/uploads\/2025\/02\/24022025_bandera_izada_2-768x576.jpeg 768w, https:\/\/minatitlan.tecnm.mx\/wp-content\/uploads\/2025\/02\/24022025_bandera_izada_2-1536x1152.jpeg 1536w, https:\/\/minatitlan.tecnm.mx\/wp-content\/uploads\/2025\/02\/24022025_bandera_izada_2-2048x1536.jpeg 2048w\" sizes=\"auto, (max-width: 1024px) 100vw, 1024px\" \/><\/figure>\n\n\n\n<figure class=\"wp-block-image size-large\"><img loading=\"lazy\" decoding=\"async\" width=\"1024\" height=\"768\" data-id=\"43715\" src=\"https:\/\/minatitlan.tecnm.mx\/wp-content\/uploads\/2025\/02\/24022025_bandera_izada_3-1024x768.jpeg\" alt=\"\" class=\"wp-image-43715\" srcset=\"https:\/\/minatitlan.tecnm.mx\/wp-content\/uploads\/2025\/02\/24022025_bandera_izada_3-1024x768.jpeg 1024w, https:\/\/minatitlan.tecnm.mx\/wp-content\/uploads\/2025\/02\/24022025_bandera_izada_3-300x225.jpeg 300w, https:\/\/minatitlan.tecnm.mx\/wp-content\/uploads\/2025\/02\/24022025_bandera_izada_3-768x576.jpeg 768w, https:\/\/minatitlan.tecnm.mx\/wp-content\/uploads\/2025\/02\/24022025_bandera_izada_3-1536x1152.jpeg 1536w, https:\/\/minatitlan.tecnm.mx\/wp-content\/uploads\/2025\/02\/24022025_bandera_izada_3-2048x1536.jpeg 2048w\" sizes=\"auto, (max-width: 1024px) 100vw, 1024px\" \/><\/figure>\n<figcaption class=\"blocks-gallery-caption wp-element-caption\"><em>Orgullosamente TecMina.<\/em><\/figcaption><\/figure>\n","protected":false},"excerpt":{"rendered":"<p>Minatitl\u00e1n, Ver. 24\/02\/2025.- Atendiendo a instrucciones superiores, el d\u00eda de hoy, nuestro Instituto Tecnol\u00f3gico de Minatitl\u00e1n llev\u00f3 a cabo el izamiento de bandera, en conmemoraci\u00f3n del D\u00eda Nacional de la Bandera de M\u00e9xico. El evento tuvo lugar en nuestras instalaciones, con la participaci\u00f3n activa de estudiantes, personal docente y personal directivo, reafirmando el compromiso de [&hellip;]<\/p>\n","protected":false},"author":2,"featured_media":43713,"comment_status":"closed","ping_status":"open","sticky":false,"template":"","format":"standard","meta":{"advgb_blocks_editor_width":"","advgb_blocks_columns_visual_guide":"","footnotes":""},"categories":[12],"tags":[],"class_list":["post-43716","post","type-post","status-publish","format-standard","has-post-thumbnail","hentry","category-noticias"],"author_meta":{"display_name":"Comunicaci\u00f3n y Difusi\u00f3n","author_link":"https:\/\/minatitlan.tecnm.mx\/index.php\/author\/comunicacion-y-difusion\/"},"featured_img":"https:\/\/minatitlan.tecnm.mx\/wp-content\/uploads\/2025\/02\/24022025_bandera_izada_1-300x225.jpeg","coauthors":[],"tax_additional":{"categories":{"linked":["<a href=\"https:\/\/minatitlan.tecnm.mx\/index.php\/category\/noticias\/\" class=\"advgb-post-tax-term\">noticias<\/a>"],"unlinked":["<span class=\"advgb-post-tax-term\">noticias<\/span>"]}},"comment_count":"0","relative_dates":{"created":"Publicado 2 a\u00f1os hace","modified":"Actualizado 2 a\u00f1os hace"},"absolute_dates":{"created":"Publicado el 24 febrero, 2025","modified":"Actualizado el 24 febrero, 2025"},"absolute_dates_time":{"created":"Publicado el 24 febrero, 2025 9:53 am","modified":"Actualizado el 24 febrero, 2025 9:53 am"},"featured_img_caption":"","series_order":"","_links":{"self":[{"href":"https:\/\/minatitlan.tecnm.mx\/index.php\/wp-json\/wp\/v2\/posts\/43716","targetHints":{"allow":["GET"]}}],"collection":[{"href":"https:\/\/minatitlan.tecnm.mx\/index.php\/wp-json\/wp\/v2\/posts"}],"about":[{"href":"https:\/\/minatitlan.tecnm.mx\/index.php\/wp-json\/wp\/v2\/types\/post"}],"author":[{"embeddable":true,"href":"https:\/\/minatitlan.tecnm.mx\/index.php\/wp-json\/wp\/v2\/users\/2"}],"replies":[{"embeddable":true,"href":"https:\/\/minatitlan.tecnm.mx\/index.php\/wp-json\/wp\/v2\/comments?post=43716"}],"version-history":[{"count":1,"href":"https:\/\/minatitlan.tecnm.mx\/index.php\/wp-json\/wp\/v2\/posts\/43716\/revisions"}],"predecessor-version":[{"id":43717,"href":"https:\/\/minatitlan.tecnm.mx\/index.php\/wp-json\/wp\/v2\/posts\/43716\/revisions\/43717"}],"wp:featuredmedia":[{"embeddable":true,"href":"https:\/\/minatitlan.tecnm.mx\/index.php\/wp-json\/wp\/v2\/media\/43713"}],"wp:attachment":[{"href":"https:\/\/minatitlan.tecnm.mx\/index.php\/wp-json\/wp\/v2\/media?parent=43716"}],"wp:term":[{"taxonomy":"category","embeddable":true,"href":"https:\/\/minatitlan.tecnm.mx\/index.php\/wp-json\/wp\/v2\/categories?post=43716"},{"taxonomy":"post_tag","embeddable":true,"href":"https:\/\/minatitlan.tecnm.mx\/index.php\/wp-json\/wp\/v2\/tags?post=43716"}],"curies":[{"name":"wp","href":"https:\/\/api.w.org\/{rel}","templated":true}]}}