{"id":45576,"date":"2025-05-29T14:55:28","date_gmt":"2025-05-29T20:55:28","guid":{"rendered":"https:\/\/minatitlan.tecnm.mx\/?p=45576"},"modified":"2025-05-29T14:55:29","modified_gmt":"2025-05-29T20:55:29","slug":"aviso-importante-para-estudiantes-del-tecnologico-de-minatitlan","status":"publish","type":"post","link":"https:\/\/minatitlan.tecnm.mx\/index.php\/aviso-importante-para-estudiantes-del-tecnologico-de-minatitlan\/","title":{"rendered":"AVISO IMPORTANTE PARA ESTUDIANTES DEL TECNOL\u00d3GICO DE MINATITL\u00c1N"},"content":{"rendered":"<p style=\"text-align: justify;\"><button id=\"listenButton1\" class=\"responsivevoice-button\" type=\"button\" value=\"Play\" title=\"ResponsiveVoice Tap to Start\/Stop Speech\"><span>&#128266; Clic para Narrar Texto<\/span><\/button>\n        <script>\n            listenButton1.onclick = function(){\n                if(responsiveVoice.isPlaying()){\n                    responsiveVoice.cancel();\n                }else{\n                    responsiveVoice.speak(\"El Instituto Tecnol\u00f3gico de Minatitl\u00e1n informa a toda su comunidad estudiantil sobre el inicio del proceso de\u00a0Estandarizaci\u00f3n de Situaci\u00f3n Acad\u00e9mica. Esta estrategia est\u00e1 dise\u00f1ada para apoyar a quienes: \u2705 Tienen materias reprobadas y desean regularizarse\u2705 Quieren adelantar materias para avanzar en su trayectoria acad\u00e9mica El objetivo es que todas y todos los estudiantes puedan\u00a0cumplir con los cr\u00e9ditos necesarios\u00a0para iniciar su\u00a0especialidad, servicio social\u00a0o, en su caso, la\u00a0residencia profesional\u00a0en tiempo y forma. Si est\u00e1s interesado o interesada en participar,\u00a0acude a la Divisi\u00f3n de Estudios Profesionales\u00a0para recibir orientaci\u00f3n y conocer los pasos a seguir. Esta es una excelente oportunidad para impulsar tu crecimiento acad\u00e9mico y avanzar con firmeza en tu formaci\u00f3n profesional. \u00a1Aprovecha esta oportunidad que el Tec Mina pone a tu alcance!\", \"Spanish Latin American Female\");\n                }\n            };\n        <\/script>\n    <\/p>\n<div style=\"text-align: justify;\">\n<p>El Instituto Tecnol\u00f3gico de Minatitl\u00e1n informa a toda su comunidad estudiantil sobre el inicio del proceso de<span class=\"apple-converted-space\">\u00a0<\/span><strong data-start=\"288\" data-end=\"330\">Estandarizaci\u00f3n de Situaci\u00f3n Acad\u00e9mica<\/strong>.<\/p>\n<\/div>\n<div style=\"text-align: justify;\">\n<p data-start=\"333\" data-end=\"385\">Esta estrategia est\u00e1 dise\u00f1ada para apoyar a quienes:<\/p>\n<\/div>\n<div style=\"text-align: justify;\">\n<p data-start=\"387\" data-end=\"510\">\u2705 Tienen materias reprobadas y desean regularizarse<br data-start=\"438\" data-end=\"441\" \/>\u2705 Quieren adelantar materias para avanzar en su trayectoria acad\u00e9mica<\/p>\n<\/div>\n<div style=\"text-align: justify;\">\n<p data-start=\"512\" data-end=\"721\">El objetivo es que todas y todos los estudiantes puedan<span class=\"apple-converted-space\">\u00a0<\/span><strong data-start=\"568\" data-end=\"607\">cumplir con los cr\u00e9ditos necesarios<\/strong><span class=\"apple-converted-space\">\u00a0<\/span>para iniciar su<span class=\"apple-converted-space\">\u00a0<\/span><strong data-start=\"624\" data-end=\"657\">especialidad, servicio social<\/strong><span class=\"apple-converted-space\">\u00a0<\/span>o, en su caso, la<span class=\"apple-converted-space\">\u00a0<\/span><strong data-start=\"676\" data-end=\"702\">residencia profesional<\/strong><span class=\"apple-converted-space\">\u00a0<\/span>en tiempo y forma.<\/p>\n<\/div>\n<div style=\"text-align: justify;\">\n<p data-start=\"723\" data-end=\"875\">Si est\u00e1s interesado o interesada en participar,<span class=\"apple-converted-space\">\u00a0<\/span><strong data-start=\"771\" data-end=\"820\">acude a la Divisi\u00f3n de Estudios Profesionales<\/strong><span class=\"apple-converted-space\">\u00a0<\/span>para recibir orientaci\u00f3n y conocer los pasos a seguir.<\/p>\n<\/div>\n<div style=\"text-align: justify;\">\n<p data-start=\"877\" data-end=\"1003\">Esta es una excelente oportunidad para impulsar tu crecimiento acad\u00e9mico y avanzar con firmeza en tu formaci\u00f3n profesional.<\/p>\n<\/div>\n<div>\n<p style=\"text-align: justify;\" data-start=\"1005\" data-end=\"1071\"><strong data-start=\"1005\" data-end=\"1071\">\u00a1Aprovecha esta oportunidad que el Tec Mina pone a tu alcance!<\/strong><\/p>\n<\/div>\n","protected":false},"excerpt":{"rendered":"<p>El Instituto Tecnol\u00f3gico de Minatitl\u00e1n informa a toda su comunidad estudiantil sobre el inicio del proceso de\u00a0Estandarizaci\u00f3n de Situaci\u00f3n Acad\u00e9mica. Esta estrategia est\u00e1 dise\u00f1ada para apoyar a quienes: \u2705 Tienen materias reprobadas y desean regularizarse\u2705 Quieren adelantar materias para avanzar en su trayectoria acad\u00e9mica El objetivo es que todas y todos los estudiantes puedan\u00a0cumplir con [&hellip;]<\/p>\n","protected":false},"author":2,"featured_media":45578,"comment_status":"closed","ping_status":"open","sticky":false,"template":"","format":"standard","meta":{"advgb_blocks_editor_width":"","advgb_blocks_columns_visual_guide":"","footnotes":""},"categories":[12],"tags":[],"class_list":["post-45576","post","type-post","status-publish","format-standard","has-post-thumbnail","hentry","category-noticias"],"author_meta":{"display_name":"Comunicaci\u00f3n y Difusi\u00f3n","author_link":"https:\/\/minatitlan.tecnm.mx\/index.php\/author\/comunicacion-y-difusion\/"},"featured_img":"https:\/\/minatitlan.tecnm.mx\/wp-content\/uploads\/2025\/05\/290520245_PROPUESTA_REGULARIZACION-213x300.png","coauthors":[],"tax_additional":{"categories":{"linked":["<a href=\"https:\/\/minatitlan.tecnm.mx\/index.php\/category\/noticias\/\" class=\"advgb-post-tax-term\">noticias<\/a>"],"unlinked":["<span class=\"advgb-post-tax-term\">noticias<\/span>"]}},"comment_count":"0","relative_dates":{"created":"Publicado 1 a\u00f1o hace","modified":"Actualizado 1 a\u00f1o hace"},"absolute_dates":{"created":"Publicado el 29 mayo, 2025","modified":"Actualizado el 29 mayo, 2025"},"absolute_dates_time":{"created":"Publicado el 29 mayo, 2025 2:55 pm","modified":"Actualizado el 29 mayo, 2025 2:55 pm"},"featured_img_caption":"","series_order":"","_links":{"self":[{"href":"https:\/\/minatitlan.tecnm.mx\/index.php\/wp-json\/wp\/v2\/posts\/45576","targetHints":{"allow":["GET"]}}],"collection":[{"href":"https:\/\/minatitlan.tecnm.mx\/index.php\/wp-json\/wp\/v2\/posts"}],"about":[{"href":"https:\/\/minatitlan.tecnm.mx\/index.php\/wp-json\/wp\/v2\/types\/post"}],"author":[{"embeddable":true,"href":"https:\/\/minatitlan.tecnm.mx\/index.php\/wp-json\/wp\/v2\/users\/2"}],"replies":[{"embeddable":true,"href":"https:\/\/minatitlan.tecnm.mx\/index.php\/wp-json\/wp\/v2\/comments?post=45576"}],"version-history":[{"count":1,"href":"https:\/\/minatitlan.tecnm.mx\/index.php\/wp-json\/wp\/v2\/posts\/45576\/revisions"}],"predecessor-version":[{"id":45579,"href":"https:\/\/minatitlan.tecnm.mx\/index.php\/wp-json\/wp\/v2\/posts\/45576\/revisions\/45579"}],"wp:featuredmedia":[{"embeddable":true,"href":"https:\/\/minatitlan.tecnm.mx\/index.php\/wp-json\/wp\/v2\/media\/45578"}],"wp:attachment":[{"href":"https:\/\/minatitlan.tecnm.mx\/index.php\/wp-json\/wp\/v2\/media?parent=45576"}],"wp:term":[{"taxonomy":"category","embeddable":true,"href":"https:\/\/minatitlan.tecnm.mx\/index.php\/wp-json\/wp\/v2\/categories?post=45576"},{"taxonomy":"post_tag","embeddable":true,"href":"https:\/\/minatitlan.tecnm.mx\/index.php\/wp-json\/wp\/v2\/tags?post=45576"}],"curies":[{"name":"wp","href":"https:\/\/api.w.org\/{rel}","templated":true}]}}