{"id":45891,"date":"2025-06-06T21:34:10","date_gmt":"2025-06-07T03:34:10","guid":{"rendered":"https:\/\/minatitlan.tecnm.mx\/?p=45891"},"modified":"2025-06-06T21:34:10","modified_gmt":"2025-06-07T03:34:10","slug":"rotacion-de-personal-en-el-instituto-tecnologico-de-minatitlan-2","status":"publish","type":"post","link":"https:\/\/minatitlan.tecnm.mx\/index.php\/rotacion-de-personal-en-el-instituto-tecnologico-de-minatitlan-2\/","title":{"rendered":"ROTACI\u00d3N DE PERSONAL EN EL INSTITUTO TECNOL\u00d3GICO DE MINATITL\u00c1N"},"content":{"rendered":"<p style=\"text-align: justify;\"><button id=\"listenButton1\" class=\"responsivevoice-button\" type=\"button\" value=\"Play\" title=\"ResponsiveVoice Tap to Start\/Stop Speech\"><span>&#128266; Clic para Narrar Texto<\/span><\/button>\n        <script>\n            listenButton1.onclick = function(){\n                if(responsiveVoice.isPlaying()){\n                    responsiveVoice.cancel();\n                }else{\n                    responsiveVoice.speak(\"Minatitl\u00e1n, Ver. 05\/06\/2025.- En un acto protocolario presidido por nuestro Director del Instituto Tecnol\u00f3gico de Minatitl\u00e1n, el\u00a0Mtro. Sergio Fernando, con el objetivo de fortalecer los equipos de trabajo y fomentar el desarrollo profesional del personal administrativo, se design\u00f3 a la\u00a0Lic. Jenny, como nueva\u00a0Jefa de la Oficina de Registros y Controles\u00a0del departamento de Recursos Humanos. Estas acciones forman parte de una estrategia institucional orientada a optimizar la operatividad, impulsar el crecimiento profesional y promover la capacitaci\u00f3n continua del personal, contribuyendo as\u00ed a la mejora de los procesos administrativos y acad\u00e9micos del Tecnol\u00f3gico. El acto cont\u00f3 con la presencia del Mtro. Eduardo Enoch, Subdirector de Servicios Administrativos; la\u00a0Mtra. Zeiny Isabel, Jefa del Departamento de Recursos Humanos, as\u00ed como del personal del \u00e1rea, quienes manifestaron su respaldo a las nuevas asignaciones y subrayaron la importancia de estos cambios para el bienestar de la comunidad tecnol\u00f3gica. cgbs\", \"Spanish Latin American Female\");\n                }\n            };\n        <\/script>\n    <\/p>\n<p style=\"font-weight: 400; text-align: justify;\"><strong><em>Minatitl\u00e1n, Ver. 05\/06\/2025.-<\/em><\/strong> En un acto protocolario presidido por nuestro Director del Instituto Tecnol\u00f3gico de Minatitl\u00e1n, el\u00a0Mtro. Sergio Fernando, con el objetivo de fortalecer los equipos de trabajo y fomentar el desarrollo profesional del personal administrativo, se design\u00f3 a la\u00a0Lic. Jenny, como nueva\u00a0Jefa de la Oficina de Registros y Controles\u00a0del departamento de Recursos Humanos.<\/p>\n<p style=\"font-weight: 400; text-align: justify;\">Estas acciones forman parte de una estrategia institucional orientada a optimizar la operatividad, impulsar el crecimiento profesional y promover la capacitaci\u00f3n continua del personal, contribuyendo as\u00ed a la mejora de los procesos administrativos y acad\u00e9micos del Tecnol\u00f3gico.<\/p>\n<p style=\"font-weight: 400; text-align: justify;\">El acto cont\u00f3 con la presencia del Mtro. Eduardo Enoch, Subdirector de Servicios Administrativos; la\u00a0Mtra. Zeiny Isabel, Jefa del Departamento de Recursos Humanos, as\u00ed como del personal del \u00e1rea, quienes manifestaron su respaldo a las nuevas asignaciones y subrayaron la importancia de estos cambios para el bienestar de la comunidad tecnol\u00f3gica.<\/p>\n<p>cgbs<\/p>\n","protected":false},"excerpt":{"rendered":"<p>Minatitl\u00e1n, Ver. 05\/06\/2025.- En un acto protocolario presidido por nuestro Director del Instituto Tecnol\u00f3gico de Minatitl\u00e1n, el\u00a0Mtro. Sergio Fernando, con el objetivo de fortalecer los equipos de trabajo y fomentar el desarrollo profesional del personal administrativo, se design\u00f3 a la\u00a0Lic. Jenny, como nueva\u00a0Jefa de la Oficina de Registros y Controles\u00a0del departamento de Recursos Humanos. Estas [&hellip;]<\/p>\n","protected":false},"author":2,"featured_media":45890,"comment_status":"closed","ping_status":"open","sticky":false,"template":"","format":"standard","meta":{"advgb_blocks_editor_width":"","advgb_blocks_columns_visual_guide":"","footnotes":""},"categories":[12],"tags":[],"class_list":["post-45891","post","type-post","status-publish","format-standard","has-post-thumbnail","hentry","category-noticias"],"author_meta":{"display_name":"Comunicaci\u00f3n y Difusi\u00f3n","author_link":"https:\/\/minatitlan.tecnm.mx\/index.php\/author\/comunicacion-y-difusion\/"},"featured_img":"https:\/\/minatitlan.tecnm.mx\/wp-content\/uploads\/2025\/06\/06052025_RH_-300x225.jpg","coauthors":[],"tax_additional":{"categories":{"linked":["<a href=\"https:\/\/minatitlan.tecnm.mx\/index.php\/category\/noticias\/\" class=\"advgb-post-tax-term\">noticias<\/a>"],"unlinked":["<span class=\"advgb-post-tax-term\">noticias<\/span>"]}},"comment_count":"0","relative_dates":{"created":"Publicado 1 a\u00f1o hace","modified":"Actualizado 1 a\u00f1o hace"},"absolute_dates":{"created":"Publicado el 6 junio, 2025","modified":"Actualizado el 6 junio, 2025"},"absolute_dates_time":{"created":"Publicado el 6 junio, 2025 9:34 pm","modified":"Actualizado el 6 junio, 2025 9:34 pm"},"featured_img_caption":"","series_order":"","_links":{"self":[{"href":"https:\/\/minatitlan.tecnm.mx\/index.php\/wp-json\/wp\/v2\/posts\/45891","targetHints":{"allow":["GET"]}}],"collection":[{"href":"https:\/\/minatitlan.tecnm.mx\/index.php\/wp-json\/wp\/v2\/posts"}],"about":[{"href":"https:\/\/minatitlan.tecnm.mx\/index.php\/wp-json\/wp\/v2\/types\/post"}],"author":[{"embeddable":true,"href":"https:\/\/minatitlan.tecnm.mx\/index.php\/wp-json\/wp\/v2\/users\/2"}],"replies":[{"embeddable":true,"href":"https:\/\/minatitlan.tecnm.mx\/index.php\/wp-json\/wp\/v2\/comments?post=45891"}],"version-history":[{"count":1,"href":"https:\/\/minatitlan.tecnm.mx\/index.php\/wp-json\/wp\/v2\/posts\/45891\/revisions"}],"predecessor-version":[{"id":45892,"href":"https:\/\/minatitlan.tecnm.mx\/index.php\/wp-json\/wp\/v2\/posts\/45891\/revisions\/45892"}],"wp:featuredmedia":[{"embeddable":true,"href":"https:\/\/minatitlan.tecnm.mx\/index.php\/wp-json\/wp\/v2\/media\/45890"}],"wp:attachment":[{"href":"https:\/\/minatitlan.tecnm.mx\/index.php\/wp-json\/wp\/v2\/media?parent=45891"}],"wp:term":[{"taxonomy":"category","embeddable":true,"href":"https:\/\/minatitlan.tecnm.mx\/index.php\/wp-json\/wp\/v2\/categories?post=45891"},{"taxonomy":"post_tag","embeddable":true,"href":"https:\/\/minatitlan.tecnm.mx\/index.php\/wp-json\/wp\/v2\/tags?post=45891"}],"curies":[{"name":"wp","href":"https:\/\/api.w.org\/{rel}","templated":true}]}}