{"id":48689,"date":"2025-09-16T04:03:17","date_gmt":"2025-09-16T10:03:17","guid":{"rendered":"https:\/\/minatitlan.tecnm.mx\/?p=48689"},"modified":"2025-09-16T04:03:18","modified_gmt":"2025-09-16T10:03:18","slug":"215-aniversario-del-inicio-de-la-independencia-de-mexico","status":"publish","type":"post","link":"https:\/\/minatitlan.tecnm.mx\/index.php\/215-aniversario-del-inicio-de-la-independencia-de-mexico\/","title":{"rendered":"215 ANIVERSARIO DEL INICIO DE LA INDEPENDENCIA DE M\u00c9XICO"},"content":{"rendered":"<p style=\"text-align: justify;\"><button id=\"listenButton1\" class=\"responsivevoice-button\" type=\"button\" value=\"Play\" title=\"ResponsiveVoice Tap to Start\/Stop Speech\"><span>&#128266; Clic para Narrar Texto<\/span><\/button>\n        <script>\n            listenButton1.onclick = function(){\n                if(responsiveVoice.isPlaying()){\n                    responsiveVoice.cancel();\n                }else{\n                    responsiveVoice.speak(\"Hoy conmemoramos con orgullo el 215 aniversario del inicio de la Independencia de M\u00e9xico, recordando a las mujeres y hombres valientes que con su lucha nos heredaron libertad, justicia y soberan\u00eda. Que su legado nos inspire a seguir construyendo un M\u00e9xico con m\u00e1s educaci\u00f3n, innovaci\u00f3n y esperanza. cgbs\", \"Spanish Latin American Female\");\n                }\n            };\n        <\/script>\n    <\/p>\n<p style=\"text-align: justify;\">Hoy conmemoramos con orgullo el <b>215 aniversario del inicio de la Independencia de M\u00e9xico<\/b>, recordando a las mujeres y hombres valientes que con su lucha nos heredaron libertad, justicia y soberan\u00eda. Que su legado nos inspire a seguir construyendo un M\u00e9xico con m\u00e1s educaci\u00f3n, innovaci\u00f3n y esperanza.<\/p>\n<p>cgbs<\/p>\n","protected":false},"excerpt":{"rendered":"<p>Hoy conmemoramos con orgullo el 215 aniversario del inicio de la Independencia de M\u00e9xico, recordando a las mujeres y hombres valientes que con su lucha nos heredaron libertad, justicia y soberan\u00eda. Que su legado nos inspire a seguir construyendo un M\u00e9xico con m\u00e1s educaci\u00f3n, innovaci\u00f3n y esperanza. cgbs<\/p>\n","protected":false},"author":2,"featured_media":48688,"comment_status":"closed","ping_status":"open","sticky":false,"template":"","format":"standard","meta":{"advgb_blocks_editor_width":"","advgb_blocks_columns_visual_guide":"","footnotes":""},"categories":[12],"tags":[],"class_list":["post-48689","post","type-post","status-publish","format-standard","has-post-thumbnail","hentry","category-noticias"],"author_meta":{"display_name":"Comunicaci\u00f3n y Difusi\u00f3n","author_link":"https:\/\/minatitlan.tecnm.mx\/index.php\/author\/comunicacion-y-difusion\/"},"featured_img":"https:\/\/minatitlan.tecnm.mx\/wp-content\/uploads\/2025\/09\/INDEPENDENCIA-300x300.png","coauthors":[],"tax_additional":{"categories":{"linked":["<a href=\"https:\/\/minatitlan.tecnm.mx\/index.php\/category\/noticias\/\" class=\"advgb-post-tax-term\">noticias<\/a>"],"unlinked":["<span class=\"advgb-post-tax-term\">noticias<\/span>"]}},"comment_count":"0","relative_dates":{"created":"Publicado 12 meses hace","modified":"Actualizado 12 meses hace"},"absolute_dates":{"created":"Publicado el 16 septiembre, 2025","modified":"Actualizado el 16 septiembre, 2025"},"absolute_dates_time":{"created":"Publicado el 16 septiembre, 2025 4:03 am","modified":"Actualizado el 16 septiembre, 2025 4:03 am"},"featured_img_caption":"","series_order":"","_links":{"self":[{"href":"https:\/\/minatitlan.tecnm.mx\/index.php\/wp-json\/wp\/v2\/posts\/48689","targetHints":{"allow":["GET"]}}],"collection":[{"href":"https:\/\/minatitlan.tecnm.mx\/index.php\/wp-json\/wp\/v2\/posts"}],"about":[{"href":"https:\/\/minatitlan.tecnm.mx\/index.php\/wp-json\/wp\/v2\/types\/post"}],"author":[{"embeddable":true,"href":"https:\/\/minatitlan.tecnm.mx\/index.php\/wp-json\/wp\/v2\/users\/2"}],"replies":[{"embeddable":true,"href":"https:\/\/minatitlan.tecnm.mx\/index.php\/wp-json\/wp\/v2\/comments?post=48689"}],"version-history":[{"count":1,"href":"https:\/\/minatitlan.tecnm.mx\/index.php\/wp-json\/wp\/v2\/posts\/48689\/revisions"}],"predecessor-version":[{"id":48690,"href":"https:\/\/minatitlan.tecnm.mx\/index.php\/wp-json\/wp\/v2\/posts\/48689\/revisions\/48690"}],"wp:featuredmedia":[{"embeddable":true,"href":"https:\/\/minatitlan.tecnm.mx\/index.php\/wp-json\/wp\/v2\/media\/48688"}],"wp:attachment":[{"href":"https:\/\/minatitlan.tecnm.mx\/index.php\/wp-json\/wp\/v2\/media?parent=48689"}],"wp:term":[{"taxonomy":"category","embeddable":true,"href":"https:\/\/minatitlan.tecnm.mx\/index.php\/wp-json\/wp\/v2\/categories?post=48689"},{"taxonomy":"post_tag","embeddable":true,"href":"https:\/\/minatitlan.tecnm.mx\/index.php\/wp-json\/wp\/v2\/tags?post=48689"}],"curies":[{"name":"wp","href":"https:\/\/api.w.org\/{rel}","templated":true}]}}