{"id":50277,"date":"2025-10-23T15:15:41","date_gmt":"2025-10-23T21:15:41","guid":{"rendered":"https:\/\/minatitlan.tecnm.mx\/?p=50277"},"modified":"2025-10-23T16:27:00","modified_gmt":"2025-10-23T22:27:00","slug":"caminata-carrera-y-caminata-por-la-paz","status":"publish","type":"post","link":"https:\/\/minatitlan.tecnm.mx\/index.php\/caminata-carrera-y-caminata-por-la-paz\/","title":{"rendered":"CAMINATA, RODADA Y CARRERA POR LA PAZ"},"content":{"rendered":"<button id=\"listenButton1\" class=\"responsivevoice-button\" type=\"button\" value=\"Play\" title=\"ResponsiveVoice Tap to Start\/Stop Speech\"><span>&#128266; Clic para Narrar Texto<\/span><\/button>\n        <script>\n            listenButton1.onclick = function(){\n                if(responsiveVoice.isPlaying()){\n                    responsiveVoice.cancel();\n                }else{\n                    responsiveVoice.speak(\"El Instituto Tecnol\u00f3gico de Minatitl\u00e1n, en cumplimiento con las indicaciones de la Subsecretaria de Educaci\u00f3n Superior, el Tecnol\u00f3gico Nacional de M\u00e9xico (TecNM) y el Instituto Mexicano de la Juventud (IMJUVE), te invitamos a participar en la Rodada y Carrera por la Paz y contra las Adicciones, este domingo 26 de octubre. Punto de partida: entrada principal del Instituto Tecnol\u00f3gico de Minatitl\u00e1n. Recorrido: todo el Boulevard Institutos Tecnol\u00f3gicos hasta la Infonavit, finalizando en nuestro domo. Hora de salida: 8:30 a.m. \u00a1Disfr\u00e1zate con tem\u00e1tica del D\u00eda de Muertos! Ven con tu bicicleta \ud83d\udeb2, tus amigas y amigos , incluso con tus perritos . \u00a1Participa y s\u00famate a esta gran jornada por la salud, la convivencia y la paz!\", \"Spanish Latin American Female\");\n                }\n            };\n        <\/script>\n    \n<p style=\"font-weight: 400;\">El Instituto Tecnol\u00f3gico de Minatitl\u00e1n, en cumplimiento con las indicaciones de la Subsecretaria de Educaci\u00f3n Superior, el Tecnol\u00f3gico Nacional de M\u00e9xico (TecNM) y el Instituto Mexicano de la Juventud (IMJUVE), te invitamos a participar en la Rodada y Carrera por la Paz y contra las Adicciones, este domingo 26 de octubre.<\/p>\n<ul>\n<li style=\"font-weight: 400;\"><strong>Punto de partida: entrada principal del Instituto Tecnol\u00f3gico de Minatitl\u00e1n.<\/strong><\/li>\n<li style=\"font-weight: 400;\"><strong>Recorrido: todo el Boulevard Institutos Tecnol\u00f3gicos hasta la Infonavit, finalizando en nuestro domo.<\/strong><\/li>\n<li style=\"font-weight: 400;\"><strong>Hora de salida: 8:30 a.m.<\/strong><\/li>\n<\/ul>\n<p style=\"font-weight: 400;\"><strong>\u00a1Disfr\u00e1zate con tem\u00e1tica del D\u00eda de Muertos!<\/strong><\/p>\n<p style=\"font-weight: 400;\">Ven con tu bicicleta \ud83d\udeb2, tus amigas y amigos , incluso con tus perritos .<\/p>\n<p style=\"font-weight: 400;\"><em><strong>\u00a1Participa y s\u00famate a esta gran jornada por la salud, la convivencia y la paz!<\/strong><\/em><\/p>\n","protected":false},"excerpt":{"rendered":"<p>El Instituto Tecnol\u00f3gico de Minatitl\u00e1n, en cumplimiento con las indicaciones de la Subsecretaria de Educaci\u00f3n Superior, el Tecnol\u00f3gico Nacional de M\u00e9xico (TecNM) y el Instituto Mexicano de la Juventud (IMJUVE), te invitamos a participar en la Rodada y Carrera por la Paz y contra las Adicciones, este domingo 26 de octubre. Punto de partida: entrada [&hellip;]<\/p>\n","protected":false},"author":2,"featured_media":50276,"comment_status":"closed","ping_status":"open","sticky":false,"template":"","format":"standard","meta":{"advgb_blocks_editor_width":"","advgb_blocks_columns_visual_guide":"","footnotes":""},"categories":[12],"tags":[],"class_list":["post-50277","post","type-post","status-publish","format-standard","has-post-thumbnail","hentry","category-noticias"],"author_meta":{"display_name":"Comunicaci\u00f3n y Difusi\u00f3n","author_link":"https:\/\/minatitlan.tecnm.mx\/index.php\/author\/comunicacion-y-difusion\/"},"featured_img":"https:\/\/minatitlan.tecnm.mx\/wp-content\/uploads\/2025\/10\/20102025_ESME-225x300.jpg","coauthors":[],"tax_additional":{"categories":{"linked":["<a href=\"https:\/\/minatitlan.tecnm.mx\/index.php\/category\/noticias\/\" class=\"advgb-post-tax-term\">noticias<\/a>"],"unlinked":["<span class=\"advgb-post-tax-term\">noticias<\/span>"]}},"comment_count":"0","relative_dates":{"created":"Publicado 10 meses hace","modified":"Actualizado 10 meses hace"},"absolute_dates":{"created":"Publicado el 23 octubre, 2025","modified":"Actualizado el 23 octubre, 2025"},"absolute_dates_time":{"created":"Publicado el 23 octubre, 2025 3:15 pm","modified":"Actualizado el 23 octubre, 2025 4:27 pm"},"featured_img_caption":"","series_order":"","_links":{"self":[{"href":"https:\/\/minatitlan.tecnm.mx\/index.php\/wp-json\/wp\/v2\/posts\/50277","targetHints":{"allow":["GET"]}}],"collection":[{"href":"https:\/\/minatitlan.tecnm.mx\/index.php\/wp-json\/wp\/v2\/posts"}],"about":[{"href":"https:\/\/minatitlan.tecnm.mx\/index.php\/wp-json\/wp\/v2\/types\/post"}],"author":[{"embeddable":true,"href":"https:\/\/minatitlan.tecnm.mx\/index.php\/wp-json\/wp\/v2\/users\/2"}],"replies":[{"embeddable":true,"href":"https:\/\/minatitlan.tecnm.mx\/index.php\/wp-json\/wp\/v2\/comments?post=50277"}],"version-history":[{"count":3,"href":"https:\/\/minatitlan.tecnm.mx\/index.php\/wp-json\/wp\/v2\/posts\/50277\/revisions"}],"predecessor-version":[{"id":50280,"href":"https:\/\/minatitlan.tecnm.mx\/index.php\/wp-json\/wp\/v2\/posts\/50277\/revisions\/50280"}],"wp:featuredmedia":[{"embeddable":true,"href":"https:\/\/minatitlan.tecnm.mx\/index.php\/wp-json\/wp\/v2\/media\/50276"}],"wp:attachment":[{"href":"https:\/\/minatitlan.tecnm.mx\/index.php\/wp-json\/wp\/v2\/media?parent=50277"}],"wp:term":[{"taxonomy":"category","embeddable":true,"href":"https:\/\/minatitlan.tecnm.mx\/index.php\/wp-json\/wp\/v2\/categories?post=50277"},{"taxonomy":"post_tag","embeddable":true,"href":"https:\/\/minatitlan.tecnm.mx\/index.php\/wp-json\/wp\/v2\/tags?post=50277"}],"curies":[{"name":"wp","href":"https:\/\/api.w.org\/{rel}","templated":true}]}}