{"id":51030,"date":"2025-11-14T18:07:35","date_gmt":"2025-11-15T00:07:35","guid":{"rendered":"https:\/\/minatitlan.tecnm.mx\/?p=51030"},"modified":"2025-11-14T18:18:12","modified_gmt":"2025-11-15T00:18:12","slug":"entrega-de-nombramientos-en-el-instituto-tecnologico-de-minatitlan","status":"publish","type":"post","link":"https:\/\/minatitlan.tecnm.mx\/index.php\/entrega-de-nombramientos-en-el-instituto-tecnologico-de-minatitlan\/","title":{"rendered":"ENTREGA DE NOMBRAMIENTOS EN EL INSTITUTO TECNOL\u00d3GICO DE MINATITL\u00c1N"},"content":{"rendered":"<p style=\"text-align: justify;\"><button id=\"listenButton1\" class=\"responsivevoice-button\" type=\"button\" value=\"Play\" title=\"ResponsiveVoice Tap to Start\/Stop Speech\"><span>&#128266; Clic para Narrar Texto<\/span><\/button>\n        <script>\n            listenButton1.onclick = function(){\n                if(responsiveVoice.isPlaying()){\n                    responsiveVoice.cancel();\n                }else{\n                    responsiveVoice.speak(\"Minatitl\u00e1n, Ver., 12\/11\/2025.- El Mtro. Sergio Fernando Garibay Armenta, nuestro Director del Instituto Tecnol\u00f3gico de Minatitl\u00e1n, presidi\u00f3 la entrega de nuevos nombramientos a personal de esta casa de estudios, formalizando importantes cambios en \u00e1reas acad\u00e9micas y administrativas. Los nombramientos otorgados fueron los siguientes: Angheless Hern\u00e1ndez del Rivero, como Coordinadora de la carrera de Ingenier\u00eda en Gesti\u00f3n Empresarial, adscrita a la Divisi\u00f3n de Estudios Profesionales. Er\u00e9ndira Sosa Jara, como Secretaria de Ventanilla del Departamento de Servicios Escolares. Luisa Vera Ramos, como Jefa del Laboratorio de An\u00e1lisis Industrial del Departamento de Ingenier\u00eda Qu\u00edmica. Estas designaciones forman parte de las acciones institucionales orientadas a fortalecer las funciones sustantivas del Tecnol\u00f3gico de Minatitl\u00e1n, as\u00ed como a brindar nuevas oportunidades de crecimiento y desarrollo profesional al personal que integra nuestra comunidad. El acto cont\u00f3 con la presencia del Ing. Rafael D\u00edaz, Subdirector de Planeaci\u00f3n y Vinculaci\u00f3n; la Lic. Ana Mar\u00eda Narv\u00e1ez Hern\u00e1ndez, Jefa del Departamento de Servicios Escolares; la Lic. Sandra Luz Cruz Rom\u00e1n, Jefa de la Divisi\u00f3n de Estudios Profesionales; y el Mtro. Arturo Bulbarela Croda, Jefe del Departamento de Ingenier\u00eda Qu\u00edmica y Bioqu\u00edmica, quienes atestiguaron este importante proceso de renovaci\u00f3n administrativa. Con estas acciones, el Instituto Tecnol\u00f3gico de Minatitl\u00e1n refrendamos nuestro compromiso con el fortalecimiento institucional, la mejora continua y el desarrollo integral de su personal, impulsando una gesti\u00f3n que responde a las necesidades actuales de la comunidad educativa. cgbs Orgullosamente TecMina.\", \"Spanish Latin American Female\");\n                }\n            };\n        <\/script>\n    <\/p>\n<p style=\"font-weight: 400; text-align: justify;\"><strong><em>Minatitl\u00e1n, Ver., 12\/11\/2025.-<\/em><\/strong> El Mtro. Sergio Fernando Garibay Armenta, nuestro Director del Instituto Tecnol\u00f3gico de Minatitl\u00e1n, presidi\u00f3 la entrega de nuevos nombramientos a personal de esta casa de estudios, formalizando importantes cambios en \u00e1reas acad\u00e9micas y administrativas.<\/p>\n<p style=\"font-weight: 400; text-align: justify;\">Los nombramientos otorgados fueron los siguientes:<\/p>\n<ul style=\"text-align: justify;\">\n<li>Angheless Hern\u00e1ndez del Rivero, como Coordinadora de la carrera de Ingenier\u00eda en Gesti\u00f3n Empresarial, adscrita a la Divisi\u00f3n de Estudios Profesionales.<\/li>\n<li>Er\u00e9ndira Sosa Jara, como Secretaria de Ventanilla del Departamento de Servicios Escolares.<\/li>\n<li>Luisa Vera Ramos, como Jefa del Laboratorio de An\u00e1lisis Industrial del Departamento de Ingenier\u00eda Qu\u00edmica.<\/li>\n<\/ul>\n<p style=\"font-weight: 400; text-align: justify;\">Estas designaciones forman parte de las acciones institucionales orientadas a fortalecer las funciones sustantivas del Tecnol\u00f3gico de Minatitl\u00e1n, as\u00ed como a brindar nuevas oportunidades de crecimiento y desarrollo profesional al personal que integra nuestra comunidad.<\/p>\n<p style=\"font-weight: 400; text-align: justify;\">El acto cont\u00f3 con la presencia del Ing. Rafael D\u00edaz, Subdirector de Planeaci\u00f3n y Vinculaci\u00f3n; la Lic. Ana Mar\u00eda Narv\u00e1ez Hern\u00e1ndez, Jefa del Departamento de Servicios Escolares; la Lic. Sandra Luz Cruz Rom\u00e1n, Jefa de la Divisi\u00f3n de Estudios Profesionales; y el Mtro. Arturo Bulbarela Croda, Jefe del Departamento de Ingenier\u00eda Qu\u00edmica y Bioqu\u00edmica, quienes atestiguaron este importante proceso de renovaci\u00f3n administrativa.<\/p>\n<p style=\"font-weight: 400; text-align: justify;\">Con estas acciones, el Instituto Tecnol\u00f3gico de Minatitl\u00e1n refrendamos nuestro compromiso con el fortalecimiento institucional, la mejora continua y el desarrollo integral de su personal, impulsando una gesti\u00f3n que responde a las necesidades actuales de la comunidad educativa.<\/p>\n<p style=\"text-align: justify;\">cgbs<\/p>\n\n\n<figure class=\"wp-block-gallery has-nested-images columns-4 is-cropped wp-block-gallery-1 is-layout-flex wp-block-gallery-is-layout-flex\">\n<figure class=\"wp-block-image size-large\"><img loading=\"lazy\" decoding=\"async\" width=\"1024\" height=\"768\" data-id=\"51020\" src=\"https:\/\/minatitlan.tecnm.mx\/wp-content\/uploads\/2025\/11\/14112025_nombramientos_3-1024x768.jpeg\" alt=\"\" class=\"wp-image-51020\" srcset=\"https:\/\/minatitlan.tecnm.mx\/wp-content\/uploads\/2025\/11\/14112025_nombramientos_3-1024x768.jpeg 1024w, https:\/\/minatitlan.tecnm.mx\/wp-content\/uploads\/2025\/11\/14112025_nombramientos_3-300x225.jpeg 300w, https:\/\/minatitlan.tecnm.mx\/wp-content\/uploads\/2025\/11\/14112025_nombramientos_3-768x576.jpeg 768w, https:\/\/minatitlan.tecnm.mx\/wp-content\/uploads\/2025\/11\/14112025_nombramientos_3-1536x1152.jpeg 1536w, https:\/\/minatitlan.tecnm.mx\/wp-content\/uploads\/2025\/11\/14112025_nombramientos_3-2048x1536.jpeg 2048w\" sizes=\"auto, (max-width: 1024px) 100vw, 1024px\" \/><\/figure>\n\n\n\n<figure class=\"wp-block-image size-large\"><img loading=\"lazy\" decoding=\"async\" width=\"1024\" height=\"768\" data-id=\"51021\" src=\"https:\/\/minatitlan.tecnm.mx\/wp-content\/uploads\/2025\/11\/14112025_nombramientos_4-1024x768.jpeg\" alt=\"\" class=\"wp-image-51021\" srcset=\"https:\/\/minatitlan.tecnm.mx\/wp-content\/uploads\/2025\/11\/14112025_nombramientos_4-1024x768.jpeg 1024w, https:\/\/minatitlan.tecnm.mx\/wp-content\/uploads\/2025\/11\/14112025_nombramientos_4-300x225.jpeg 300w, https:\/\/minatitlan.tecnm.mx\/wp-content\/uploads\/2025\/11\/14112025_nombramientos_4-768x576.jpeg 768w, https:\/\/minatitlan.tecnm.mx\/wp-content\/uploads\/2025\/11\/14112025_nombramientos_4-1536x1152.jpeg 1536w, https:\/\/minatitlan.tecnm.mx\/wp-content\/uploads\/2025\/11\/14112025_nombramientos_4-2048x1536.jpeg 2048w\" sizes=\"auto, (max-width: 1024px) 100vw, 1024px\" \/><\/figure>\n\n\n\n<figure class=\"wp-block-image size-large\"><img loading=\"lazy\" decoding=\"async\" width=\"1024\" height=\"768\" data-id=\"51022\" src=\"https:\/\/minatitlan.tecnm.mx\/wp-content\/uploads\/2025\/11\/14112025_nombramientos_5-1024x768.jpeg\" alt=\"\" class=\"wp-image-51022\" srcset=\"https:\/\/minatitlan.tecnm.mx\/wp-content\/uploads\/2025\/11\/14112025_nombramientos_5-1024x768.jpeg 1024w, https:\/\/minatitlan.tecnm.mx\/wp-content\/uploads\/2025\/11\/14112025_nombramientos_5-300x225.jpeg 300w, https:\/\/minatitlan.tecnm.mx\/wp-content\/uploads\/2025\/11\/14112025_nombramientos_5-768x576.jpeg 768w, https:\/\/minatitlan.tecnm.mx\/wp-content\/uploads\/2025\/11\/14112025_nombramientos_5-1536x1152.jpeg 1536w, https:\/\/minatitlan.tecnm.mx\/wp-content\/uploads\/2025\/11\/14112025_nombramientos_5-2048x1536.jpeg 2048w\" sizes=\"auto, (max-width: 1024px) 100vw, 1024px\" \/><\/figure>\n\n\n\n<figure class=\"wp-block-image size-large\"><img loading=\"lazy\" decoding=\"async\" width=\"1024\" height=\"768\" data-id=\"51023\" src=\"https:\/\/minatitlan.tecnm.mx\/wp-content\/uploads\/2025\/11\/14112025_nombramientos_6-1024x768.jpeg\" alt=\"\" class=\"wp-image-51023\" srcset=\"https:\/\/minatitlan.tecnm.mx\/wp-content\/uploads\/2025\/11\/14112025_nombramientos_6-1024x768.jpeg 1024w, https:\/\/minatitlan.tecnm.mx\/wp-content\/uploads\/2025\/11\/14112025_nombramientos_6-300x225.jpeg 300w, https:\/\/minatitlan.tecnm.mx\/wp-content\/uploads\/2025\/11\/14112025_nombramientos_6-768x576.jpeg 768w, https:\/\/minatitlan.tecnm.mx\/wp-content\/uploads\/2025\/11\/14112025_nombramientos_6-1536x1152.jpeg 1536w, https:\/\/minatitlan.tecnm.mx\/wp-content\/uploads\/2025\/11\/14112025_nombramientos_6-2048x1536.jpeg 2048w\" sizes=\"auto, (max-width: 1024px) 100vw, 1024px\" \/><\/figure>\n\n\n\n<figure class=\"wp-block-image size-large\"><img loading=\"lazy\" decoding=\"async\" width=\"1024\" height=\"768\" data-id=\"51024\" src=\"https:\/\/minatitlan.tecnm.mx\/wp-content\/uploads\/2025\/11\/14112025_nombramientos_8-1024x768.jpeg\" alt=\"\" class=\"wp-image-51024\" srcset=\"https:\/\/minatitlan.tecnm.mx\/wp-content\/uploads\/2025\/11\/14112025_nombramientos_8-1024x768.jpeg 1024w, https:\/\/minatitlan.tecnm.mx\/wp-content\/uploads\/2025\/11\/14112025_nombramientos_8-300x225.jpeg 300w, https:\/\/minatitlan.tecnm.mx\/wp-content\/uploads\/2025\/11\/14112025_nombramientos_8-768x576.jpeg 768w, https:\/\/minatitlan.tecnm.mx\/wp-content\/uploads\/2025\/11\/14112025_nombramientos_8-1536x1152.jpeg 1536w, https:\/\/minatitlan.tecnm.mx\/wp-content\/uploads\/2025\/11\/14112025_nombramientos_8-2048x1536.jpeg 2048w\" sizes=\"auto, (max-width: 1024px) 100vw, 1024px\" \/><\/figure>\n\n\n\n<figure class=\"wp-block-image size-large\"><img loading=\"lazy\" decoding=\"async\" width=\"1024\" height=\"768\" data-id=\"51025\" src=\"https:\/\/minatitlan.tecnm.mx\/wp-content\/uploads\/2025\/11\/14112025_nombramientos_9-1024x768.jpeg\" alt=\"\" class=\"wp-image-51025\" srcset=\"https:\/\/minatitlan.tecnm.mx\/wp-content\/uploads\/2025\/11\/14112025_nombramientos_9-1024x768.jpeg 1024w, https:\/\/minatitlan.tecnm.mx\/wp-content\/uploads\/2025\/11\/14112025_nombramientos_9-300x225.jpeg 300w, https:\/\/minatitlan.tecnm.mx\/wp-content\/uploads\/2025\/11\/14112025_nombramientos_9-768x576.jpeg 768w, https:\/\/minatitlan.tecnm.mx\/wp-content\/uploads\/2025\/11\/14112025_nombramientos_9-1536x1152.jpeg 1536w, https:\/\/minatitlan.tecnm.mx\/wp-content\/uploads\/2025\/11\/14112025_nombramientos_9-2048x1536.jpeg 2048w\" sizes=\"auto, (max-width: 1024px) 100vw, 1024px\" \/><\/figure>\n\n\n\n<figure class=\"wp-block-image size-large\"><img loading=\"lazy\" decoding=\"async\" width=\"1024\" height=\"768\" data-id=\"51026\" src=\"https:\/\/minatitlan.tecnm.mx\/wp-content\/uploads\/2025\/11\/14112025_nombramientos_10-1024x768.jpeg\" alt=\"\" class=\"wp-image-51026\" srcset=\"https:\/\/minatitlan.tecnm.mx\/wp-content\/uploads\/2025\/11\/14112025_nombramientos_10-1024x768.jpeg 1024w, https:\/\/minatitlan.tecnm.mx\/wp-content\/uploads\/2025\/11\/14112025_nombramientos_10-300x225.jpeg 300w, https:\/\/minatitlan.tecnm.mx\/wp-content\/uploads\/2025\/11\/14112025_nombramientos_10-768x576.jpeg 768w, https:\/\/minatitlan.tecnm.mx\/wp-content\/uploads\/2025\/11\/14112025_nombramientos_10-1536x1152.jpeg 1536w, https:\/\/minatitlan.tecnm.mx\/wp-content\/uploads\/2025\/11\/14112025_nombramientos_10-2048x1536.jpeg 2048w\" sizes=\"auto, (max-width: 1024px) 100vw, 1024px\" \/><\/figure>\n\n\n\n<figure class=\"wp-block-image size-large\"><img loading=\"lazy\" decoding=\"async\" width=\"1024\" height=\"768\" data-id=\"51027\" src=\"https:\/\/minatitlan.tecnm.mx\/wp-content\/uploads\/2025\/11\/14112025_nombramientos_11-1024x768.jpeg\" alt=\"\" class=\"wp-image-51027\" srcset=\"https:\/\/minatitlan.tecnm.mx\/wp-content\/uploads\/2025\/11\/14112025_nombramientos_11-1024x768.jpeg 1024w, https:\/\/minatitlan.tecnm.mx\/wp-content\/uploads\/2025\/11\/14112025_nombramientos_11-300x225.jpeg 300w, https:\/\/minatitlan.tecnm.mx\/wp-content\/uploads\/2025\/11\/14112025_nombramientos_11-768x576.jpeg 768w, https:\/\/minatitlan.tecnm.mx\/wp-content\/uploads\/2025\/11\/14112025_nombramientos_11-1536x1152.jpeg 1536w, https:\/\/minatitlan.tecnm.mx\/wp-content\/uploads\/2025\/11\/14112025_nombramientos_11-2048x1536.jpeg 2048w\" sizes=\"auto, (max-width: 1024px) 100vw, 1024px\" \/><\/figure>\n\n\n\n<figure class=\"wp-block-image size-large\"><img loading=\"lazy\" decoding=\"async\" width=\"1024\" height=\"768\" data-id=\"51028\" src=\"https:\/\/minatitlan.tecnm.mx\/wp-content\/uploads\/2025\/11\/14112025_nombramientos_12-1024x768.jpeg\" alt=\"\" class=\"wp-image-51028\" srcset=\"https:\/\/minatitlan.tecnm.mx\/wp-content\/uploads\/2025\/11\/14112025_nombramientos_12-1024x768.jpeg 1024w, https:\/\/minatitlan.tecnm.mx\/wp-content\/uploads\/2025\/11\/14112025_nombramientos_12-300x225.jpeg 300w, https:\/\/minatitlan.tecnm.mx\/wp-content\/uploads\/2025\/11\/14112025_nombramientos_12-768x576.jpeg 768w, https:\/\/minatitlan.tecnm.mx\/wp-content\/uploads\/2025\/11\/14112025_nombramientos_12-1536x1152.jpeg 1536w, https:\/\/minatitlan.tecnm.mx\/wp-content\/uploads\/2025\/11\/14112025_nombramientos_12-2048x1536.jpeg 2048w\" sizes=\"auto, (max-width: 1024px) 100vw, 1024px\" \/><\/figure>\n\n\n\n<figure class=\"wp-block-image size-large\"><img loading=\"lazy\" decoding=\"async\" width=\"1024\" height=\"768\" data-id=\"51029\" src=\"https:\/\/minatitlan.tecnm.mx\/wp-content\/uploads\/2025\/11\/14112025_nombramientos_13-1024x768.jpeg\" alt=\"\" class=\"wp-image-51029\" srcset=\"https:\/\/minatitlan.tecnm.mx\/wp-content\/uploads\/2025\/11\/14112025_nombramientos_13-1024x768.jpeg 1024w, https:\/\/minatitlan.tecnm.mx\/wp-content\/uploads\/2025\/11\/14112025_nombramientos_13-300x225.jpeg 300w, https:\/\/minatitlan.tecnm.mx\/wp-content\/uploads\/2025\/11\/14112025_nombramientos_13-768x576.jpeg 768w, https:\/\/minatitlan.tecnm.mx\/wp-content\/uploads\/2025\/11\/14112025_nombramientos_13-1536x1152.jpeg 1536w, https:\/\/minatitlan.tecnm.mx\/wp-content\/uploads\/2025\/11\/14112025_nombramientos_13-2048x1536.jpeg 2048w\" sizes=\"auto, (max-width: 1024px) 100vw, 1024px\" \/><\/figure>\n<figcaption class=\"blocks-gallery-caption wp-element-caption\"><em>Orgullosamente TecMina.<\/em><\/figcaption><\/figure>\n","protected":false},"excerpt":{"rendered":"<p>Minatitl\u00e1n, Ver., 12\/11\/2025.- El Mtro. Sergio Fernando Garibay Armenta, nuestro Director del Instituto Tecnol\u00f3gico de Minatitl\u00e1n, presidi\u00f3 la entrega de nuevos nombramientos a personal de esta casa de estudios, formalizando importantes cambios en \u00e1reas acad\u00e9micas y administrativas. Los nombramientos otorgados fueron los siguientes: Angheless Hern\u00e1ndez del Rivero, como Coordinadora de la carrera de Ingenier\u00eda en [&hellip;]<\/p>\n","protected":false},"author":2,"featured_media":51019,"comment_status":"closed","ping_status":"open","sticky":false,"template":"","format":"standard","meta":{"advgb_blocks_editor_width":"","advgb_blocks_columns_visual_guide":"","footnotes":""},"categories":[12],"tags":[],"class_list":["post-51030","post","type-post","status-publish","format-standard","has-post-thumbnail","hentry","category-noticias"],"author_meta":{"display_name":"Comunicaci\u00f3n y Difusi\u00f3n","author_link":"https:\/\/minatitlan.tecnm.mx\/index.php\/author\/comunicacion-y-difusion\/"},"featured_img":"https:\/\/minatitlan.tecnm.mx\/wp-content\/uploads\/2025\/11\/14112025_nombramientos_1-300x225.jpeg","coauthors":[],"tax_additional":{"categories":{"linked":["<a href=\"https:\/\/minatitlan.tecnm.mx\/index.php\/category\/noticias\/\" class=\"advgb-post-tax-term\">noticias<\/a>"],"unlinked":["<span class=\"advgb-post-tax-term\">noticias<\/span>"]}},"comment_count":"0","relative_dates":{"created":"Publicado 10 meses hace","modified":"Actualizado 10 meses hace"},"absolute_dates":{"created":"Publicado el 14 noviembre, 2025","modified":"Actualizado el 14 noviembre, 2025"},"absolute_dates_time":{"created":"Publicado el 14 noviembre, 2025 6:07 pm","modified":"Actualizado el 14 noviembre, 2025 6:18 pm"},"featured_img_caption":"","series_order":"","_links":{"self":[{"href":"https:\/\/minatitlan.tecnm.mx\/index.php\/wp-json\/wp\/v2\/posts\/51030","targetHints":{"allow":["GET"]}}],"collection":[{"href":"https:\/\/minatitlan.tecnm.mx\/index.php\/wp-json\/wp\/v2\/posts"}],"about":[{"href":"https:\/\/minatitlan.tecnm.mx\/index.php\/wp-json\/wp\/v2\/types\/post"}],"author":[{"embeddable":true,"href":"https:\/\/minatitlan.tecnm.mx\/index.php\/wp-json\/wp\/v2\/users\/2"}],"replies":[{"embeddable":true,"href":"https:\/\/minatitlan.tecnm.mx\/index.php\/wp-json\/wp\/v2\/comments?post=51030"}],"version-history":[{"count":2,"href":"https:\/\/minatitlan.tecnm.mx\/index.php\/wp-json\/wp\/v2\/posts\/51030\/revisions"}],"predecessor-version":[{"id":51032,"href":"https:\/\/minatitlan.tecnm.mx\/index.php\/wp-json\/wp\/v2\/posts\/51030\/revisions\/51032"}],"wp:featuredmedia":[{"embeddable":true,"href":"https:\/\/minatitlan.tecnm.mx\/index.php\/wp-json\/wp\/v2\/media\/51019"}],"wp:attachment":[{"href":"https:\/\/minatitlan.tecnm.mx\/index.php\/wp-json\/wp\/v2\/media?parent=51030"}],"wp:term":[{"taxonomy":"category","embeddable":true,"href":"https:\/\/minatitlan.tecnm.mx\/index.php\/wp-json\/wp\/v2\/categories?post=51030"},{"taxonomy":"post_tag","embeddable":true,"href":"https:\/\/minatitlan.tecnm.mx\/index.php\/wp-json\/wp\/v2\/tags?post=51030"}],"curies":[{"name":"wp","href":"https:\/\/api.w.org\/{rel}","templated":true}]}}