{"id":52189,"date":"2025-12-17T09:54:33","date_gmt":"2025-12-17T15:54:33","guid":{"rendered":"https:\/\/minatitlan.tecnm.mx\/?p=52189"},"modified":"2025-12-17T09:54:34","modified_gmt":"2025-12-17T15:54:34","slug":"convocatoria-servicio-social-periodo-enero-junio-2026","status":"publish","type":"post","link":"https:\/\/minatitlan.tecnm.mx\/index.php\/convocatoria-servicio-social-periodo-enero-junio-2026\/","title":{"rendered":"CONVOCATORIA SERVICIO SOCIAL PERIODO ENERO \u2013 JUNIO 2026"},"content":{"rendered":"<p style=\"text-align: justify;\"><button id=\"listenButton1\" class=\"responsivevoice-button\" type=\"button\" value=\"Play\" title=\"ResponsiveVoice Tap to Start\/Stop Speech\"><span>&#128266; Clic para Narrar Texto<\/span><\/button>\n        <script>\n            listenButton1.onclick = function(){\n                if(responsiveVoice.isPlaying()){\n                    responsiveVoice.cancel();\n                }else{\n                    responsiveVoice.speak(\"El Instituto Tecnol\u00f3gico de Minatitl\u00e1n, a trav\u00e9s del Departamento de Gesti\u00f3n Tecnol\u00f3gica y Vinculaci\u00f3n y la Oficina de Servicio Social, invita a estudiantes y egresados a participar en el Servicio Social correspondiente al semestre Enero \u2013 Junio 2026. Requisitos principales: Tener acreditado al menos el 70% de los cr\u00e9ditos de la especialidad Disponibilidad de 4 horas diarias Asistir al Curso de Inducci\u00f3n al Servicio Social \u00a0 Curso de Inducci\u00f3n al Servicio Social 18 de diciembre 11:00 horas Modalidad virtual a trav\u00e9s de Microsoft Teams ENLACE DE REGISTRO \ud83d\udd17 https:\/\/bit.ly\/3L64K7N \u00a0 M\u00e1s Informes:\u00a0serviciosocial@minatitlan.tecnm.mx Orgullosamente TecMina.\", \"Spanish Latin American Female\");\n                }\n            };\n        <\/script>\n    <\/p>\n<p style=\"font-weight: 400; text-align: justify;\">El Instituto Tecnol\u00f3gico de Minatitl\u00e1n, a trav\u00e9s del Departamento de Gesti\u00f3n Tecnol\u00f3gica y Vinculaci\u00f3n y la Oficina de Servicio Social, invita a estudiantes y egresados a participar en el Servicio Social correspondiente al semestre Enero \u2013 Junio 2026.<\/p>\n<p style=\"text-align: justify;\"><strong>Requisitos principales:<\/strong><\/p>\n<ul style=\"text-align: justify;\">\n<li style=\"font-weight: 400;\">Tener acreditado al menos el 70% de los cr\u00e9ditos de la especialidad<\/li>\n<li style=\"font-weight: 400;\">Disponibilidad de 4 horas diarias<\/li>\n<li style=\"font-weight: 400;\">Asistir al Curso de Inducci\u00f3n al Servicio Social<\/li>\n<\/ul>\n<p style=\"font-weight: 400; text-align: justify;\">\u00a0<\/p>\n<p style=\"font-weight: 400; text-align: justify;\"><strong>Curso de Inducci\u00f3n al Servicio Social<\/strong><\/p>\n<ul style=\"text-align: justify;\">\n<li style=\"font-weight: 400;\">18 de diciembre<\/li>\n<li style=\"font-weight: 400;\">11:00 horas<\/li>\n<li style=\"font-weight: 400;\">Modalidad virtual a trav\u00e9s de Microsoft Teams<\/li>\n<li style=\"font-weight: 400;\">ENLACE DE REGISTRO \ud83d\udd17 <a href=\"https:\/\/bit.ly\/3L64K7N\">https:\/\/bit.ly\/3L64K7N<\/a><\/li>\n<\/ul>\n<p style=\"font-weight: 400; text-align: justify;\">\u00a0<\/p>\n<p style=\"font-weight: 400; text-align: justify;\">M\u00e1s Informes:\u00a0<strong>serviciosocial@minatitlan.tecnm.mx<\/strong><\/p>\n\n\n<figure class=\"wp-block-gallery has-nested-images columns-default is-cropped wp-block-gallery-1 is-layout-flex wp-block-gallery-is-layout-flex\">\n<figure class=\"wp-block-image size-large\"><img loading=\"lazy\" decoding=\"async\" width=\"725\" height=\"1024\" data-id=\"52188\" src=\"https:\/\/minatitlan.tecnm.mx\/wp-content\/uploads\/2025\/12\/17122025_CONVOCATORIA-SERVICIO-SOCIAL-PERIODO-ENERO_2_calendario-725x1024.jpg\" alt=\"\" class=\"wp-image-52188\" srcset=\"https:\/\/minatitlan.tecnm.mx\/wp-content\/uploads\/2025\/12\/17122025_CONVOCATORIA-SERVICIO-SOCIAL-PERIODO-ENERO_2_calendario-725x1024.jpg 725w, https:\/\/minatitlan.tecnm.mx\/wp-content\/uploads\/2025\/12\/17122025_CONVOCATORIA-SERVICIO-SOCIAL-PERIODO-ENERO_2_calendario-212x300.jpg 212w, https:\/\/minatitlan.tecnm.mx\/wp-content\/uploads\/2025\/12\/17122025_CONVOCATORIA-SERVICIO-SOCIAL-PERIODO-ENERO_2_calendario-768x1084.jpg 768w, https:\/\/minatitlan.tecnm.mx\/wp-content\/uploads\/2025\/12\/17122025_CONVOCATORIA-SERVICIO-SOCIAL-PERIODO-ENERO_2_calendario-1088x1536.jpg 1088w, https:\/\/minatitlan.tecnm.mx\/wp-content\/uploads\/2025\/12\/17122025_CONVOCATORIA-SERVICIO-SOCIAL-PERIODO-ENERO_2_calendario-1450x2048.jpg 1450w, https:\/\/minatitlan.tecnm.mx\/wp-content\/uploads\/2025\/12\/17122025_CONVOCATORIA-SERVICIO-SOCIAL-PERIODO-ENERO_2_calendario-scaled.jpg 1813w\" sizes=\"auto, (max-width: 725px) 100vw, 725px\" \/><\/figure>\n<figcaption class=\"blocks-gallery-caption wp-element-caption\"><em>Orgullosamente TecMina.<\/em><\/figcaption><\/figure>\n","protected":false},"excerpt":{"rendered":"<p>El Instituto Tecnol\u00f3gico de Minatitl\u00e1n, a trav\u00e9s del Departamento de Gesti\u00f3n Tecnol\u00f3gica y Vinculaci\u00f3n y la Oficina de Servicio Social, invita a estudiantes y egresados a participar en el Servicio Social correspondiente al semestre Enero \u2013 Junio 2026. Requisitos principales: Tener acreditado al menos el 70% de los cr\u00e9ditos de la especialidad Disponibilidad de 4 [&hellip;]<\/p>\n","protected":false},"author":2,"featured_media":52187,"comment_status":"closed","ping_status":"open","sticky":false,"template":"","format":"standard","meta":{"advgb_blocks_editor_width":"","advgb_blocks_columns_visual_guide":"","footnotes":""},"categories":[12],"tags":[],"class_list":["post-52189","post","type-post","status-publish","format-standard","has-post-thumbnail","hentry","category-noticias"],"author_meta":{"display_name":"Comunicaci\u00f3n y Difusi\u00f3n","author_link":"https:\/\/minatitlan.tecnm.mx\/index.php\/author\/comunicacion-y-difusion\/"},"featured_img":"https:\/\/minatitlan.tecnm.mx\/wp-content\/uploads\/2025\/12\/17122025_CONVOCATORIA-SERVICIO-SOCIAL-PERIODO-ENERO_1-300x300.png","coauthors":[],"tax_additional":{"categories":{"linked":["<a href=\"https:\/\/minatitlan.tecnm.mx\/index.php\/category\/noticias\/\" class=\"advgb-post-tax-term\">noticias<\/a>"],"unlinked":["<span class=\"advgb-post-tax-term\">noticias<\/span>"]}},"comment_count":"0","relative_dates":{"created":"Publicado 9 meses hace","modified":"Actualizado 9 meses hace"},"absolute_dates":{"created":"Publicado el 17 diciembre, 2025","modified":"Actualizado el 17 diciembre, 2025"},"absolute_dates_time":{"created":"Publicado el 17 diciembre, 2025 9:54 am","modified":"Actualizado el 17 diciembre, 2025 9:54 am"},"featured_img_caption":"","series_order":"","_links":{"self":[{"href":"https:\/\/minatitlan.tecnm.mx\/index.php\/wp-json\/wp\/v2\/posts\/52189","targetHints":{"allow":["GET"]}}],"collection":[{"href":"https:\/\/minatitlan.tecnm.mx\/index.php\/wp-json\/wp\/v2\/posts"}],"about":[{"href":"https:\/\/minatitlan.tecnm.mx\/index.php\/wp-json\/wp\/v2\/types\/post"}],"author":[{"embeddable":true,"href":"https:\/\/minatitlan.tecnm.mx\/index.php\/wp-json\/wp\/v2\/users\/2"}],"replies":[{"embeddable":true,"href":"https:\/\/minatitlan.tecnm.mx\/index.php\/wp-json\/wp\/v2\/comments?post=52189"}],"version-history":[{"count":1,"href":"https:\/\/minatitlan.tecnm.mx\/index.php\/wp-json\/wp\/v2\/posts\/52189\/revisions"}],"predecessor-version":[{"id":52190,"href":"https:\/\/minatitlan.tecnm.mx\/index.php\/wp-json\/wp\/v2\/posts\/52189\/revisions\/52190"}],"wp:featuredmedia":[{"embeddable":true,"href":"https:\/\/minatitlan.tecnm.mx\/index.php\/wp-json\/wp\/v2\/media\/52187"}],"wp:attachment":[{"href":"https:\/\/minatitlan.tecnm.mx\/index.php\/wp-json\/wp\/v2\/media?parent=52189"}],"wp:term":[{"taxonomy":"category","embeddable":true,"href":"https:\/\/minatitlan.tecnm.mx\/index.php\/wp-json\/wp\/v2\/categories?post=52189"},{"taxonomy":"post_tag","embeddable":true,"href":"https:\/\/minatitlan.tecnm.mx\/index.php\/wp-json\/wp\/v2\/tags?post=52189"}],"curies":[{"name":"wp","href":"https:\/\/api.w.org\/{rel}","templated":true}]}}