{"id":52847,"date":"2026-01-26T12:33:21","date_gmt":"2026-01-26T18:33:21","guid":{"rendered":"https:\/\/minatitlan.tecnm.mx\/?p=52847"},"modified":"2026-01-26T12:36:24","modified_gmt":"2026-01-26T18:36:24","slug":"tecmina-inicia-proceso-de-reinscripcion-al-semestre-enero-junio-2026","status":"publish","type":"post","link":"https:\/\/minatitlan.tecnm.mx\/index.php\/tecmina-inicia-proceso-de-reinscripcion-al-semestre-enero-junio-2026\/","title":{"rendered":"TECMINA INICIA PROCESO DE REINSCRIPCI\u00d3N AL SEMESTRE ENERO\u2013JUNIO 2026"},"content":{"rendered":"<p style=\"text-align: justify;\"><span class=\"s1\"><button id=\"listenButton1\" class=\"responsivevoice-button\" type=\"button\" value=\"Play\" title=\"ResponsiveVoice Tap to Start\/Stop Speech\"><span>&#128266; Clic para Narrar Texto<\/span><\/button>\n        <script>\n            listenButton1.onclick = function(){\n                if(responsiveVoice.isPlaying()){\n                    responsiveVoice.cancel();\n                }else{\n                    responsiveVoice.speak(\"Minatitl\u00e1n, Ver., 26\/01\/2026.- El Instituto Tecnol\u00f3gico de Minatitl\u00e1n dimos inicio al proceso de reinscripci\u00f3n correspondiente al semestre enero\u2013junio 2026, el cual se lleva a cabo del 26 al 30 de enero, con el objetivo de garantizar que nuestras y nuestros estudiantes contin\u00faen en tiempo y forma con su trayectoria acad\u00e9mica. De manera destacada, la Divisi\u00f3n de Estudios Profesionales, encabezada por la Lic. Sandra Luz Cruz Rom\u00e1n, desempe\u00f1a un papel fundamental en el desarrollo puntual y ordenado de este proceso, brindando una atenci\u00f3n eficiente, clara y oportuna a la comunidad estudiantil. El compromiso, profesionalismo y dedicaci\u00f3n del personal adscrito a esta \u00e1rea han sido clave para asegurar un procedimiento \u00e1gil y confiable. El proceso de reinscripci\u00f3n se realiza tanto en modalidad en l\u00ednea como presencial, permitiendo optimizar tiempos y facilitar el acceso al tr\u00e1mite, reafirmando el compromiso institucional de ofrecer servicios administrativos de calidad. Con estas acciones, el Tecnol\u00f3gico de Minatitl\u00e1n, liderado por nuestro Director, el Mtro. Sergio Fernando Garibay Armenta contin\u00faa consolid\u00e1ndose como una instituci\u00f3n que trabaja de manera responsable y coordinada para garantizar el adecuado inicio del semestre acad\u00e9mico. Para cualquier duda o aclaraci\u00f3n relacionada con el proceso de reinscripci\u00f3n, nuestras y nuestros estudiantes pueden contactar con confianza a sus coordinadoras y coordinadores acad\u00e9micos, a trav\u00e9s de sus correos institucionales oficiales, quienes brindar\u00e1n la orientaci\u00f3n y el acompa\u00f1amiento necesarios. cgbs Orgullosamente TecMina.\", \"Spanish Latin American Female\");\n                }\n            };\n        <\/script>\n    <\/span><\/p>\n<p style=\"font-weight: 400; text-align: justify;\"><strong><em>Minatitl\u00e1n, Ver., 26\/01\/2026.-<\/em><\/strong> El Instituto Tecnol\u00f3gico de Minatitl\u00e1n dimos inicio al proceso de reinscripci\u00f3n correspondiente al semestre enero\u2013junio 2026, el cual se lleva a cabo del 26 al 30 de enero, con el objetivo de garantizar que nuestras y nuestros estudiantes contin\u00faen en tiempo y forma con su trayectoria acad\u00e9mica.<\/p>\n<p style=\"font-weight: 400; text-align: justify;\">De manera destacada, la Divisi\u00f3n de Estudios Profesionales, encabezada por la Lic. Sandra Luz Cruz Rom\u00e1n, desempe\u00f1a un papel fundamental en el desarrollo puntual y ordenado de este proceso, brindando una atenci\u00f3n eficiente, clara y oportuna a la comunidad estudiantil. El compromiso, profesionalismo y dedicaci\u00f3n del personal adscrito a esta \u00e1rea han sido clave para asegurar un procedimiento \u00e1gil y confiable.<\/p>\n<p style=\"font-weight: 400; text-align: justify;\">El proceso de reinscripci\u00f3n se realiza tanto en modalidad en l\u00ednea como presencial, permitiendo optimizar tiempos y facilitar el acceso al tr\u00e1mite, reafirmando el compromiso institucional de ofrecer servicios administrativos de calidad. Con estas acciones, el Tecnol\u00f3gico de Minatitl\u00e1n, liderado por nuestro Director, el Mtro. Sergio Fernando Garibay Armenta contin\u00faa consolid\u00e1ndose como una instituci\u00f3n que trabaja de manera responsable y coordinada para garantizar el adecuado inicio del semestre acad\u00e9mico.<\/p>\n<p style=\"font-weight: 400; text-align: justify;\"><strong>Para cualquier duda o aclaraci\u00f3n relacionada con el proceso de reinscripci\u00f3n, nuestras y nuestros estudiantes pueden contactar con confianza a sus coordinadoras y coordinadores acad\u00e9micos, a trav\u00e9s de sus correos institucionales oficiales, quienes brindar\u00e1n la orientaci\u00f3n y el acompa\u00f1amiento necesarios.<\/strong><\/p>\n<p style=\"text-align: justify;\">cgbs<\/p>\n\n\n<figure class=\"wp-block-gallery has-nested-images columns-default is-cropped wp-block-gallery-1 is-layout-flex wp-block-gallery-is-layout-flex\">\n<figure class=\"wp-block-image size-large\"><img loading=\"lazy\" decoding=\"async\" width=\"1024\" height=\"768\" data-id=\"52836\" src=\"https:\/\/minatitlan.tecnm.mx\/wp-content\/uploads\/2026\/01\/26012026_reinscripcion_3-1024x768.jpeg\" alt=\"\" class=\"wp-image-52836\" srcset=\"https:\/\/minatitlan.tecnm.mx\/wp-content\/uploads\/2026\/01\/26012026_reinscripcion_3-1024x768.jpeg 1024w, https:\/\/minatitlan.tecnm.mx\/wp-content\/uploads\/2026\/01\/26012026_reinscripcion_3-300x225.jpeg 300w, https:\/\/minatitlan.tecnm.mx\/wp-content\/uploads\/2026\/01\/26012026_reinscripcion_3-768x576.jpeg 768w, https:\/\/minatitlan.tecnm.mx\/wp-content\/uploads\/2026\/01\/26012026_reinscripcion_3-1536x1152.jpeg 1536w, https:\/\/minatitlan.tecnm.mx\/wp-content\/uploads\/2026\/01\/26012026_reinscripcion_3-2048x1536.jpeg 2048w\" sizes=\"auto, (max-width: 1024px) 100vw, 1024px\" \/><\/figure>\n\n\n\n<figure class=\"wp-block-image size-large\"><img loading=\"lazy\" decoding=\"async\" width=\"1024\" height=\"768\" data-id=\"52835\" src=\"https:\/\/minatitlan.tecnm.mx\/wp-content\/uploads\/2026\/01\/26012026_reinscripcion_2-1024x768.jpeg\" alt=\"\" class=\"wp-image-52835\" srcset=\"https:\/\/minatitlan.tecnm.mx\/wp-content\/uploads\/2026\/01\/26012026_reinscripcion_2-1024x768.jpeg 1024w, https:\/\/minatitlan.tecnm.mx\/wp-content\/uploads\/2026\/01\/26012026_reinscripcion_2-300x225.jpeg 300w, https:\/\/minatitlan.tecnm.mx\/wp-content\/uploads\/2026\/01\/26012026_reinscripcion_2-768x576.jpeg 768w, https:\/\/minatitlan.tecnm.mx\/wp-content\/uploads\/2026\/01\/26012026_reinscripcion_2-1536x1152.jpeg 1536w, https:\/\/minatitlan.tecnm.mx\/wp-content\/uploads\/2026\/01\/26012026_reinscripcion_2-2048x1536.jpeg 2048w\" sizes=\"auto, (max-width: 1024px) 100vw, 1024px\" \/><\/figure>\n\n\n\n<figure class=\"wp-block-image size-large\"><img loading=\"lazy\" decoding=\"async\" width=\"1024\" height=\"768\" data-id=\"52837\" src=\"https:\/\/minatitlan.tecnm.mx\/wp-content\/uploads\/2026\/01\/26012026_reinscripcion_4-1024x768.jpeg\" alt=\"\" class=\"wp-image-52837\" srcset=\"https:\/\/minatitlan.tecnm.mx\/wp-content\/uploads\/2026\/01\/26012026_reinscripcion_4-1024x768.jpeg 1024w, https:\/\/minatitlan.tecnm.mx\/wp-content\/uploads\/2026\/01\/26012026_reinscripcion_4-300x225.jpeg 300w, https:\/\/minatitlan.tecnm.mx\/wp-content\/uploads\/2026\/01\/26012026_reinscripcion_4-768x576.jpeg 768w, https:\/\/minatitlan.tecnm.mx\/wp-content\/uploads\/2026\/01\/26012026_reinscripcion_4-1536x1152.jpeg 1536w, https:\/\/minatitlan.tecnm.mx\/wp-content\/uploads\/2026\/01\/26012026_reinscripcion_4-2048x1536.jpeg 2048w\" sizes=\"auto, (max-width: 1024px) 100vw, 1024px\" \/><\/figure>\n\n\n\n<figure class=\"wp-block-image size-large\"><img loading=\"lazy\" decoding=\"async\" width=\"1024\" height=\"768\" data-id=\"52838\" src=\"https:\/\/minatitlan.tecnm.mx\/wp-content\/uploads\/2026\/01\/26012026_reinscripcion_5-1024x768.jpeg\" alt=\"\" class=\"wp-image-52838\" srcset=\"https:\/\/minatitlan.tecnm.mx\/wp-content\/uploads\/2026\/01\/26012026_reinscripcion_5-1024x768.jpeg 1024w, https:\/\/minatitlan.tecnm.mx\/wp-content\/uploads\/2026\/01\/26012026_reinscripcion_5-300x225.jpeg 300w, https:\/\/minatitlan.tecnm.mx\/wp-content\/uploads\/2026\/01\/26012026_reinscripcion_5-768x576.jpeg 768w, https:\/\/minatitlan.tecnm.mx\/wp-content\/uploads\/2026\/01\/26012026_reinscripcion_5-1536x1152.jpeg 1536w, https:\/\/minatitlan.tecnm.mx\/wp-content\/uploads\/2026\/01\/26012026_reinscripcion_5-2048x1536.jpeg 2048w\" sizes=\"auto, (max-width: 1024px) 100vw, 1024px\" \/><\/figure>\n\n\n\n<figure class=\"wp-block-image size-large\"><img loading=\"lazy\" decoding=\"async\" width=\"1024\" height=\"768\" data-id=\"52839\" src=\"https:\/\/minatitlan.tecnm.mx\/wp-content\/uploads\/2026\/01\/26012026_reinscripcion_6-1024x768.jpeg\" alt=\"\" class=\"wp-image-52839\" srcset=\"https:\/\/minatitlan.tecnm.mx\/wp-content\/uploads\/2026\/01\/26012026_reinscripcion_6-1024x768.jpeg 1024w, https:\/\/minatitlan.tecnm.mx\/wp-content\/uploads\/2026\/01\/26012026_reinscripcion_6-300x225.jpeg 300w, https:\/\/minatitlan.tecnm.mx\/wp-content\/uploads\/2026\/01\/26012026_reinscripcion_6-768x576.jpeg 768w, https:\/\/minatitlan.tecnm.mx\/wp-content\/uploads\/2026\/01\/26012026_reinscripcion_6-1536x1152.jpeg 1536w, https:\/\/minatitlan.tecnm.mx\/wp-content\/uploads\/2026\/01\/26012026_reinscripcion_6-2048x1536.jpeg 2048w\" sizes=\"auto, (max-width: 1024px) 100vw, 1024px\" \/><\/figure>\n\n\n\n<figure class=\"wp-block-image size-large\"><img loading=\"lazy\" decoding=\"async\" width=\"1024\" height=\"768\" data-id=\"52840\" src=\"https:\/\/minatitlan.tecnm.mx\/wp-content\/uploads\/2026\/01\/26012026_reinscripcion_7-1024x768.jpeg\" alt=\"\" class=\"wp-image-52840\" srcset=\"https:\/\/minatitlan.tecnm.mx\/wp-content\/uploads\/2026\/01\/26012026_reinscripcion_7-1024x768.jpeg 1024w, https:\/\/minatitlan.tecnm.mx\/wp-content\/uploads\/2026\/01\/26012026_reinscripcion_7-300x225.jpeg 300w, https:\/\/minatitlan.tecnm.mx\/wp-content\/uploads\/2026\/01\/26012026_reinscripcion_7-768x576.jpeg 768w, https:\/\/minatitlan.tecnm.mx\/wp-content\/uploads\/2026\/01\/26012026_reinscripcion_7-1536x1152.jpeg 1536w, https:\/\/minatitlan.tecnm.mx\/wp-content\/uploads\/2026\/01\/26012026_reinscripcion_7-2048x1536.jpeg 2048w\" sizes=\"auto, (max-width: 1024px) 100vw, 1024px\" \/><\/figure>\n\n\n\n<figure class=\"wp-block-image size-large\"><img loading=\"lazy\" decoding=\"async\" width=\"1024\" height=\"768\" data-id=\"52841\" src=\"https:\/\/minatitlan.tecnm.mx\/wp-content\/uploads\/2026\/01\/26012026_reinscripcion_8-1024x768.jpeg\" alt=\"\" class=\"wp-image-52841\" srcset=\"https:\/\/minatitlan.tecnm.mx\/wp-content\/uploads\/2026\/01\/26012026_reinscripcion_8-1024x768.jpeg 1024w, https:\/\/minatitlan.tecnm.mx\/wp-content\/uploads\/2026\/01\/26012026_reinscripcion_8-300x225.jpeg 300w, https:\/\/minatitlan.tecnm.mx\/wp-content\/uploads\/2026\/01\/26012026_reinscripcion_8-768x576.jpeg 768w, https:\/\/minatitlan.tecnm.mx\/wp-content\/uploads\/2026\/01\/26012026_reinscripcion_8-1536x1152.jpeg 1536w, https:\/\/minatitlan.tecnm.mx\/wp-content\/uploads\/2026\/01\/26012026_reinscripcion_8-2048x1536.jpeg 2048w\" sizes=\"auto, (max-width: 1024px) 100vw, 1024px\" \/><\/figure>\n\n\n\n<figure class=\"wp-block-image size-large\"><img loading=\"lazy\" decoding=\"async\" width=\"1024\" height=\"768\" data-id=\"52843\" src=\"https:\/\/minatitlan.tecnm.mx\/wp-content\/uploads\/2026\/01\/26012026_reinscripcion_10-1024x768.jpeg\" alt=\"\" class=\"wp-image-52843\" srcset=\"https:\/\/minatitlan.tecnm.mx\/wp-content\/uploads\/2026\/01\/26012026_reinscripcion_10-1024x768.jpeg 1024w, https:\/\/minatitlan.tecnm.mx\/wp-content\/uploads\/2026\/01\/26012026_reinscripcion_10-300x225.jpeg 300w, https:\/\/minatitlan.tecnm.mx\/wp-content\/uploads\/2026\/01\/26012026_reinscripcion_10-768x576.jpeg 768w, https:\/\/minatitlan.tecnm.mx\/wp-content\/uploads\/2026\/01\/26012026_reinscripcion_10-1536x1152.jpeg 1536w, https:\/\/minatitlan.tecnm.mx\/wp-content\/uploads\/2026\/01\/26012026_reinscripcion_10-2048x1536.jpeg 2048w\" sizes=\"auto, (max-width: 1024px) 100vw, 1024px\" \/><\/figure>\n\n\n\n<figure class=\"wp-block-image size-large\"><img loading=\"lazy\" decoding=\"async\" width=\"1024\" height=\"768\" data-id=\"52842\" src=\"https:\/\/minatitlan.tecnm.mx\/wp-content\/uploads\/2026\/01\/26012026_reinscripcion_9-1024x768.jpeg\" alt=\"\" class=\"wp-image-52842\" srcset=\"https:\/\/minatitlan.tecnm.mx\/wp-content\/uploads\/2026\/01\/26012026_reinscripcion_9-1024x768.jpeg 1024w, https:\/\/minatitlan.tecnm.mx\/wp-content\/uploads\/2026\/01\/26012026_reinscripcion_9-300x225.jpeg 300w, https:\/\/minatitlan.tecnm.mx\/wp-content\/uploads\/2026\/01\/26012026_reinscripcion_9-768x576.jpeg 768w, https:\/\/minatitlan.tecnm.mx\/wp-content\/uploads\/2026\/01\/26012026_reinscripcion_9-1536x1152.jpeg 1536w, https:\/\/minatitlan.tecnm.mx\/wp-content\/uploads\/2026\/01\/26012026_reinscripcion_9-2048x1536.jpeg 2048w\" sizes=\"auto, (max-width: 1024px) 100vw, 1024px\" \/><\/figure>\n\n\n\n<figure class=\"wp-block-image size-large\"><img loading=\"lazy\" decoding=\"async\" width=\"1024\" height=\"768\" data-id=\"52844\" src=\"https:\/\/minatitlan.tecnm.mx\/wp-content\/uploads\/2026\/01\/26012026_reinscripcion_11-1024x768.jpeg\" alt=\"\" class=\"wp-image-52844\" srcset=\"https:\/\/minatitlan.tecnm.mx\/wp-content\/uploads\/2026\/01\/26012026_reinscripcion_11-1024x768.jpeg 1024w, https:\/\/minatitlan.tecnm.mx\/wp-content\/uploads\/2026\/01\/26012026_reinscripcion_11-300x225.jpeg 300w, https:\/\/minatitlan.tecnm.mx\/wp-content\/uploads\/2026\/01\/26012026_reinscripcion_11-768x576.jpeg 768w, https:\/\/minatitlan.tecnm.mx\/wp-content\/uploads\/2026\/01\/26012026_reinscripcion_11-1536x1152.jpeg 1536w, https:\/\/minatitlan.tecnm.mx\/wp-content\/uploads\/2026\/01\/26012026_reinscripcion_11-2048x1536.jpeg 2048w\" sizes=\"auto, (max-width: 1024px) 100vw, 1024px\" \/><\/figure>\n\n\n\n<figure class=\"wp-block-image size-large\"><img loading=\"lazy\" decoding=\"async\" width=\"1024\" height=\"768\" data-id=\"52845\" src=\"https:\/\/minatitlan.tecnm.mx\/wp-content\/uploads\/2026\/01\/26012026_reinscripcion_12-1024x768.jpeg\" alt=\"\" class=\"wp-image-52845\" srcset=\"https:\/\/minatitlan.tecnm.mx\/wp-content\/uploads\/2026\/01\/26012026_reinscripcion_12-1024x768.jpeg 1024w, https:\/\/minatitlan.tecnm.mx\/wp-content\/uploads\/2026\/01\/26012026_reinscripcion_12-300x225.jpeg 300w, https:\/\/minatitlan.tecnm.mx\/wp-content\/uploads\/2026\/01\/26012026_reinscripcion_12-768x576.jpeg 768w, https:\/\/minatitlan.tecnm.mx\/wp-content\/uploads\/2026\/01\/26012026_reinscripcion_12-1536x1152.jpeg 1536w, https:\/\/minatitlan.tecnm.mx\/wp-content\/uploads\/2026\/01\/26012026_reinscripcion_12-2048x1536.jpeg 2048w\" sizes=\"auto, (max-width: 1024px) 100vw, 1024px\" \/><\/figure>\n\n\n\n<figure class=\"wp-block-image size-large\"><img loading=\"lazy\" decoding=\"async\" width=\"1024\" height=\"768\" data-id=\"52846\" src=\"https:\/\/minatitlan.tecnm.mx\/wp-content\/uploads\/2026\/01\/26012026_reinscripcion_13-1024x768.jpeg\" alt=\"\" class=\"wp-image-52846\" srcset=\"https:\/\/minatitlan.tecnm.mx\/wp-content\/uploads\/2026\/01\/26012026_reinscripcion_13-1024x768.jpeg 1024w, https:\/\/minatitlan.tecnm.mx\/wp-content\/uploads\/2026\/01\/26012026_reinscripcion_13-300x225.jpeg 300w, https:\/\/minatitlan.tecnm.mx\/wp-content\/uploads\/2026\/01\/26012026_reinscripcion_13-768x576.jpeg 768w, https:\/\/minatitlan.tecnm.mx\/wp-content\/uploads\/2026\/01\/26012026_reinscripcion_13-1536x1152.jpeg 1536w, https:\/\/minatitlan.tecnm.mx\/wp-content\/uploads\/2026\/01\/26012026_reinscripcion_13-2048x1536.jpeg 2048w\" sizes=\"auto, (max-width: 1024px) 100vw, 1024px\" \/><\/figure>\n<figcaption class=\"blocks-gallery-caption wp-element-caption\"><em>Orgullosamente TecMina.<\/em><\/figcaption><\/figure>\n","protected":false},"excerpt":{"rendered":"<p>Minatitl\u00e1n, Ver., 26\/01\/2026.- El Instituto Tecnol\u00f3gico de Minatitl\u00e1n dimos inicio al proceso de reinscripci\u00f3n correspondiente al semestre enero\u2013junio 2026, el cual se lleva a cabo del 26 al 30 de enero, con el objetivo de garantizar que nuestras y nuestros estudiantes contin\u00faen en tiempo y forma con su trayectoria acad\u00e9mica. De manera destacada, la Divisi\u00f3n [&hellip;]<\/p>\n","protected":false},"author":2,"featured_media":52834,"comment_status":"closed","ping_status":"open","sticky":false,"template":"","format":"standard","meta":{"advgb_blocks_editor_width":"","advgb_blocks_columns_visual_guide":"","footnotes":""},"categories":[12],"tags":[],"class_list":["post-52847","post","type-post","status-publish","format-standard","has-post-thumbnail","hentry","category-noticias"],"author_meta":{"display_name":"Comunicaci\u00f3n y Difusi\u00f3n","author_link":"https:\/\/minatitlan.tecnm.mx\/index.php\/author\/comunicacion-y-difusion\/"},"featured_img":"https:\/\/minatitlan.tecnm.mx\/wp-content\/uploads\/2026\/01\/26012026_reinscripcion_1-300x225.jpeg","coauthors":[],"tax_additional":{"categories":{"linked":["<a href=\"https:\/\/minatitlan.tecnm.mx\/index.php\/category\/noticias\/\" class=\"advgb-post-tax-term\">noticias<\/a>"],"unlinked":["<span class=\"advgb-post-tax-term\">noticias<\/span>"]}},"comment_count":"0","relative_dates":{"created":"Publicado 7 meses hace","modified":"Actualizado 7 meses hace"},"absolute_dates":{"created":"Publicado el 26 enero, 2026","modified":"Actualizado el 26 enero, 2026"},"absolute_dates_time":{"created":"Publicado el 26 enero, 2026 12:33 pm","modified":"Actualizado el 26 enero, 2026 12:36 pm"},"featured_img_caption":"","series_order":"","_links":{"self":[{"href":"https:\/\/minatitlan.tecnm.mx\/index.php\/wp-json\/wp\/v2\/posts\/52847","targetHints":{"allow":["GET"]}}],"collection":[{"href":"https:\/\/minatitlan.tecnm.mx\/index.php\/wp-json\/wp\/v2\/posts"}],"about":[{"href":"https:\/\/minatitlan.tecnm.mx\/index.php\/wp-json\/wp\/v2\/types\/post"}],"author":[{"embeddable":true,"href":"https:\/\/minatitlan.tecnm.mx\/index.php\/wp-json\/wp\/v2\/users\/2"}],"replies":[{"embeddable":true,"href":"https:\/\/minatitlan.tecnm.mx\/index.php\/wp-json\/wp\/v2\/comments?post=52847"}],"version-history":[{"count":2,"href":"https:\/\/minatitlan.tecnm.mx\/index.php\/wp-json\/wp\/v2\/posts\/52847\/revisions"}],"predecessor-version":[{"id":52849,"href":"https:\/\/minatitlan.tecnm.mx\/index.php\/wp-json\/wp\/v2\/posts\/52847\/revisions\/52849"}],"wp:featuredmedia":[{"embeddable":true,"href":"https:\/\/minatitlan.tecnm.mx\/index.php\/wp-json\/wp\/v2\/media\/52834"}],"wp:attachment":[{"href":"https:\/\/minatitlan.tecnm.mx\/index.php\/wp-json\/wp\/v2\/media?parent=52847"}],"wp:term":[{"taxonomy":"category","embeddable":true,"href":"https:\/\/minatitlan.tecnm.mx\/index.php\/wp-json\/wp\/v2\/categories?post=52847"},{"taxonomy":"post_tag","embeddable":true,"href":"https:\/\/minatitlan.tecnm.mx\/index.php\/wp-json\/wp\/v2\/tags?post=52847"}],"curies":[{"name":"wp","href":"https:\/\/api.w.org\/{rel}","templated":true}]}}