{"id":53086,"date":"2026-02-04T16:57:32","date_gmt":"2026-02-04T22:57:32","guid":{"rendered":"https:\/\/minatitlan.tecnm.mx\/?p=53086"},"modified":"2026-02-04T16:57:33","modified_gmt":"2026-02-04T22:57:33","slug":"alfabetizatec-continua-transformando-vidas-en-el-tecnologico-de-minatitlan","status":"publish","type":"post","link":"https:\/\/minatitlan.tecnm.mx\/index.php\/alfabetizatec-continua-transformando-vidas-en-el-tecnologico-de-minatitlan\/","title":{"rendered":"ALFABETIZATEC CONTIN\u00daA TRANSFORMANDO VIDAS EN EL TECNOL\u00d3GICO DE MINATITL\u00c1N"},"content":{"rendered":"<p style=\"text-align: justify;\"><span class=\"s1\"><button id=\"listenButton1\" class=\"responsivevoice-button\" type=\"button\" value=\"Play\" title=\"ResponsiveVoice Tap to Start\/Stop Speech\"><span>&#128266; Clic para Narrar Texto<\/span><\/button>\n        <script>\n            listenButton1.onclick = function(){\n                if(responsiveVoice.isPlaying()){\n                    responsiveVoice.cancel();\n                }else{\n                    responsiveVoice.speak(\"Minatitl\u00e1n, Ver., 20\/01\/2026.- Como parte de la actividades de gran impacto nacional e internacional como es la Estrategia Institucional AlfabetizaTec, que impulsa nuestro Director General del Tecnol\u00f3gico Nacional de M\u00e9xico (TecNM), el Prof. Ram\u00f3n Jim\u00e9nez L\u00f3pez, la ma\u00f1ana de este d\u00eda se llev\u00f3 a cabo la aplicaci\u00f3n de 56 ex\u00e1menes de alfabetizaci\u00f3n a personas adultas provenientes de los municipios de Minatitl\u00e1n y Cosoleacaque, quienes se dieron cita desde tempranas horas en el aula especializada de AlfabetizaTec de nuestro Instituto Tecnol\u00f3gico de Minatitl\u00e1n. Las y los educandos participaron en esta jornada acad\u00e9mica en un espacio dise\u00f1ado espec\u00edficamente para el desarrollo de estas actividades, siendo el Tecnol\u00f3gico de Minatitl\u00e1n el \u00fanico instituto del pa\u00eds que cuenta con un aula especializada dedicada exclusivamente al programa AlfabetizaTec, lo que lo posiciona como un referente nacional en iniciativas de alfabetizaci\u00f3n con enfoque social. El programa AlfabetizaTec se ha consolidado como un caso de \u00e9xito a nivel nacional, al contribuir de manera directa a la mejora de la calidad de vida de personas adultas que, por diversas circunstancias, no tuvieron acceso oportuno a la educaci\u00f3n b\u00e1sica. Este esfuerzo refleja el compromiso del TecNM con la formaci\u00f3n de ciudadanos socialmente responsables, solidarios y comprometidos con el desarrollo regional y nacional. Gracias al trabajo colaborativo de la comunidad educativa del Instituto Tecnol\u00f3gico de Minatitl\u00e1n, y bajo el liderazgo de nuestro Director, el Mtro. Sergio Fernando Garibay Armenta, el programa AlfabetizaTec contin\u00faa demostrando que la educaci\u00f3n tecnol\u00f3gica tambi\u00e9n es un motor de transformaci\u00f3n social, colocando el conocimiento al servicio de quienes m\u00e1s lo necesitan. Cabe destacar que el Tecnol\u00f3gico de Minatitl\u00e1n es el \u00fanico instituto del pa\u00eds que, desde la implementaci\u00f3n de este programa, ha entregado m\u00e1s de 200 certificados de primaria y secundaria, consolid\u00e1ndose como un referente nacional en iniciativas de alfabetizaci\u00f3n con impacto social. Reafirmando as\u00ed nuestro compromiso con el bienestar de la comunidad, la justicia social y la construcci\u00f3n de una sociedad m\u00e1s equitativa, haciendo de AlfabetizaTec una fuente permanente de orgullo institucional y un ejemplo del impacto positivo que la educaci\u00f3n p\u00fablica puede generar en la vida de las personas. cgbs Orgullosamente\", \"Spanish Latin American Female\");\n                }\n            };\n        <\/script>\n    <\/span><\/p>\n<p style=\"font-weight: 400; text-align: justify;\"><strong><em>Minatitl\u00e1n, Ver., 20\/01\/2026.-<\/em><\/strong> Como parte de la actividades de gran impacto nacional e internacional como es la Estrategia Institucional AlfabetizaTec, que impulsa nuestro Director General del Tecnol\u00f3gico Nacional de M\u00e9xico (TecNM), el Prof. Ram\u00f3n Jim\u00e9nez L\u00f3pez, la ma\u00f1ana de este d\u00eda se llev\u00f3 a cabo la aplicaci\u00f3n de 56 ex\u00e1menes de alfabetizaci\u00f3n a personas adultas provenientes de los municipios de Minatitl\u00e1n y Cosoleacaque, quienes se dieron cita desde tempranas horas en el aula especializada de AlfabetizaTec de nuestro Instituto Tecnol\u00f3gico de Minatitl\u00e1n.<\/p>\n<p style=\"font-weight: 400; text-align: justify;\">Las y los educandos participaron en esta jornada acad\u00e9mica en un espacio dise\u00f1ado espec\u00edficamente para el desarrollo de estas actividades, siendo el Tecnol\u00f3gico de Minatitl\u00e1n el \u00fanico instituto del pa\u00eds que cuenta con un aula especializada dedicada exclusivamente al programa AlfabetizaTec, lo que lo posiciona como un referente nacional en iniciativas de alfabetizaci\u00f3n con enfoque social.<\/p>\n<p style=\"font-weight: 400; text-align: justify;\">El programa AlfabetizaTec se ha consolidado como un caso de \u00e9xito a nivel nacional, al contribuir de manera directa a la mejora de la calidad de vida de personas adultas que, por diversas circunstancias, no tuvieron acceso oportuno a la educaci\u00f3n b\u00e1sica. Este esfuerzo refleja el compromiso del TecNM con la formaci\u00f3n de ciudadanos socialmente responsables, solidarios y comprometidos con el desarrollo regional y nacional.<\/p>\n<p style=\"font-weight: 400; text-align: justify;\">Gracias al trabajo colaborativo de la comunidad educativa del Instituto Tecnol\u00f3gico de Minatitl\u00e1n, y bajo el liderazgo de nuestro Director, el Mtro. Sergio Fernando Garibay Armenta, el programa AlfabetizaTec contin\u00faa demostrando que la educaci\u00f3n tecnol\u00f3gica tambi\u00e9n es un motor de transformaci\u00f3n social, colocando el conocimiento al servicio de quienes m\u00e1s lo necesitan.<\/p>\n<p style=\"font-weight: 400; text-align: justify;\">Cabe destacar que el Tecnol\u00f3gico de Minatitl\u00e1n es el \u00fanico instituto del pa\u00eds que, desde la implementaci\u00f3n de este programa, ha entregado m\u00e1s de 200 certificados de primaria y secundaria, consolid\u00e1ndose como un referente nacional en iniciativas de alfabetizaci\u00f3n con impacto social. Reafirmando as\u00ed nuestro compromiso con el bienestar de la comunidad, la justicia social y la construcci\u00f3n de una sociedad m\u00e1s equitativa, haciendo de AlfabetizaTec una fuente permanente de orgullo institucional y un ejemplo del impacto positivo que la educaci\u00f3n p\u00fablica puede generar en la vida de las personas.<\/p>\n<p style=\"text-align: justify;\">cgbs<\/p>\n\n\n<figure class=\"wp-block-gallery has-nested-images columns-4 is-cropped wp-block-gallery-1 is-layout-flex wp-block-gallery-is-layout-flex\">\n<figure class=\"wp-block-image size-large\"><img loading=\"lazy\" decoding=\"async\" width=\"1024\" height=\"768\" data-id=\"53080\" src=\"https:\/\/minatitlan.tecnm.mx\/wp-content\/uploads\/2026\/02\/20012026_alfabetizame_3-1024x768.jpeg\" alt=\"\" class=\"wp-image-53080\" srcset=\"https:\/\/minatitlan.tecnm.mx\/wp-content\/uploads\/2026\/02\/20012026_alfabetizame_3-1024x768.jpeg 1024w, https:\/\/minatitlan.tecnm.mx\/wp-content\/uploads\/2026\/02\/20012026_alfabetizame_3-300x225.jpeg 300w, https:\/\/minatitlan.tecnm.mx\/wp-content\/uploads\/2026\/02\/20012026_alfabetizame_3-768x576.jpeg 768w, https:\/\/minatitlan.tecnm.mx\/wp-content\/uploads\/2026\/02\/20012026_alfabetizame_3-1536x1152.jpeg 1536w, https:\/\/minatitlan.tecnm.mx\/wp-content\/uploads\/2026\/02\/20012026_alfabetizame_3-2048x1536.jpeg 2048w\" sizes=\"auto, (max-width: 1024px) 100vw, 1024px\" \/><\/figure>\n\n\n\n<figure class=\"wp-block-image size-large\"><img loading=\"lazy\" decoding=\"async\" width=\"1024\" height=\"768\" data-id=\"53079\" src=\"https:\/\/minatitlan.tecnm.mx\/wp-content\/uploads\/2026\/02\/20012026_alfabetizame_2-1024x768.jpeg\" alt=\"\" class=\"wp-image-53079\" srcset=\"https:\/\/minatitlan.tecnm.mx\/wp-content\/uploads\/2026\/02\/20012026_alfabetizame_2-1024x768.jpeg 1024w, https:\/\/minatitlan.tecnm.mx\/wp-content\/uploads\/2026\/02\/20012026_alfabetizame_2-300x225.jpeg 300w, https:\/\/minatitlan.tecnm.mx\/wp-content\/uploads\/2026\/02\/20012026_alfabetizame_2-768x576.jpeg 768w, https:\/\/minatitlan.tecnm.mx\/wp-content\/uploads\/2026\/02\/20012026_alfabetizame_2-1536x1152.jpeg 1536w, https:\/\/minatitlan.tecnm.mx\/wp-content\/uploads\/2026\/02\/20012026_alfabetizame_2-2048x1536.jpeg 2048w\" sizes=\"auto, (max-width: 1024px) 100vw, 1024px\" \/><\/figure>\n\n\n\n<figure class=\"wp-block-image size-large\"><img loading=\"lazy\" decoding=\"async\" width=\"1024\" height=\"768\" data-id=\"53082\" src=\"https:\/\/minatitlan.tecnm.mx\/wp-content\/uploads\/2026\/02\/20012026_alfabetizame_5-1024x768.jpeg\" alt=\"\" class=\"wp-image-53082\" srcset=\"https:\/\/minatitlan.tecnm.mx\/wp-content\/uploads\/2026\/02\/20012026_alfabetizame_5-1024x768.jpeg 1024w, https:\/\/minatitlan.tecnm.mx\/wp-content\/uploads\/2026\/02\/20012026_alfabetizame_5-300x225.jpeg 300w, https:\/\/minatitlan.tecnm.mx\/wp-content\/uploads\/2026\/02\/20012026_alfabetizame_5-768x576.jpeg 768w, https:\/\/minatitlan.tecnm.mx\/wp-content\/uploads\/2026\/02\/20012026_alfabetizame_5-1536x1152.jpeg 1536w, https:\/\/minatitlan.tecnm.mx\/wp-content\/uploads\/2026\/02\/20012026_alfabetizame_5-2048x1536.jpeg 2048w\" sizes=\"auto, (max-width: 1024px) 100vw, 1024px\" \/><\/figure>\n\n\n\n<figure class=\"wp-block-image size-large\"><img loading=\"lazy\" decoding=\"async\" width=\"1024\" height=\"768\" data-id=\"53081\" src=\"https:\/\/minatitlan.tecnm.mx\/wp-content\/uploads\/2026\/02\/20012026_alfabetizame_4-1024x768.jpeg\" alt=\"\" class=\"wp-image-53081\" srcset=\"https:\/\/minatitlan.tecnm.mx\/wp-content\/uploads\/2026\/02\/20012026_alfabetizame_4-1024x768.jpeg 1024w, https:\/\/minatitlan.tecnm.mx\/wp-content\/uploads\/2026\/02\/20012026_alfabetizame_4-300x225.jpeg 300w, https:\/\/minatitlan.tecnm.mx\/wp-content\/uploads\/2026\/02\/20012026_alfabetizame_4-768x576.jpeg 768w, https:\/\/minatitlan.tecnm.mx\/wp-content\/uploads\/2026\/02\/20012026_alfabetizame_4-1536x1152.jpeg 1536w, https:\/\/minatitlan.tecnm.mx\/wp-content\/uploads\/2026\/02\/20012026_alfabetizame_4-2048x1536.jpeg 2048w\" sizes=\"auto, (max-width: 1024px) 100vw, 1024px\" \/><\/figure>\n\n\n\n<figure class=\"wp-block-image size-large\"><img loading=\"lazy\" decoding=\"async\" width=\"1024\" height=\"768\" data-id=\"53083\" src=\"https:\/\/minatitlan.tecnm.mx\/wp-content\/uploads\/2026\/02\/20012026_alfabetizame_6-1024x768.jpeg\" alt=\"\" class=\"wp-image-53083\" srcset=\"https:\/\/minatitlan.tecnm.mx\/wp-content\/uploads\/2026\/02\/20012026_alfabetizame_6-1024x768.jpeg 1024w, https:\/\/minatitlan.tecnm.mx\/wp-content\/uploads\/2026\/02\/20012026_alfabetizame_6-300x225.jpeg 300w, https:\/\/minatitlan.tecnm.mx\/wp-content\/uploads\/2026\/02\/20012026_alfabetizame_6-768x576.jpeg 768w, https:\/\/minatitlan.tecnm.mx\/wp-content\/uploads\/2026\/02\/20012026_alfabetizame_6-1536x1152.jpeg 1536w, https:\/\/minatitlan.tecnm.mx\/wp-content\/uploads\/2026\/02\/20012026_alfabetizame_6-2048x1536.jpeg 2048w\" sizes=\"auto, (max-width: 1024px) 100vw, 1024px\" \/><\/figure>\n\n\n\n<figure class=\"wp-block-image size-large\"><img loading=\"lazy\" decoding=\"async\" width=\"1024\" height=\"768\" data-id=\"53084\" src=\"https:\/\/minatitlan.tecnm.mx\/wp-content\/uploads\/2026\/02\/20012026_alfabetizame_7-1024x768.jpeg\" alt=\"\" class=\"wp-image-53084\" srcset=\"https:\/\/minatitlan.tecnm.mx\/wp-content\/uploads\/2026\/02\/20012026_alfabetizame_7-1024x768.jpeg 1024w, https:\/\/minatitlan.tecnm.mx\/wp-content\/uploads\/2026\/02\/20012026_alfabetizame_7-300x225.jpeg 300w, https:\/\/minatitlan.tecnm.mx\/wp-content\/uploads\/2026\/02\/20012026_alfabetizame_7-768x576.jpeg 768w, https:\/\/minatitlan.tecnm.mx\/wp-content\/uploads\/2026\/02\/20012026_alfabetizame_7-1536x1152.jpeg 1536w, https:\/\/minatitlan.tecnm.mx\/wp-content\/uploads\/2026\/02\/20012026_alfabetizame_7-2048x1536.jpeg 2048w\" sizes=\"auto, (max-width: 1024px) 100vw, 1024px\" \/><\/figure>\n\n\n\n<figure class=\"wp-block-image size-large\"><img loading=\"lazy\" decoding=\"async\" width=\"1024\" height=\"768\" data-id=\"53085\" src=\"https:\/\/minatitlan.tecnm.mx\/wp-content\/uploads\/2026\/02\/20012026_alfabetizame_8-1024x768.jpeg\" alt=\"\" class=\"wp-image-53085\" srcset=\"https:\/\/minatitlan.tecnm.mx\/wp-content\/uploads\/2026\/02\/20012026_alfabetizame_8-1024x768.jpeg 1024w, https:\/\/minatitlan.tecnm.mx\/wp-content\/uploads\/2026\/02\/20012026_alfabetizame_8-300x225.jpeg 300w, https:\/\/minatitlan.tecnm.mx\/wp-content\/uploads\/2026\/02\/20012026_alfabetizame_8-768x576.jpeg 768w, https:\/\/minatitlan.tecnm.mx\/wp-content\/uploads\/2026\/02\/20012026_alfabetizame_8-1536x1152.jpeg 1536w, https:\/\/minatitlan.tecnm.mx\/wp-content\/uploads\/2026\/02\/20012026_alfabetizame_8-2048x1536.jpeg 2048w\" sizes=\"auto, (max-width: 1024px) 100vw, 1024px\" \/><\/figure>\n<figcaption class=\"blocks-gallery-caption wp-element-caption\"><em>Orgullosamente <\/em><\/figcaption><\/figure>\n","protected":false},"excerpt":{"rendered":"<p>Minatitl\u00e1n, Ver., 20\/01\/2026.- Como parte de la actividades de gran impacto nacional e internacional como es la Estrategia Institucional AlfabetizaTec, que impulsa nuestro Director General del Tecnol\u00f3gico Nacional de M\u00e9xico (TecNM), el Prof. Ram\u00f3n Jim\u00e9nez L\u00f3pez, la ma\u00f1ana de este d\u00eda se llev\u00f3 a cabo la aplicaci\u00f3n de 56 ex\u00e1menes de alfabetizaci\u00f3n a personas adultas [&hellip;]<\/p>\n","protected":false},"author":2,"featured_media":53078,"comment_status":"closed","ping_status":"open","sticky":false,"template":"","format":"standard","meta":{"advgb_blocks_editor_width":"","advgb_blocks_columns_visual_guide":"","footnotes":""},"categories":[12],"tags":[],"class_list":["post-53086","post","type-post","status-publish","format-standard","has-post-thumbnail","hentry","category-noticias"],"author_meta":{"display_name":"Comunicaci\u00f3n y Difusi\u00f3n","author_link":"https:\/\/minatitlan.tecnm.mx\/index.php\/author\/comunicacion-y-difusion\/"},"featured_img":"https:\/\/minatitlan.tecnm.mx\/wp-content\/uploads\/2026\/02\/20012026_alfabetizame_1-300x225.jpeg","coauthors":[],"tax_additional":{"categories":{"linked":["<a href=\"https:\/\/minatitlan.tecnm.mx\/index.php\/category\/noticias\/\" class=\"advgb-post-tax-term\">noticias<\/a>"],"unlinked":["<span class=\"advgb-post-tax-term\">noticias<\/span>"]}},"comment_count":"0","relative_dates":{"created":"Publicado 7 meses hace","modified":"Actualizado 7 meses hace"},"absolute_dates":{"created":"Publicado el 4 febrero, 2026","modified":"Actualizado el 4 febrero, 2026"},"absolute_dates_time":{"created":"Publicado el 4 febrero, 2026 4:57 pm","modified":"Actualizado el 4 febrero, 2026 4:57 pm"},"featured_img_caption":"","series_order":"","_links":{"self":[{"href":"https:\/\/minatitlan.tecnm.mx\/index.php\/wp-json\/wp\/v2\/posts\/53086","targetHints":{"allow":["GET"]}}],"collection":[{"href":"https:\/\/minatitlan.tecnm.mx\/index.php\/wp-json\/wp\/v2\/posts"}],"about":[{"href":"https:\/\/minatitlan.tecnm.mx\/index.php\/wp-json\/wp\/v2\/types\/post"}],"author":[{"embeddable":true,"href":"https:\/\/minatitlan.tecnm.mx\/index.php\/wp-json\/wp\/v2\/users\/2"}],"replies":[{"embeddable":true,"href":"https:\/\/minatitlan.tecnm.mx\/index.php\/wp-json\/wp\/v2\/comments?post=53086"}],"version-history":[{"count":1,"href":"https:\/\/minatitlan.tecnm.mx\/index.php\/wp-json\/wp\/v2\/posts\/53086\/revisions"}],"predecessor-version":[{"id":53087,"href":"https:\/\/minatitlan.tecnm.mx\/index.php\/wp-json\/wp\/v2\/posts\/53086\/revisions\/53087"}],"wp:featuredmedia":[{"embeddable":true,"href":"https:\/\/minatitlan.tecnm.mx\/index.php\/wp-json\/wp\/v2\/media\/53078"}],"wp:attachment":[{"href":"https:\/\/minatitlan.tecnm.mx\/index.php\/wp-json\/wp\/v2\/media?parent=53086"}],"wp:term":[{"taxonomy":"category","embeddable":true,"href":"https:\/\/minatitlan.tecnm.mx\/index.php\/wp-json\/wp\/v2\/categories?post=53086"},{"taxonomy":"post_tag","embeddable":true,"href":"https:\/\/minatitlan.tecnm.mx\/index.php\/wp-json\/wp\/v2\/tags?post=53086"}],"curies":[{"name":"wp","href":"https:\/\/api.w.org\/{rel}","templated":true}]}}