{"id":56691,"date":"2026-05-31T17:54:45","date_gmt":"2026-05-31T23:54:45","guid":{"rendered":"https:\/\/minatitlan.tecnm.mx\/?p=56691"},"modified":"2026-05-31T17:54:47","modified_gmt":"2026-05-31T23:54:47","slug":"ultimo-dia-para-realizar-tu-evaluacion-docente","status":"publish","type":"post","link":"https:\/\/minatitlan.tecnm.mx\/index.php\/ultimo-dia-para-realizar-tu-evaluacion-docente\/","title":{"rendered":"\u00a1\u00daLTIMO D\u00cdA PARA REALIZAR TU EVALUACI\u00d3N DOCENTE!\u00a0"},"content":{"rendered":"<p style=\"text-align: justify;\"><span class=\"s1\"><button id=\"listenButton1\" class=\"responsivevoice-button\" type=\"button\" value=\"Play\" title=\"ResponsiveVoice Tap to Start\/Stop Speech\"><span>&#128266; Clic para Narrar Texto<\/span><\/button>\n        <script>\n            listenButton1.onclick = function(){\n                if(responsiveVoice.isPlaying()){\n                    responsiveVoice.cancel();\n                }else{\n                    responsiveVoice.speak(\"Hoy, 31 de mayo, concluye el periodo para realizar la Evaluaci\u00f3n Docente correspondiente al semestre Enero \u2013 Junio 2026. Recuerda que este proceso es un requisito indispensable para efectuar tu inscripci\u00f3n al pr\u00f3ximo semestre, as\u00ed como para realizar cualquier tr\u00e1mite administrativo dentro del Instituto Tecnol\u00f3gico de Minatitl\u00e1n. Tu participaci\u00f3n contribuye al fortalecimiento de la calidad educativa y a la mejora continua de nuestros procesos acad\u00e9micos. \u00bfA\u00fan no la realizas? Ingresa a tu cuenta de SIE, selecciona la opci\u00f3n \\\"Evaluaci\u00f3n Docente\\\" y completa la encuesta. \u00a1Te tomar\u00e1 solo unos minutos! No lo dejes para despu\u00e9s. Hoy es la fecha l\u00edmite. \u00a1Participa y cumple con este importante requisito!\", \"Spanish Latin American Female\");\n                }\n            };\n        <\/script>\n    <\/span><\/p>\n<p style=\"font-weight: 400; text-align: justify;\"><strong>Hoy, 31 de mayo, concluye el periodo para realizar la Evaluaci\u00f3n Docente correspondiente al semestre Enero \u2013 Junio 2026.<\/strong><\/p>\n<p style=\"font-weight: 400; text-align: justify;\">Recuerda que este proceso es un requisito indispensable para efectuar tu inscripci\u00f3n al pr\u00f3ximo semestre, as\u00ed como para realizar cualquier tr\u00e1mite administrativo dentro del Instituto Tecnol\u00f3gico de Minatitl\u00e1n.<\/p>\n<p style=\"font-weight: 400; text-align: justify;\">Tu participaci\u00f3n contribuye al fortalecimiento de la calidad educativa y a la mejora continua de nuestros procesos acad\u00e9micos.<\/p>\n<p style=\"font-weight: 400; text-align: justify;\"><em><strong>\u00bfA\u00fan no la realizas?<\/strong><\/em><\/p>\n<ul>\n<li style=\"font-weight: 400; text-align: justify;\">Ingresa a tu cuenta de SIE, selecciona la opci\u00f3n &#8220;Evaluaci\u00f3n Docente&#8221; y completa la encuesta. \u00a1Te tomar\u00e1 solo unos minutos!<\/li>\n<li style=\"font-weight: 400; text-align: justify;\">No lo dejes para despu\u00e9s. Hoy es la fecha l\u00edmite. \u00a1Participa y cumple con este importante requisito!<\/li>\n<\/ul>\n","protected":false},"excerpt":{"rendered":"<p>Hoy, 31 de mayo, concluye el periodo para realizar la Evaluaci\u00f3n Docente correspondiente al semestre Enero \u2013 Junio 2026. Recuerda que este proceso es un requisito indispensable para efectuar tu inscripci\u00f3n al pr\u00f3ximo semestre, as\u00ed como para realizar cualquier tr\u00e1mite administrativo dentro del Instituto Tecnol\u00f3gico de Minatitl\u00e1n. Tu participaci\u00f3n contribuye al fortalecimiento de la calidad [&hellip;]<\/p>\n","protected":false},"author":2,"featured_media":56689,"comment_status":"closed","ping_status":"open","sticky":false,"template":"","format":"standard","meta":{"advgb_blocks_editor_width":"","advgb_blocks_columns_visual_guide":"","footnotes":""},"categories":[12],"tags":[],"class_list":["post-56691","post","type-post","status-publish","format-standard","has-post-thumbnail","hentry","category-noticias"],"author_meta":{"display_name":"Comunicaci\u00f3n y Difusi\u00f3n","author_link":"https:\/\/minatitlan.tecnm.mx\/index.php\/author\/comunicacion-y-difusion\/"},"featured_img":"https:\/\/minatitlan.tecnm.mx\/wp-content\/uploads\/2026\/05\/31052026_mayanin_sibaja_-287x300.jpg","coauthors":[],"tax_additional":{"categories":{"linked":["<a href=\"https:\/\/minatitlan.tecnm.mx\/index.php\/category\/noticias\/\" class=\"advgb-post-tax-term\">noticias<\/a>"],"unlinked":["<span class=\"advgb-post-tax-term\">noticias<\/span>"]}},"comment_count":"0","relative_dates":{"created":"Publicado 3 meses hace","modified":"Actualizado 3 meses hace"},"absolute_dates":{"created":"Publicado el 31 mayo, 2026","modified":"Actualizado el 31 mayo, 2026"},"absolute_dates_time":{"created":"Publicado el 31 mayo, 2026 5:54 pm","modified":"Actualizado el 31 mayo, 2026 5:54 pm"},"featured_img_caption":"","series_order":"","_links":{"self":[{"href":"https:\/\/minatitlan.tecnm.mx\/index.php\/wp-json\/wp\/v2\/posts\/56691","targetHints":{"allow":["GET"]}}],"collection":[{"href":"https:\/\/minatitlan.tecnm.mx\/index.php\/wp-json\/wp\/v2\/posts"}],"about":[{"href":"https:\/\/minatitlan.tecnm.mx\/index.php\/wp-json\/wp\/v2\/types\/post"}],"author":[{"embeddable":true,"href":"https:\/\/minatitlan.tecnm.mx\/index.php\/wp-json\/wp\/v2\/users\/2"}],"replies":[{"embeddable":true,"href":"https:\/\/minatitlan.tecnm.mx\/index.php\/wp-json\/wp\/v2\/comments?post=56691"}],"version-history":[{"count":1,"href":"https:\/\/minatitlan.tecnm.mx\/index.php\/wp-json\/wp\/v2\/posts\/56691\/revisions"}],"predecessor-version":[{"id":56692,"href":"https:\/\/minatitlan.tecnm.mx\/index.php\/wp-json\/wp\/v2\/posts\/56691\/revisions\/56692"}],"wp:featuredmedia":[{"embeddable":true,"href":"https:\/\/minatitlan.tecnm.mx\/index.php\/wp-json\/wp\/v2\/media\/56689"}],"wp:attachment":[{"href":"https:\/\/minatitlan.tecnm.mx\/index.php\/wp-json\/wp\/v2\/media?parent=56691"}],"wp:term":[{"taxonomy":"category","embeddable":true,"href":"https:\/\/minatitlan.tecnm.mx\/index.php\/wp-json\/wp\/v2\/categories?post=56691"},{"taxonomy":"post_tag","embeddable":true,"href":"https:\/\/minatitlan.tecnm.mx\/index.php\/wp-json\/wp\/v2\/tags?post=56691"}],"curies":[{"name":"wp","href":"https:\/\/api.w.org\/{rel}","templated":true}]}}