{"id":59765,"date":"2026-09-02T19:00:00","date_gmt":"2026-09-03T01:00:00","guid":{"rendered":"https:\/\/minatitlan.tecnm.mx\/?p=59765"},"modified":"2026-09-02T18:29:51","modified_gmt":"2026-09-03T00:29:51","slug":"la-identidad-tecmina-llega-a-la-direccion-general-del-tecnm","status":"publish","type":"post","link":"https:\/\/minatitlan.tecnm.mx\/index.php\/la-identidad-tecmina-llega-a-la-direccion-general-del-tecnm\/","title":{"rendered":"LA IDENTIDAD TECMINA LLEGA A LA DIRECCI\u00d3N GENERAL DEL TECNM"},"content":{"rendered":"<p style=\"text-align: justify;\"><span class=\"s1\"><button id=\"listenButton1\" class=\"responsivevoice-button\" type=\"button\" value=\"Play\" title=\"ResponsiveVoice Tap to Start\/Stop Speech\"><span>&#128266; Clic para Narrar Texto<\/span><\/button>\n        <script>\n            listenButton1.onclick = function(){\n                if(responsiveVoice.isPlaying()){\n                    responsiveVoice.cancel();\n                }else{\n                    responsiveVoice.speak(\"Ciudad de M\u00e9xico, 31\/08\/2026.- El Director del Instituto Tecnol\u00f3gico de Minatitl\u00e1n, Dr. Gilberto Rodr\u00edguez Montufar, entreg\u00f3 al Director General del Tecnol\u00f3gico Nacional de M\u00e9xico, Prof. Ram\u00f3n Jim\u00e9nez L\u00f3pez, la playera institucional del TecMina, como parte de la estrategia \u201cPONTE LA PLAYERA DEL TECMINA\u201d, orientada a fortalecer la identidad y el sentido de pertenencia de nuestra comunidad estudiantil. Esta entrega dio continuidad al gesto simb\u00f3lico realizado a la distancia el pasado 26 de agosto y permiti\u00f3 compartir con el Director General una iniciativa que busca que nuestras y nuestros estudiantes reconozcan, desde el inicio de su formaci\u00f3n profesional, el valor de pertenecer a una instituci\u00f3n con m\u00e1s de cinco d\u00e9cadas de historia y, al mismo tiempo, a la gran comunidad del Tecnol\u00f3gico Nacional de M\u00e9xico. Durante el encuentro, el Prof. Ram\u00f3n Jim\u00e9nez L\u00f3pez envi\u00f3 un afectuoso saludo a la comunidad del Instituto Tecnol\u00f3gico de Minatitl\u00e1n y destac\u00f3 la importancia de continuar trabajando con unidad, compromiso y responsabilidad, sumando esfuerzos para seguir fortaleciendo a nuestra instituci\u00f3n y avanzar bajo los principios del Humanismo para la Justicia Social. M\u00e1s que una prenda, la playera representa el v\u00ednculo que nos une y el compromiso de llevar nuestros colores con responsabilidad. Hoy, la identidad del TecMina lleg\u00f3 hasta la Direcci\u00f3n General del TecNM como expresi\u00f3n de una Comunidad Halc\u00f3n que valora su historia, fortalece su presente y trabaja unida por su futuro. Porque ser TecMina se siente, se vive y se lleva con orgullo. cgbg Orgullosamente TecMina.\", \"Spanish Latin American Female\");\n                }\n            };\n        <\/script>\n    <\/span><\/p>\n<p style=\"font-weight: 400; text-align: justify;\"><strong><em>Ciudad de M\u00e9xico, 31\/08\/2026.-<\/em><\/strong> El Director del Instituto Tecnol\u00f3gico de Minatitl\u00e1n, Dr. Gilberto Rodr\u00edguez Montufar, entreg\u00f3 al Director General del Tecnol\u00f3gico Nacional de M\u00e9xico, Prof. Ram\u00f3n Jim\u00e9nez L\u00f3pez, la playera institucional del TecMina, como parte de la estrategia \u201cPONTE LA PLAYERA DEL TECMINA\u201d, orientada a fortalecer la identidad y el sentido de pertenencia de nuestra comunidad estudiantil.<\/p>\n<p style=\"font-weight: 400; text-align: justify;\">Esta entrega dio continuidad al gesto simb\u00f3lico realizado a la distancia el pasado 26 de agosto y permiti\u00f3 compartir con el Director General una iniciativa que busca que nuestras y nuestros estudiantes reconozcan, desde el inicio de su formaci\u00f3n profesional, el valor de pertenecer a una instituci\u00f3n con m\u00e1s de cinco d\u00e9cadas de historia y, al mismo tiempo, a la gran comunidad del Tecnol\u00f3gico Nacional de M\u00e9xico.<\/p>\n<p style=\"font-weight: 400; text-align: justify;\">Durante el encuentro, el Prof. Ram\u00f3n Jim\u00e9nez L\u00f3pez envi\u00f3 un afectuoso saludo a la comunidad del Instituto Tecnol\u00f3gico de Minatitl\u00e1n y destac\u00f3 la importancia de continuar trabajando con unidad, compromiso y responsabilidad, sumando esfuerzos para seguir fortaleciendo a nuestra instituci\u00f3n y avanzar bajo los principios del Humanismo para la Justicia Social.<\/p>\n<p style=\"font-weight: 400; text-align: justify;\">M\u00e1s que una prenda, la playera representa el v\u00ednculo que nos une y el compromiso de llevar nuestros colores con responsabilidad. Hoy, la identidad del TecMina lleg\u00f3 hasta la Direcci\u00f3n General del TecNM como expresi\u00f3n de una Comunidad Halc\u00f3n que valora su historia, fortalece su presente y trabaja unida por su futuro.<\/p>\n<p style=\"font-weight: 400; text-align: justify;\">Porque ser TecMina se siente, se vive y se lleva con orgullo.<\/p>\n<p style=\"text-align: justify;\">cgbg<\/p>\n\n\n<figure class=\"wp-block-gallery has-nested-images columns-default is-cropped wp-block-gallery-1 is-layout-flex wp-block-gallery-is-layout-flex\">\n<figure class=\"wp-block-image size-large\"><img loading=\"lazy\" decoding=\"async\" width=\"1024\" height=\"683\" data-id=\"59763\" src=\"https:\/\/minatitlan.tecnm.mx\/wp-content\/uploads\/2026\/09\/1_IMG_7084-1024x683.jpg\" alt=\"\" class=\"wp-image-59763\" srcset=\"https:\/\/minatitlan.tecnm.mx\/wp-content\/uploads\/2026\/09\/1_IMG_7084-1024x683.jpg 1024w, https:\/\/minatitlan.tecnm.mx\/wp-content\/uploads\/2026\/09\/1_IMG_7084-300x200.jpg 300w, https:\/\/minatitlan.tecnm.mx\/wp-content\/uploads\/2026\/09\/1_IMG_7084-768x512.jpg 768w, https:\/\/minatitlan.tecnm.mx\/wp-content\/uploads\/2026\/09\/1_IMG_7084-1536x1024.jpg 1536w, https:\/\/minatitlan.tecnm.mx\/wp-content\/uploads\/2026\/09\/1_IMG_7084-2048x1365.jpg 2048w\" sizes=\"auto, (max-width: 1024px) 100vw, 1024px\" \/><\/figure>\n<figcaption class=\"blocks-gallery-caption wp-element-caption\"><em>Orgullosamente TecMina.<\/em><\/figcaption><\/figure>\n","protected":false},"excerpt":{"rendered":"<p>Ciudad de M\u00e9xico, 31\/08\/2026.- El Director del Instituto Tecnol\u00f3gico de Minatitl\u00e1n, Dr. Gilberto Rodr\u00edguez Montufar, entreg\u00f3 al Director General del Tecnol\u00f3gico Nacional de M\u00e9xico, Prof. Ram\u00f3n Jim\u00e9nez L\u00f3pez, la playera institucional del TecMina, como parte de la estrategia \u201cPONTE LA PLAYERA DEL TECMINA\u201d, orientada a fortalecer la identidad y el sentido de pertenencia de nuestra [&hellip;]<\/p>\n","protected":false},"author":2,"featured_media":59764,"comment_status":"closed","ping_status":"open","sticky":false,"template":"","format":"standard","meta":{"advgb_blocks_editor_width":"","advgb_blocks_columns_visual_guide":"","footnotes":""},"categories":[12],"tags":[],"class_list":["post-59765","post","type-post","status-publish","format-standard","has-post-thumbnail","hentry","category-noticias"],"author_meta":{"display_name":"Comunicaci\u00f3n y Difusi\u00f3n","author_link":"https:\/\/minatitlan.tecnm.mx\/index.php\/author\/comunicacion-y-difusion\/"},"featured_img":"https:\/\/minatitlan.tecnm.mx\/wp-content\/uploads\/2026\/09\/0_-225x300.jpeg","coauthors":[],"tax_additional":{"categories":{"linked":["<a href=\"https:\/\/minatitlan.tecnm.mx\/index.php\/category\/noticias\/\" class=\"advgb-post-tax-term\">noticias<\/a>"],"unlinked":["<span class=\"advgb-post-tax-term\">noticias<\/span>"]}},"comment_count":"0","relative_dates":{"created":"Publicado 2 d\u00edas hace","modified":"Actualizado 2 d\u00edas hace"},"absolute_dates":{"created":"Publicado el 2 septiembre, 2026","modified":"Actualizado el 2 septiembre, 2026"},"absolute_dates_time":{"created":"Publicado el 2 septiembre, 2026 7:00 pm","modified":"Actualizado el 2 septiembre, 2026 6:29 pm"},"featured_img_caption":"","series_order":"","_links":{"self":[{"href":"https:\/\/minatitlan.tecnm.mx\/index.php\/wp-json\/wp\/v2\/posts\/59765","targetHints":{"allow":["GET"]}}],"collection":[{"href":"https:\/\/minatitlan.tecnm.mx\/index.php\/wp-json\/wp\/v2\/posts"}],"about":[{"href":"https:\/\/minatitlan.tecnm.mx\/index.php\/wp-json\/wp\/v2\/types\/post"}],"author":[{"embeddable":true,"href":"https:\/\/minatitlan.tecnm.mx\/index.php\/wp-json\/wp\/v2\/users\/2"}],"replies":[{"embeddable":true,"href":"https:\/\/minatitlan.tecnm.mx\/index.php\/wp-json\/wp\/v2\/comments?post=59765"}],"version-history":[{"count":1,"href":"https:\/\/minatitlan.tecnm.mx\/index.php\/wp-json\/wp\/v2\/posts\/59765\/revisions"}],"predecessor-version":[{"id":59766,"href":"https:\/\/minatitlan.tecnm.mx\/index.php\/wp-json\/wp\/v2\/posts\/59765\/revisions\/59766"}],"wp:featuredmedia":[{"embeddable":true,"href":"https:\/\/minatitlan.tecnm.mx\/index.php\/wp-json\/wp\/v2\/media\/59764"}],"wp:attachment":[{"href":"https:\/\/minatitlan.tecnm.mx\/index.php\/wp-json\/wp\/v2\/media?parent=59765"}],"wp:term":[{"taxonomy":"category","embeddable":true,"href":"https:\/\/minatitlan.tecnm.mx\/index.php\/wp-json\/wp\/v2\/categories?post=59765"},{"taxonomy":"post_tag","embeddable":true,"href":"https:\/\/minatitlan.tecnm.mx\/index.php\/wp-json\/wp\/v2\/tags?post=59765"}],"curies":[{"name":"wp","href":"https:\/\/api.w.org\/{rel}","templated":true}]}}